{"id":12194,"date":"2018-01-26T15:18:58","date_gmt":"2018-01-26T18:18:58","guid":{"rendered":"http:\/\/www.ilheusnoticias.net.br\/v1\/?p=12194"},"modified":"2018-01-26T15:18:58","modified_gmt":"2018-01-26T18:18:58","slug":"governador-cumpre-agenda-em-jequie-e-itabuna-nesta-segunda-feira","status":"publish","type":"post","link":"https:\/\/www.ilheusnoticias.net.br\/v1\/2018\/01\/26\/governador-cumpre-agenda-em-jequie-e-itabuna-nesta-segunda-feira\/","title":{"rendered":"Governador cumpre agenda em Jequi\u00e9 e Itabuna nesta segunda-feira"},"content":{"rendered":"<p class=\"x_MsoNormal\"><a href=\"http:\/\/www.ilheusnoticias.net.br\/v1\/wp-content\/uploads\/2017\/12\/thumbnail_Foto-Mateus-Pereira_GOVBA-2.jpg\" rel=\"attachment wp-att-11220\"><img loading=\"lazy\" class=\"aligncenter  wp-image-11220\" src=\"http:\/\/www.ilheusnoticias.net.br\/v1\/wp-content\/uploads\/2017\/12\/thumbnail_Foto-Mateus-Pereira_GOVBA-2.jpg\" alt=\"thumbnail_Foto Mateus Pereira_GOVBA (2)\" width=\"420\" height=\"280\" srcset=\"https:\/\/www.ilheusnoticias.net.br\/v1\/wp-content\/uploads\/2017\/12\/thumbnail_Foto-Mateus-Pereira_GOVBA-2.jpg 1280w, https:\/\/www.ilheusnoticias.net.br\/v1\/wp-content\/uploads\/2017\/12\/thumbnail_Foto-Mateus-Pereira_GOVBA-2-300x200.jpg 300w, https:\/\/www.ilheusnoticias.net.br\/v1\/wp-content\/uploads\/2017\/12\/thumbnail_Foto-Mateus-Pereira_GOVBA-2-1024x682.jpg 1024w\" sizes=\"(max-width: 420px) 100vw, 420px\" \/><\/a><\/p>\n<p class=\"x_MsoNormal\">\n<p class=\"x_MsoNormal\"><b>\u00a0<\/b>Nesta segunda-feira (29), o governador Rui Costa vai visitar os munic\u00edpios de Jequi\u00e9 e Itabuna. \u00c0s 9h, Rui chega a Jequi\u00e9, e segue para a inaugura\u00e7\u00e3o do Distrito Integrado de Seguran\u00e7a P\u00fablica (Disep), na Avenida Lomanto J\u00fanior. Depois, o governador entrega o novo posto do SAC, situado no bairro Mandacaru. Durante a solenidade, ele vai assinar uma ordem de servi\u00e7o para implanta\u00e7\u00e3o do sistema de saneamento b\u00e1sico do povoado de Queimadas e outra que dar\u00e1 in\u00edcio \u00e0 constru\u00e7\u00e3o da nova sede do Col\u00e9gio da Pol\u00edcia Militar.<\/p>\n<p class=\"x_MsoNormal\">\n<p class=\"x_MsoNormal\">Ainda no posto do SAC de Jequi\u00e9, o governador far\u00e1 a entrega de 887 CAR (Cadastro Ambiental Rural) e dar\u00e1 por inaugurado o Escrit\u00f3rio Regional do Programa Primeiro Emprego.<\/p>\n<p class=\"x_MsoNormal\">\n<p class=\"x_MsoNormal\">Em Itabuna, Rui participa, \u00e0s 16h, da inaugura\u00e7\u00e3o do M\u00f3dulo II do F\u00f3rum do Tribunal de Justi\u00e7a, localizado Rua Santa Cruz, s\/n, Loteamento Nossa Senhora das Gra\u00e7as.<\/p>\n","protected":false},"excerpt":{"rendered":"<p>\u00a0Nesta segunda-feira (29), o governador Rui Costa vai visitar os munic\u00edpios de Jequi\u00e9 e Itabuna. \u00c0s 9h, Rui chega a Jequi\u00e9, e segue para a inaugura\u00e7\u00e3o do Distrito Integrado de Seguran\u00e7a P\u00fablica (Disep), na Avenida Lomanto J\u00fanior. Depois, o governador entrega o novo posto do SAC, situado no bairro Mandacaru. Durante a solenidade, ele vai [&hellip;]<\/p>\n","protected":false},"author":2,"featured_media":0,"comment_status":"open","ping_status":"open","sticky":false,"template":"","format":"standard","meta":{"_links_to":"","_links_to_target":""},"categories":[7,9,8,1],"tags":[],"_links":{"self":[{"href":"https:\/\/www.ilheusnoticias.net.br\/v1\/wp-json\/wp\/v2\/posts\/12194"}],"collection":[{"href":"https:\/\/www.ilheusnoticias.net.br\/v1\/wp-json\/wp\/v2\/posts"}],"about":[{"href":"https:\/\/www.ilheusnoticias.net.br\/v1\/wp-json\/wp\/v2\/types\/post"}],"author":[{"embeddable":true,"href":"https:\/\/www.ilheusnoticias.net.br\/v1\/wp-json\/wp\/v2\/users\/2"}],"replies":[{"embeddable":true,"href":"https:\/\/www.ilheusnoticias.net.br\/v1\/wp-json\/wp\/v2\/comments?post=12194"}],"version-history":[{"count":1,"href":"https:\/\/www.ilheusnoticias.net.br\/v1\/wp-json\/wp\/v2\/posts\/12194\/revisions"}],"predecessor-version":[{"id":12195,"href":"https:\/\/www.ilheusnoticias.net.br\/v1\/wp-json\/wp\/v2\/posts\/12194\/revisions\/12195"}],"wp:attachment":[{"href":"https:\/\/www.ilheusnoticias.net.br\/v1\/wp-json\/wp\/v2\/media?parent=12194"}],"wp:term":[{"taxonomy":"category","embeddable":true,"href":"https:\/\/www.ilheusnoticias.net.br\/v1\/wp-json\/wp\/v2\/categories?post=12194"},{"taxonomy":"post_tag","embeddable":true,"href":"https:\/\/www.ilheusnoticias.net.br\/v1\/wp-json\/wp\/v2\/tags?post=12194"}],"curies":[{"name":"wp","href":"https:\/\/api.w.org\/{rel}","templated":true}]}}