{"id":12184,"date":"2018-01-26T09:02:07","date_gmt":"2018-01-26T12:02:07","guid":{"rendered":"http:\/\/www.ilheusnoticias.net.br\/v1\/?p=12184"},"modified":"2018-01-26T09:02:07","modified_gmt":"2018-01-26T12:02:07","slug":"suspeito-de-matar-irmaos-em-bar-na-cidade-de-ribeira-do-pombal-e-preso","status":"publish","type":"post","link":"https:\/\/www.ilheusnoticias.net.br\/v1\/2018\/01\/26\/suspeito-de-matar-irmaos-em-bar-na-cidade-de-ribeira-do-pombal-e-preso\/","title":{"rendered":"Suspeito de matar irm\u00e3os em bar na cidade de Ribeira do Pombal \u00e9 preso"},"content":{"rendered":"<h3 class=\"post-title entry-title\">\u00a0<a href=\"https:\/\/1.bp.blogspot.com\/-y_UK5LTDLpc\/WmoSspjHzII\/AAAAAAABxlM\/LmxiXz8HPAACMjA_PkwMZGdjCy6p0kedwCLcBGAs\/s1600\/whatsapp-image-2018-01-25-at-12-cortada.jpg\"><img src=\"https:\/\/1.bp.blogspot.com\/-y_UK5LTDLpc\/WmoSspjHzII\/AAAAAAABxlM\/LmxiXz8HPAACMjA_PkwMZGdjCy6p0kedwCLcBGAs\/s1600\/whatsapp-image-2018-01-25-at-12-cortada.jpg\" alt=\"\" border=\"0\" \/><\/a><\/h3>\n<div id=\"post-body-4819874873886141257\" class=\"post-body entry-content\">\n<div><\/div>\n<div>Um dos suspeitos de matar tr\u00eas irm\u00e3os em um bar, na cidade de Ribeira do Pombal, foi preso na tarde de ter\u00e7a-feira (23). As informa\u00e7\u00f5es foram confirmadas ao G1 nesta quinta (25), pelo delegado Edemir Luchini, respons\u00e1vel por investigar o caso. A cabe\u00e7a de uma das v\u00edtimas, que havia sido decapitada, foi encontrada em um povoado conhecido como Tabuleiro do Ver\u00edssimo, no mesmo dia da pris\u00e3o do suspeito.<\/div>\n<div><img loading=\"lazy\" src=\"https:\/\/2.bp.blogspot.com\/-fdhImoA_uwM\/WmoTA2kCkZI\/AAAAAAABxlQ\/Wh_06wrmHIkdymYSeHjMs8c_tyQOmo4fgCLcBGAs\/s640\/irmaos.jpg\" alt=\"\" width=\"640\" height=\"473\" \/><\/div>\n<div>Segundo a pol\u00edcia, uma foto da cabe\u00e7a foi exibida por criminosos nas redes sociais, como trof\u00e9u. Paulo Jesus dos Santos, conhecido como Paulo Uveia, havia ganhado liberdade provis\u00f3ria dias antes do crime, na tarde de domingo (21). Ele est\u00e1 custodiado na delegacia de Ribeira do Pombal, onde aguarda decis\u00e3o judicial. De acordo com o delegado, os tr\u00eas irm\u00e3os fazem parte de uma fac\u00e7\u00e3o criminosa e podem ter sido mortos como forma de vingan\u00e7a, j\u00e1 que Paulo \u00e9 membro de uma fac\u00e7\u00e3o rival. Outros suspeitos de envolvimento com o crime tamb\u00e9m j\u00e1 foram identificados. *G1\/Bahia<\/div>\n<\/div>\n","protected":false},"excerpt":{"rendered":"<p>\u00a0 Um dos suspeitos de matar tr\u00eas irm\u00e3os em um bar, na cidade de Ribeira do Pombal, foi preso na tarde de ter\u00e7a-feira (23). As informa\u00e7\u00f5es foram confirmadas ao G1 nesta quinta (25), pelo delegado Edemir Luchini, respons\u00e1vel por investigar o caso. A cabe\u00e7a de uma das v\u00edtimas, que havia sido decapitada, foi encontrada em [&hellip;]<\/p>\n","protected":false},"author":2,"featured_media":0,"comment_status":"open","ping_status":"open","sticky":false,"template":"","format":"standard","meta":{"_links_to":"","_links_to_target":""},"categories":[7,9,8,1,5],"tags":[],"_links":{"self":[{"href":"https:\/\/www.ilheusnoticias.net.br\/v1\/wp-json\/wp\/v2\/posts\/12184"}],"collection":[{"href":"https:\/\/www.ilheusnoticias.net.br\/v1\/wp-json\/wp\/v2\/posts"}],"about":[{"href":"https:\/\/www.ilheusnoticias.net.br\/v1\/wp-json\/wp\/v2\/types\/post"}],"author":[{"embeddable":true,"href":"https:\/\/www.ilheusnoticias.net.br\/v1\/wp-json\/wp\/v2\/users\/2"}],"replies":[{"embeddable":true,"href":"https:\/\/www.ilheusnoticias.net.br\/v1\/wp-json\/wp\/v2\/comments?post=12184"}],"version-history":[{"count":1,"href":"https:\/\/www.ilheusnoticias.net.br\/v1\/wp-json\/wp\/v2\/posts\/12184\/revisions"}],"predecessor-version":[{"id":12185,"href":"https:\/\/www.ilheusnoticias.net.br\/v1\/wp-json\/wp\/v2\/posts\/12184\/revisions\/12185"}],"wp:attachment":[{"href":"https:\/\/www.ilheusnoticias.net.br\/v1\/wp-json\/wp\/v2\/media?parent=12184"}],"wp:term":[{"taxonomy":"category","embeddable":true,"href":"https:\/\/www.ilheusnoticias.net.br\/v1\/wp-json\/wp\/v2\/categories?post=12184"},{"taxonomy":"post_tag","embeddable":true,"href":"https:\/\/www.ilheusnoticias.net.br\/v1\/wp-json\/wp\/v2\/tags?post=12184"}],"curies":[{"name":"wp","href":"https:\/\/api.w.org\/{rel}","templated":true}]}}