{"id":12180,"date":"2018-01-26T08:59:38","date_gmt":"2018-01-26T11:59:38","guid":{"rendered":"http:\/\/www.ilheusnoticias.net.br\/v1\/?p=12180"},"modified":"2018-01-26T08:59:38","modified_gmt":"2018-01-26T11:59:38","slug":"morre-ex-vereador-de-itaju-do-colonia-cesar-cabral","status":"publish","type":"post","link":"https:\/\/www.ilheusnoticias.net.br\/v1\/2018\/01\/26\/morre-ex-vereador-de-itaju-do-colonia-cesar-cabral\/","title":{"rendered":"Morre ex-vereador de Itaju do Col\u00f4nia, C\u00e9sar Cabral"},"content":{"rendered":"<h3 class=\"post-title entry-title\">\u00a0\u00a0<a href=\"https:\/\/4.bp.blogspot.com\/-VWKknMP-GZ4\/Wmpz9a2xFJI\/AAAAAAAARjA\/yBD1XPoFqrw72pIyvOEWTOd3rH5wAH4BwCLcBGAs\/s1600\/IMG-20180125-WA0244%2B%25281%2529.jpg\"><img loading=\"lazy\" src=\"https:\/\/4.bp.blogspot.com\/-VWKknMP-GZ4\/Wmpz9a2xFJI\/AAAAAAAARjA\/yBD1XPoFqrw72pIyvOEWTOd3rH5wAH4BwCLcBGAs\/s640\/IMG-20180125-WA0244%2B%25281%2529.jpg\" alt=\"\" width=\"532\" height=\"640\" border=\"0\" data-original-height=\"872\" data-original-width=\"725\" \/><\/a><\/h3>\n<div id=\"post-body-488481204112932511\" class=\"post-body entry-content\">\n<div>Faleceu, nesta quinta-feira (25), o ex-vereador e Diretor de Transportes do munic\u00edpio de Itaju do Col\u00f4nia, Cesar Cabral.<\/div>\n<div><\/div>\n<div>Segundo informa\u00e7\u00f5es, C\u00e9sar foi v\u00edtima de um infarto fulminante.<\/div>\n<div><\/div>\n<div>Ainda n\u00e3o h\u00e1 informa\u00e7\u00f5es sobre local e hor\u00e1rio do vel\u00f3rio e sepultamento.<\/div>\n<\/div>\n","protected":false},"excerpt":{"rendered":"<p>\u00a0\u00a0 Faleceu, nesta quinta-feira (25), o ex-vereador e Diretor de Transportes do munic\u00edpio de Itaju do Col\u00f4nia, Cesar Cabral. Segundo informa\u00e7\u00f5es, C\u00e9sar foi v\u00edtima de um infarto fulminante. Ainda n\u00e3o h\u00e1 informa\u00e7\u00f5es sobre local e hor\u00e1rio do vel\u00f3rio e sepultamento.<\/p>\n","protected":false},"author":2,"featured_media":0,"comment_status":"open","ping_status":"open","sticky":false,"template":"","format":"standard","meta":{"_links_to":"","_links_to_target":""},"categories":[7,9,8,1],"tags":[],"_links":{"self":[{"href":"https:\/\/www.ilheusnoticias.net.br\/v1\/wp-json\/wp\/v2\/posts\/12180"}],"collection":[{"href":"https:\/\/www.ilheusnoticias.net.br\/v1\/wp-json\/wp\/v2\/posts"}],"about":[{"href":"https:\/\/www.ilheusnoticias.net.br\/v1\/wp-json\/wp\/v2\/types\/post"}],"author":[{"embeddable":true,"href":"https:\/\/www.ilheusnoticias.net.br\/v1\/wp-json\/wp\/v2\/users\/2"}],"replies":[{"embeddable":true,"href":"https:\/\/www.ilheusnoticias.net.br\/v1\/wp-json\/wp\/v2\/comments?post=12180"}],"version-history":[{"count":1,"href":"https:\/\/www.ilheusnoticias.net.br\/v1\/wp-json\/wp\/v2\/posts\/12180\/revisions"}],"predecessor-version":[{"id":12181,"href":"https:\/\/www.ilheusnoticias.net.br\/v1\/wp-json\/wp\/v2\/posts\/12180\/revisions\/12181"}],"wp:attachment":[{"href":"https:\/\/www.ilheusnoticias.net.br\/v1\/wp-json\/wp\/v2\/media?parent=12180"}],"wp:term":[{"taxonomy":"category","embeddable":true,"href":"https:\/\/www.ilheusnoticias.net.br\/v1\/wp-json\/wp\/v2\/categories?post=12180"},{"taxonomy":"post_tag","embeddable":true,"href":"https:\/\/www.ilheusnoticias.net.br\/v1\/wp-json\/wp\/v2\/tags?post=12180"}],"curies":[{"name":"wp","href":"https:\/\/api.w.org\/{rel}","templated":true}]}}