{"id":12176,"date":"2018-01-26T08:54:26","date_gmt":"2018-01-26T11:54:26","guid":{"rendered":"http:\/\/www.ilheusnoticias.net.br\/v1\/?p=12176"},"modified":"2018-01-26T08:54:26","modified_gmt":"2018-01-26T11:54:26","slug":"rui-entrega-emergencia-do-hospital-de-vitoria-da-conquista-obras-de-saneamento-e-visita-construcao-de-aeroporto","status":"publish","type":"post","link":"https:\/\/www.ilheusnoticias.net.br\/v1\/2018\/01\/26\/rui-entrega-emergencia-do-hospital-de-vitoria-da-conquista-obras-de-saneamento-e-visita-construcao-de-aeroporto\/","title":{"rendered":"Rui entrega emerg\u00eancia do Hospital de Vit\u00f3ria da Conquista, obras de saneamento e visita constru\u00e7\u00e3o de aeroporto"},"content":{"rendered":"<p class=\"x_MsoNormal\"><a href=\"http:\/\/www.ilheusnoticias.net.br\/v1\/wp-content\/uploads\/2018\/01\/IMG-20180102-WA0065.jpg\" rel=\"attachment wp-att-11513\"><img loading=\"lazy\" class=\"aligncenter size-full wp-image-11513\" src=\"http:\/\/www.ilheusnoticias.net.br\/v1\/wp-content\/uploads\/2018\/01\/IMG-20180102-WA0065.jpg\" alt=\"IMG-20180102-WA0065.jpg\" width=\"512\" height=\"341\" srcset=\"https:\/\/www.ilheusnoticias.net.br\/v1\/wp-content\/uploads\/2018\/01\/IMG-20180102-WA0065.jpg 512w, https:\/\/www.ilheusnoticias.net.br\/v1\/wp-content\/uploads\/2018\/01\/IMG-20180102-WA0065-300x200.jpg 300w\" sizes=\"(max-width: 512px) 100vw, 512px\" \/><\/a><\/p>\n<p class=\"x_MsoNormal\">\nNesta sexta-feira (26), o governador Rui Costa viaja para Vit\u00f3ria da Conquista, no sudoeste do estado. \u00c0s 9h, Rui vai at\u00e9 o Hospital Geral de Vit\u00f3ria da Conquista, onde inaugura a nova emerg\u00eancia. No local, ele assina a ordem de servi\u00e7o para in\u00edcio das obras de terraplanagem, pavimenta\u00e7\u00e3o e drenagem do acesso em pista dupla do novo aeroporto e formaliza um conv\u00eanio do Bahia Produtiva &#8211; edital Fruticultura Caf\u00e9. Ser\u00e1 dada por entregue tamb\u00e9m a adutora do Rio Gavi\u00e3ozinho e a amplia\u00e7\u00e3o de liga\u00e7\u00f5es intradomiciliares nos bairros Vila Am\u00e9rica e Morada Real.<\/p>\n<p class=\"x_MsoNormal\">\nAinda durante evento no hospital, o governador assina ordem de servi\u00e7o para restaura\u00e7\u00e3o e manuten\u00e7\u00e3o por um per\u00edodo de cinco anos da BA-263, trecho Conquista\/Itamb\u00e9, e da BA-262, trecho Conquista\/Brumado. No pronunciamento, Rui dar\u00e1 por inaugurado o escrit\u00f3rio regional do Programa Primeiro Emprego e far\u00e1 a entrega simb\u00f3lica de 1.752 cadastros ambientais rurais (CAR) e de 1335 cisternas para capta\u00e7\u00e3o de \u00e1gua para consumo, constru\u00eddas no munic\u00edpio.<\/p>\n<p class=\"x_MsoNormal\">Ap\u00f3s compromisso no hospital, Rui vistoria as obras do novo aeroporto de Vit\u00f3ria da Conquista, onde encerra sua agenda na cidade.<\/p>\n<p class=\"x_MsoNormal\">\n<p class=\"x_MsoNormal\">O governador fala com os jornalistas ao final do evento no hospital. O assessor de imprensa Daniel Senna estar\u00e1 na pauta (71 99983-6001).<\/p>\n","protected":false},"excerpt":{"rendered":"<p>Nesta sexta-feira (26), o governador Rui Costa viaja para Vit\u00f3ria da Conquista, no sudoeste do estado. \u00c0s 9h, Rui vai at\u00e9 o Hospital Geral de Vit\u00f3ria da Conquista, onde inaugura a nova emerg\u00eancia. No local, ele assina a ordem de servi\u00e7o para in\u00edcio das obras de terraplanagem, pavimenta\u00e7\u00e3o e drenagem do acesso em pista dupla [&hellip;]<\/p>\n","protected":false},"author":2,"featured_media":0,"comment_status":"open","ping_status":"open","sticky":false,"template":"","format":"standard","meta":{"_links_to":"","_links_to_target":""},"categories":[7,9,8,1],"tags":[],"_links":{"self":[{"href":"https:\/\/www.ilheusnoticias.net.br\/v1\/wp-json\/wp\/v2\/posts\/12176"}],"collection":[{"href":"https:\/\/www.ilheusnoticias.net.br\/v1\/wp-json\/wp\/v2\/posts"}],"about":[{"href":"https:\/\/www.ilheusnoticias.net.br\/v1\/wp-json\/wp\/v2\/types\/post"}],"author":[{"embeddable":true,"href":"https:\/\/www.ilheusnoticias.net.br\/v1\/wp-json\/wp\/v2\/users\/2"}],"replies":[{"embeddable":true,"href":"https:\/\/www.ilheusnoticias.net.br\/v1\/wp-json\/wp\/v2\/comments?post=12176"}],"version-history":[{"count":1,"href":"https:\/\/www.ilheusnoticias.net.br\/v1\/wp-json\/wp\/v2\/posts\/12176\/revisions"}],"predecessor-version":[{"id":12177,"href":"https:\/\/www.ilheusnoticias.net.br\/v1\/wp-json\/wp\/v2\/posts\/12176\/revisions\/12177"}],"wp:attachment":[{"href":"https:\/\/www.ilheusnoticias.net.br\/v1\/wp-json\/wp\/v2\/media?parent=12176"}],"wp:term":[{"taxonomy":"category","embeddable":true,"href":"https:\/\/www.ilheusnoticias.net.br\/v1\/wp-json\/wp\/v2\/categories?post=12176"},{"taxonomy":"post_tag","embeddable":true,"href":"https:\/\/www.ilheusnoticias.net.br\/v1\/wp-json\/wp\/v2\/tags?post=12176"}],"curies":[{"name":"wp","href":"https:\/\/api.w.org\/{rel}","templated":true}]}}