{"id":12173,"date":"2018-01-26T08:47:34","date_gmt":"2018-01-26T11:47:34","guid":{"rendered":"http:\/\/www.ilheusnoticias.net.br\/v1\/?p=12173"},"modified":"2018-01-26T08:47:34","modified_gmt":"2018-01-26T11:47:34","slug":"advogado-ilheense-reaparece-com-vida-e-explica-o-que-aconteceu","status":"publish","type":"post","link":"https:\/\/www.ilheusnoticias.net.br\/v1\/2018\/01\/26\/advogado-ilheense-reaparece-com-vida-e-explica-o-que-aconteceu\/","title":{"rendered":"Advogado ilheense reaparece com vida e explica o que aconteceu"},"content":{"rendered":"<div class=\"_2v5j\">\n<div class=\"fbNubFlyoutBody scrollable\" tabindex=\"0\">\n<div class=\"fbNubFlyoutBodyContent\">\n<p><a href=\"http:\/\/www.ilheusnoticias.net.br\/v1\/wp-content\/uploads\/2018\/01\/dr.-paulo-1.jpg\" rel=\"attachment wp-att-12174\"><img loading=\"lazy\" class=\"aligncenter  wp-image-12174\" src=\"http:\/\/www.ilheusnoticias.net.br\/v1\/wp-content\/uploads\/2018\/01\/dr.-paulo-1.jpg\" alt=\"dr. paulo 1\" width=\"392\" height=\"517\" srcset=\"https:\/\/www.ilheusnoticias.net.br\/v1\/wp-content\/uploads\/2018\/01\/dr.-paulo-1.jpg 710w, https:\/\/www.ilheusnoticias.net.br\/v1\/wp-content\/uploads\/2018\/01\/dr.-paulo-1-228x300.jpg 228w\" sizes=\"(max-width: 392px) 100vw, 392px\" \/><\/a><\/p>\n<table class=\"conversationContainer uiGrid _51mz\" cellspacing=\"0\" cellpadding=\"0\">\n<tbody>\n<tr class=\"_51mx\">\n<td class=\"_51mw _51m- vBot\">\n<div>\n<div>\n<div>\n<div class=\"_4tdt _ua1\">\n<div class=\"_ua2\">\n<div class=\"_4tdv\">\n<div class=\"_5wd4 _1nc7\">\n<div class=\"_h8t\">\n<div class=\"_5wd9 direction_ltr\">\n<div class=\"_5wde _n4o\">\n<div class=\"_5w1r _3_om _5wdf\">\n<div class=\"_4gx_\">\n<div class=\"_d97\"><\/div>\n<div class=\"_d97\"><span class=\"_5yl5\">Causou uma grande como\u00e7\u00e3o o desapacimento do advogado Dr. Paulo Roberto Oliveira Santos, criminalista atuante na comarca de Ilh\u00e9us, est\u00e1 desaparecido desde quarta-feira, dia 24.<\/span><\/div>\n<div class=\"_d97\"><span class=\"_5yl5\">Hoje, conversamos com o Presidente da OAB-Ilh\u00e9us, e perguntamos sobre ele, e fomos informados que o mesmo estava bem, e que ele foi fazer uma audi\u00eancia fora de Ilh\u00e9us e depois de um dia \u00e1rduo, ao chegar perto de Ilh\u00e9us, devido ao cansa\u00e7o f\u00edsico, ele parou seu veiculo e dormiu. <\/span><\/div>\n<div class=\"_d97\"><span class=\"_5yl5\">A repercuss\u00e3o e apreens\u00e3o dos amigos\u00a0 deu-se porque o advogado foi visto pela \u00faltima vez no f\u00f3rum de Ilh\u00e9us, aproximadamente \u00e0s 13hs, do ultimo dia 24, quando participou de uma audi\u00eancia de cust\u00f3dia. Temos not\u00edcia que ele teve contato com um colega por telefone, por volta das 18hs, quando disse que iria para a delegacia de Ilh\u00e9us, realizar uma dilig\u00eancia. Desde ent\u00e3o n\u00e3o voltou para casa, nem foi mais visto. O seu telefone n\u00e3o atende. Os seus amigos e familiares ficaram\u00a0 muito preocupados.<\/span><\/div>\n<div class=\"_d97\">De acordo narrativa do Dr. Paulo Roberto, o seu celular tamb\u00e9m descarregou e ai ele ficou incomunic\u00e1vel.<\/div>\n<\/div>\n<\/div>\n<\/div>\n<\/div>\n<\/div>\n<\/div>\n<\/div>\n<\/div>\n<\/div>\n<\/div>\n<\/div>\n<div class=\"_510g sentFromMobile\">\n<div class=\"_510h\"><\/div>\n<\/div>\n<\/div>\n<div class=\"accessible_elem\"><\/div>\n<\/td>\n<\/tr>\n<\/tbody>\n<\/table>\n<\/div>\n<\/div>\n<\/div>\n<div class=\"_3bpu\"><\/div>\n<div class=\"_2hc2\"><\/div>\n<div class=\"fbNubFlyoutFooter\"><\/div>\n","protected":false},"excerpt":{"rendered":"<p>Causou uma grande como\u00e7\u00e3o o desapacimento do advogado Dr. Paulo Roberto Oliveira Santos, criminalista atuante na comarca de Ilh\u00e9us, est\u00e1 desaparecido desde quarta-feira, dia 24. Hoje, conversamos com o Presidente da OAB-Ilh\u00e9us, e perguntamos sobre ele, e fomos informados que o mesmo estava bem, e que ele foi fazer uma audi\u00eancia fora de Ilh\u00e9us e [&hellip;]<\/p>\n","protected":false},"author":2,"featured_media":0,"comment_status":"open","ping_status":"open","sticky":false,"template":"","format":"standard","meta":{"_links_to":"","_links_to_target":""},"categories":[7,9,8,1],"tags":[],"_links":{"self":[{"href":"https:\/\/www.ilheusnoticias.net.br\/v1\/wp-json\/wp\/v2\/posts\/12173"}],"collection":[{"href":"https:\/\/www.ilheusnoticias.net.br\/v1\/wp-json\/wp\/v2\/posts"}],"about":[{"href":"https:\/\/www.ilheusnoticias.net.br\/v1\/wp-json\/wp\/v2\/types\/post"}],"author":[{"embeddable":true,"href":"https:\/\/www.ilheusnoticias.net.br\/v1\/wp-json\/wp\/v2\/users\/2"}],"replies":[{"embeddable":true,"href":"https:\/\/www.ilheusnoticias.net.br\/v1\/wp-json\/wp\/v2\/comments?post=12173"}],"version-history":[{"count":1,"href":"https:\/\/www.ilheusnoticias.net.br\/v1\/wp-json\/wp\/v2\/posts\/12173\/revisions"}],"predecessor-version":[{"id":12175,"href":"https:\/\/www.ilheusnoticias.net.br\/v1\/wp-json\/wp\/v2\/posts\/12173\/revisions\/12175"}],"wp:attachment":[{"href":"https:\/\/www.ilheusnoticias.net.br\/v1\/wp-json\/wp\/v2\/media?parent=12173"}],"wp:term":[{"taxonomy":"category","embeddable":true,"href":"https:\/\/www.ilheusnoticias.net.br\/v1\/wp-json\/wp\/v2\/categories?post=12173"},{"taxonomy":"post_tag","embeddable":true,"href":"https:\/\/www.ilheusnoticias.net.br\/v1\/wp-json\/wp\/v2\/tags?post=12173"}],"curies":[{"name":"wp","href":"https:\/\/api.w.org\/{rel}","templated":true}]}}