{"id":12167,"date":"2018-01-25T15:38:40","date_gmt":"2018-01-25T18:38:40","guid":{"rendered":"http:\/\/www.ilheusnoticias.net.br\/v1\/?p=12167"},"modified":"2018-01-25T15:38:40","modified_gmt":"2018-01-25T18:38:40","slug":"garota-de-13-anos-que-foi-achada-por-vizinha-desmaiada-em-praca-pode-ter-sido-vitima-de-estupro-coletivo","status":"publish","type":"post","link":"https:\/\/www.ilheusnoticias.net.br\/v1\/2018\/01\/25\/garota-de-13-anos-que-foi-achada-por-vizinha-desmaiada-em-praca-pode-ter-sido-vitima-de-estupro-coletivo\/","title":{"rendered":"Garota de 13 anos que  foi achada por vizinha desmaiada em pra\u00e7a pode ter sido vitima de estupro coletivo"},"content":{"rendered":"<div class=\"row content-head\">\n<div class=\"column medium-centered medium-19 large-18\">\n<h1 class=\"content-head__title\">\u00a0<img loading=\"lazy\" class=\"content-video__placeholder__thumb\" title=\"Fam\u00edlia denuncia estupro de menina de 13 anos na regi\u00e3o do Alto de Ondina\" src=\"https:\/\/s01.video.glbimg.com\/x720\/6448284.jpg\" alt=\"Fam\u00edlia denuncia estupro de menina de 13 anos na regi\u00e3o do Alto de Ondina\" width=\"311\" height=\"175\" \/><\/h1>\n<\/div>\n<\/div>\n<div class=\"mc-article-body\">\n<article>\n<div class=\"mc-column mc-side-item__container\" data-block-type=\"ads\" data-block-id=\"1\">\n<div class=\"mc-side-item mc-side-item--right content-ads content-ads--side-ad\">\n<div id=\"banner_materia1\" class=\"tag-manager-publicidade-container tag-manager-publicidade-banner_materia1 tag-manager-publicidade-container--carregado tag-manager-publicidade-container--visivel\" data-google-query-id=\"CNex69Xg89gCFYxShgodFVAKPw\" data-cid=\"138216947841\" data-lid=\"4462917266\">\n<div id=\"google_ads_iframe_\/95377733\/tvg_G1\/Sua_Regiao&gt;Nordeste&gt;Bahia_1__container__\" style=\"box-sizing: inherit; margin: auto; padding: 0px; border: 0pt none; font-style: inherit; font-variant: inherit; font-weight: inherit; font-stretch: inherit; font-size: inherit; line-height: inherit; font-family: inherit; vertical-align: baseline; width: 300px; text-align: center; height: 250px;\">&#8220;Eu quero que aconte\u00e7a Justi\u00e7a. Eles s\u00e3o menores [de idade], mas tiveram mente para maquinar o que iria fazer com outra adolescente. Ent\u00e3o, eles sabem o que \u00e9 certo e o que \u00e9 errado. Eu creio que eles t\u00eam que pagar pelo que eles fizeram&#8221;. Esse \u00e9 relato m\u00e3e da\u00a0<a href=\"https:\/\/g1.globo.com\/ba\/bahia\/noticia\/garota-de-13-anos-e-achada-desmaiada-em-praca-e-familia-registra-ocorrencia-por-suspeita-de-estupro-coletivo.ghtml\">menina de 13 anos que foi encontrada desmaiada em uma pra\u00e7a no Alto de Ondina, em Salvador, e relatou \u00e0 fam\u00edlia que foi estuprada por tr\u00eas colegas<\/a>.<\/div>\n<\/div>\n<\/div>\n<\/div>\n<div class=\"mc-column content-text active-extra-styles \" data-block-type=\"unstyled\" data-block-weight=\"51\" data-block-id=\"3\">\n<p class=\"content-text__container \" data-track-category=\"Link no Texto\" data-track-links=\"\">Familiares da v\u00edtima registraram a ocorr\u00eancia no posto policial do Hospital Geral do Estado (HGE), na noite de segunda-feira (25), por estupro coletivo. A suspeita \u00e9 de que ela tenha sido drogada e violentada por tr\u00eas adolescentes, de 12, 14 e 15 anos, que s\u00e3o colegas da v\u00edtima desde a inf\u00e2ncia.<\/p>\n<\/div>\n<div class=\"mc-column content-text active-extra-styles \" data-block-type=\"unstyled\" data-block-weight=\"40\" data-block-id=\"4\">\n<p class=\"content-text__container \" data-track-category=\"Link no Texto\" data-track-links=\"\">A m\u00e3e da adolescente, que preferiu n\u00e3o se identificar, relatou que a filha chegou em casa nos bra\u00e7os de uma vizinha que a viu na pra\u00e7a desmaiada. A v\u00edtima estava sem calcinha, sem suti\u00e3 e com as roupas pelo avesso.<\/p>\n<\/div>\n<div class=\"mc-column content-media content-media--normal  content-photo\" data-block-type=\"backstage-photo\" data-block-id=\"5\">\n<div class=\"content-media__container\">\n<div class=\"content-media__image-centered\">\n<div class=\"progressive-img can-open-lightbox\" data-min-size=\"1008x557\" data-min-size-url=\"https:\/\/s2.glbimg.com\/CYQcby0brHzi28s7KJ7cC4KizcI=\/0x0:577x319\/1008x0\/smart\/filters:strip_icc()\/i.s3.glbimg.com\/v1\/AUTH_59edd422c0c84a879bd37670ae4f538a\/internal_photos\/bs\/2018\/J\/S\/JBPdnWQ4aEkEBTsBuzGw\/hge.jpg\" data-max-size=\"1600x884\" data-max-size-url=\"https:\/\/s2.glbimg.com\/jvII8Wk4UZVFQdLnHwzodFscDKA=\/0x0:577x319\/1600x0\/smart\/filters:strip_icc()\/i.s3.glbimg.com\/v1\/AUTH_59edd422c0c84a879bd37670ae4f538a\/internal_photos\/bs\/2018\/J\/S\/JBPdnWQ4aEkEBTsBuzGw\/hge.jpg\" data-media-index=\"0\"><img class=\"progressive-draft\" title=\"Garota foi encontrada desmaiada e levada por familiares para o Hospital Geral do Estado (HGE) (Foto: Reprodu\u00e7\u00e3o\/ TV Bahia)\" src=\"data:image\/jpeg;base64,\/9j\/4AAQSkZJRgABAQAAAQABAAD\/2wBDAAMCAgMCAgMDAwMEAwMEBQgFBQQEBQoHBwYIDAoMDAsKCwsNDhIQDQ4RDgsLEBYQERMUFRUVDA8XGBYUGBIUFRT\/2wBDAQMEBAUEBQkFBQkUDQsNFBQUFBQUFBQUFBQUFBQUFBQUFBQUFBQUFBQUFBQUFBQUFBQUFBQUFBQUFBQUFBQUFBT\/wgARCAAOABkDASIAAhEBAxEB\/8QAGAAAAgMAAAAAAAAAAAAAAAAABQYEBwj\/xAAWAQEBAQAAAAAAAAAAAAAAAAABAwT\/2gAMAwEAAhADEAAAAc0FCh3PdIj2Ykp\/\/8QAHRAAAQQCAwAAAAAAAAAAAAAABAABAgMFEwYSFf\/aAAgBAQABBQKkWd6fF6lKiHXRJCEMMhs1cIQVya85em6\/\/8QAGREBAAIDAAAAAAAAAAAAAAAAAQACETFB\/9oACAEDAQE\/AWiaIZ6T\/8QAFhEBAQEAAAAAAAAAAAAAAAAAABES\/9oACAECAQE\/Ad1X\/8QAIhAAAgEDAwUBAAAAAAAAAAAAAQIAERIhAzJRImFxgZGh\/9oACAEBAAY\/AsWjyZ1vdzapx9i2ob6+ptMBVBXmDWVnY5NGaoNYEYDT7rNv7P\/EAB0QAQACAgIDAAAAAAAAAAAAAAEAESExQWFRofH\/2gAIAQEAAT8hyDDl1w62eA\/oJzo91w6ny4iE2pYw+hUegU3e5iRLTGmOqnaj\/9oADAMBAAIAAwAAABAXv\/\/EABgRAQEAAwAAAAAAAAAAAAAAAAEAITFx\/9oACAEDAQE\/EB8D2LNF\/8QAFhEBAQEAAAAAAAAAAAAAAAAAABEh\/9oACAECAQE\/ENkP\/8QAIBABAQADAAEEAwAAAAAAAAAAAREAITFBEFFhcaHR8P\/aAAgBAQABPxACE8A+yFfxvxm4\/wC5nelqePOX4wRHWmVE0BbbFvoES6QKNONG5UOaBQmuHzcPIIjW7JSrI7z+x+s\/\/9k=\" alt=\"Garota foi encontrada desmaiada e levada por familiares para o Hospital Geral do Estado (HGE) (Foto: Reprodu\u00e7\u00e3o\/ TV Bahia)\" \/><picture><img class=\"image content-media__image progressive-loaded\" title=\"Garota foi encontrada desmaiada e levada por familiares para o Hospital Geral do Estado (HGE) (Foto: Reprodu\u00e7\u00e3o\/ TV Bahia)\" src=\"https:\/\/s2.glbimg.com\/akDuXTImLOizy8aAkLvfQFqz6xo=\/0x0:577x319\/984x0\/smart\/filters:strip_icc()\/i.s3.glbimg.com\/v1\/AUTH_59edd422c0c84a879bd37670ae4f538a\/internal_photos\/bs\/2018\/J\/S\/JBPdnWQ4aEkEBTsBuzGw\/hge.jpg\" alt=\"Garota foi encontrada desmaiada e levada por familiares para o Hospital Geral do Estado (HGE) (Foto: Reprodu\u00e7\u00e3o\/ TV Bahia)\" data-src=\"https:\/\/s2.glbimg.com\/akDuXTImLOizy8aAkLvfQFqz6xo=\/0x0:577x319\/984x0\/smart\/filters:strip_icc()\/i.s3.glbimg.com\/v1\/AUTH_59edd422c0c84a879bd37670ae4f538a\/internal_photos\/bs\/2018\/J\/S\/JBPdnWQ4aEkEBTsBuzGw\/hge.jpg\" \/><\/picture><\/div>\n<\/div>\n<div class=\"content-media__description-centered \">\n<p class=\"content-media__description\"><span class=\"content-media__description__caption\">Garota foi encontrada desmaiada e levada por familiares para o Hospital Geral do Estado (HGE) (Foto: Reprodu\u00e7\u00e3o\/ TV Bahia)<\/span><\/p>\n<\/div>\n<\/div>\n<\/div>\n<div class=\"mc-column content-text active-extra-styles \" data-block-type=\"unstyled\" data-block-weight=\"57\" data-block-id=\"6\">\n<p class=\"content-text__container \" data-track-category=\"Link no Texto\" data-track-links=\"\">A menina, segundo relato da m\u00e3e, saiu de casa sem avisar aos familiares, com um do meninos suspeitos, o de 12 anos. Eles foram comemorar o anivers\u00e1rio de outro adolescente que est\u00e1 entre os suspeitos, o de 15 anos. Quando chegaram na pra\u00e7a, dois adolescentes, o de 14 e o de 15 anos j\u00e1 estavam no local.<\/p>\n<p class=\"content-text__container \" data-track-category=\"Link no Texto\" data-track-links=\"\">\u201cEla disse que os tr\u00eas n\u00e3o falaram nada, s\u00f3 cometeram o ato. Tiraram a roupa dela e come\u00e7aram a cometer o ato. A vizinha trouxe ela e me deu no port\u00e3o. Eu nem acreditei. Para mim, ela s\u00f3 estava b\u00eabada, mas ela vomitou duas vezes e continuou desacordada. A gente suspeita que ela foi drogada tamb\u00e9m&#8221;, relatou a m\u00e3e da garota.<\/p>\n<\/div>\n<\/article>\n<\/div>\n<p class=\"content-text__container \" data-track-category=\"Link no Texto\" data-track-links=\"\"><!--more--><\/p>\n<div class=\"mc-article-body\">\n<article>\n<div class=\"mc-column content-text active-extra-styles \" data-block-type=\"unstyled\" data-block-weight=\"41\" data-block-id=\"9\">\n<p class=\"content-text__container \" data-track-category=\"Link no Texto\" data-track-links=\"\">O posto da Pol\u00edcia Civil do HGE informou que quando a menina chegou \u00e0 unidade m\u00e9dica, estava sob efeito de drogas. A adolescente recebeu alta do hospital ainda na segunda-feira. Ela est\u00e1 na casa de familiares e \u00e9 acompanhada por psic\u00f3logos.<\/p>\n<\/div>\n<div class=\"mc-column content-text active-extra-styles \" data-block-type=\"unstyled\" data-block-weight=\"26\" data-block-id=\"10\">\n<p class=\"content-text__container \" data-track-category=\"Link no Texto\" data-track-links=\"\">Segundo a pol\u00edcia, a jovem foi encaminhada para o Instituto M\u00e9dico Legal (IML), para realiza\u00e7\u00e3o de exame de corpo de delito para a confirma\u00e7\u00e3o do estupro.<\/p>\n<\/div>\n<div class=\"mc-column content-text active-extra-styles \" data-block-type=\"unstyled\" data-block-weight=\"33\" data-block-id=\"11\">\n<p class=\"content-text__container \" data-track-category=\"Link no Texto\" data-track-links=\"\">A assessoria de comunica\u00e7\u00e3o da Pol\u00edcia Civil confirmou ao\u00a0<strong>G1<\/strong>\u00a0que uma ocorr\u00eancia foi registrada no HGE informando que uma jovem teria sido v\u00edtima de estupro, mas que o caso est\u00e1 sob investiga\u00e7\u00e3o.<\/p>\n<\/div>\n<div data-track-category=\"fim do conteudo\" data-track-action=\"ultimo chunk conteudo\" data-track-noninteraction=\"false\" data-track-scroll=\"entrada completa viewport\">\n<div class=\"mc-column content-text active-extra-styles \" data-block-type=\"unstyled\" data-block-weight=\"24\" data-block-id=\"12\">\n<p class=\"content-text__container \" data-track-category=\"Link no Texto\" data-track-links=\"\">A menina ainda n\u00e3o foi ouvida pela pol\u00edcia. O caso ser\u00e1 investigado pela Delegacia Especializada de Repressao a Crimes contra Crian\u00e7as e Adolescentes (Derca).<\/p>\n<\/div>\n<\/div>\n<\/article>\n<\/div>\n<p><!--more--><\/p>\n","protected":false},"excerpt":{"rendered":"<p>\u00a0 &#8220;Eu quero que aconte\u00e7a Justi\u00e7a. Eles s\u00e3o menores [de idade], mas tiveram mente para maquinar o que iria fazer com outra adolescente. Ent\u00e3o, eles sabem o que \u00e9 certo e o que \u00e9 errado. Eu creio que eles t\u00eam que pagar pelo que eles fizeram&#8221;. Esse \u00e9 relato m\u00e3e da\u00a0menina de 13 anos que [&hellip;]<\/p>\n","protected":false},"author":2,"featured_media":0,"comment_status":"open","ping_status":"open","sticky":false,"template":"","format":"standard","meta":{"_links_to":"","_links_to_target":""},"categories":[7,9,8,1,5],"tags":[],"_links":{"self":[{"href":"https:\/\/www.ilheusnoticias.net.br\/v1\/wp-json\/wp\/v2\/posts\/12167"}],"collection":[{"href":"https:\/\/www.ilheusnoticias.net.br\/v1\/wp-json\/wp\/v2\/posts"}],"about":[{"href":"https:\/\/www.ilheusnoticias.net.br\/v1\/wp-json\/wp\/v2\/types\/post"}],"author":[{"embeddable":true,"href":"https:\/\/www.ilheusnoticias.net.br\/v1\/wp-json\/wp\/v2\/users\/2"}],"replies":[{"embeddable":true,"href":"https:\/\/www.ilheusnoticias.net.br\/v1\/wp-json\/wp\/v2\/comments?post=12167"}],"version-history":[{"count":1,"href":"https:\/\/www.ilheusnoticias.net.br\/v1\/wp-json\/wp\/v2\/posts\/12167\/revisions"}],"predecessor-version":[{"id":12168,"href":"https:\/\/www.ilheusnoticias.net.br\/v1\/wp-json\/wp\/v2\/posts\/12167\/revisions\/12168"}],"wp:attachment":[{"href":"https:\/\/www.ilheusnoticias.net.br\/v1\/wp-json\/wp\/v2\/media?parent=12167"}],"wp:term":[{"taxonomy":"category","embeddable":true,"href":"https:\/\/www.ilheusnoticias.net.br\/v1\/wp-json\/wp\/v2\/categories?post=12167"},{"taxonomy":"post_tag","embeddable":true,"href":"https:\/\/www.ilheusnoticias.net.br\/v1\/wp-json\/wp\/v2\/tags?post=12167"}],"curies":[{"name":"wp","href":"https:\/\/api.w.org\/{rel}","templated":true}]}}