{"id":12163,"date":"2018-01-25T15:33:50","date_gmt":"2018-01-25T18:33:50","guid":{"rendered":"http:\/\/www.ilheusnoticias.net.br\/v1\/?p=12163"},"modified":"2018-01-25T15:33:50","modified_gmt":"2018-01-25T18:33:50","slug":"carro-com-placa-de-ipiau-fica-destruido-apos-acidente-em-ilheus","status":"publish","type":"post","link":"https:\/\/www.ilheusnoticias.net.br\/v1\/2018\/01\/25\/carro-com-placa-de-ipiau-fica-destruido-apos-acidente-em-ilheus\/","title":{"rendered":"Carro com placa de Ipia\u00fa fica destru\u00eddo ap\u00f3s acidente em Ilh\u00e9us"},"content":{"rendered":"<h3 class=\"post-title entry-title\"><\/h3>\n<div id=\"post-body-4887645733204906873\" class=\"post-body entry-content\">\n<div class=\"separator\"><a href=\"https:\/\/4.bp.blogspot.com\/-hQRfrp_vqUo\/Wmmz51jTOfI\/AAAAAAAARhM\/A2ejBauT0gUCTotkinUNEsMo-w10P8aMwCLcBGAs\/s1600\/pajero3.jpg\"><img loading=\"lazy\" src=\"https:\/\/4.bp.blogspot.com\/-hQRfrp_vqUo\/Wmmz51jTOfI\/AAAAAAAARhM\/A2ejBauT0gUCTotkinUNEsMo-w10P8aMwCLcBGAs\/s640\/pajero3.jpg\" alt=\"\" width=\"640\" height=\"358\" border=\"0\" data-original-height=\"280\" data-original-width=\"500\" \/><\/a><\/div>\n<div>Um ve\u00edculo com placa de Ipia\u00fa ficou praticamente destru\u00eddo, na tarde ontem (24), ap\u00f3s subir em um barranco e capotar na BA-262, no munic\u00edpio de Ilh\u00e9us. O acidente foi registrado por volta das 17h20.<\/div>\n<div><\/div>\n<div>O condutor do carro modelo Pajero TR4, de cor branca, perdeu o controle da dire\u00e7\u00e3o do ve\u00edculo quando trafegava na rodovia Ilh\u00e9us-Uru\u00e7uca. Chovia no momento do acidente. O morador de Ipia\u00fa viajava sozinho e foi socorrido por um motorista que passava no local.<\/div>\n<\/div>\n<div><\/div>\n<div><\/div>\n<p><!--more--><\/p>\n<div id=\"post-body-4887645733204906873\" class=\"post-body entry-content\">\n<div><\/div>\n<div>O homem contou \u00e0 nossa reportagem que o condutor da Pajero sofreu apenas um pequeno corte na regi\u00e3o do superc\u00edlio e logo ap\u00f3s se dirigiu at\u00e9 uma fazenda em busca de sinal de celular para informar a fam\u00edlia sobre o ocorrido. At\u00e9 a publica\u00e7\u00e3o dessa mat\u00e9ria, nossa reda\u00e7\u00e3o ainda n\u00e3o tinha a identifica\u00e7\u00e3o da v\u00edtima do acidente. (Giro Ipia\u00fa)<\/div>\n<\/div>\n","protected":false},"excerpt":{"rendered":"<p>Um ve\u00edculo com placa de Ipia\u00fa ficou praticamente destru\u00eddo, na tarde ontem (24), ap\u00f3s subir em um barranco e capotar na BA-262, no munic\u00edpio de Ilh\u00e9us. O acidente foi registrado por volta das 17h20. O condutor do carro modelo Pajero TR4, de cor branca, perdeu o controle da dire\u00e7\u00e3o do ve\u00edculo quando trafegava na rodovia [&hellip;]<\/p>\n","protected":false},"author":2,"featured_media":0,"comment_status":"open","ping_status":"open","sticky":false,"template":"","format":"standard","meta":{"_links_to":"","_links_to_target":""},"categories":[7,9,8,1],"tags":[],"_links":{"self":[{"href":"https:\/\/www.ilheusnoticias.net.br\/v1\/wp-json\/wp\/v2\/posts\/12163"}],"collection":[{"href":"https:\/\/www.ilheusnoticias.net.br\/v1\/wp-json\/wp\/v2\/posts"}],"about":[{"href":"https:\/\/www.ilheusnoticias.net.br\/v1\/wp-json\/wp\/v2\/types\/post"}],"author":[{"embeddable":true,"href":"https:\/\/www.ilheusnoticias.net.br\/v1\/wp-json\/wp\/v2\/users\/2"}],"replies":[{"embeddable":true,"href":"https:\/\/www.ilheusnoticias.net.br\/v1\/wp-json\/wp\/v2\/comments?post=12163"}],"version-history":[{"count":1,"href":"https:\/\/www.ilheusnoticias.net.br\/v1\/wp-json\/wp\/v2\/posts\/12163\/revisions"}],"predecessor-version":[{"id":12164,"href":"https:\/\/www.ilheusnoticias.net.br\/v1\/wp-json\/wp\/v2\/posts\/12163\/revisions\/12164"}],"wp:attachment":[{"href":"https:\/\/www.ilheusnoticias.net.br\/v1\/wp-json\/wp\/v2\/media?parent=12163"}],"wp:term":[{"taxonomy":"category","embeddable":true,"href":"https:\/\/www.ilheusnoticias.net.br\/v1\/wp-json\/wp\/v2\/categories?post=12163"},{"taxonomy":"post_tag","embeddable":true,"href":"https:\/\/www.ilheusnoticias.net.br\/v1\/wp-json\/wp\/v2\/tags?post=12163"}],"curies":[{"name":"wp","href":"https:\/\/api.w.org\/{rel}","templated":true}]}}