{"id":12161,"date":"2018-01-25T15:32:06","date_gmt":"2018-01-25T18:32:06","guid":{"rendered":"http:\/\/www.ilheusnoticias.net.br\/v1\/?p=12161"},"modified":"2018-01-25T15:32:06","modified_gmt":"2018-01-25T18:32:06","slug":"acidente-na-br-101-proximo-a-itabuna-deixa-motorista-morto","status":"publish","type":"post","link":"https:\/\/www.ilheusnoticias.net.br\/v1\/2018\/01\/25\/acidente-na-br-101-proximo-a-itabuna-deixa-motorista-morto\/","title":{"rendered":"Acidente na BR-101, pr\u00f3ximo a Itabuna, deixa motorista morto"},"content":{"rendered":"<h3 class=\"post-title entry-title\"><a href=\"https:\/\/3.bp.blogspot.com\/-6FGxImf9AIw\/WmnTEiMGEGI\/AAAAAAAARiM\/98O45qjcOlwu447ACsiKua1kwSzyizRrgCLcBGAs\/s1600\/Capturar.JPG\"><img loading=\"lazy\" src=\"https:\/\/3.bp.blogspot.com\/-6FGxImf9AIw\/WmnTEiMGEGI\/AAAAAAAARiM\/98O45qjcOlwu447ACsiKua1kwSzyizRrgCLcBGAs\/s320\/Capturar.JPG\" alt=\"\" width=\"226\" height=\"320\" border=\"0\" data-original-height=\"258\" data-original-width=\"183\" \/><\/a><\/h3>\n<div id=\"post-body-7746640498752010117\" class=\"post-body entry-content\">\n<div>Ontem(24), um acidente na BR 101, pr\u00f3ximo \u00e0 Itabuna, ceifou a vida do motorista Uallace Santos, 29 anos de idade, morador do Bairro 31 de Mar\u00e7o, em Itamaraju. Uallace conduzia uma carreta Volvo FH12 420, branca, placa policial JUX 4518, licenciada em Teixeira de Freitas, quando possivelmente perdeu o controle e tombou. O motorista ficou preso nas ferragens, n\u00e3o resistiu aos ferimentos e morreu no local.<\/div>\n<div><\/div>\n<div>\u00a0A Pol\u00edcia Rodovi\u00e1ria Federal, juntamente com a Pol\u00edcia Civil e o Departamento de Pol\u00edcia T\u00e9cnica estiveram no local realizando o registro do acidente, o levantamento cadav\u00e9rico e a per\u00edcia de a\u00e7\u00e3o violenta [acidente].<\/div>\n<\/div>\n<div><\/div>\n<p><!--more--><\/p>\n<div id=\"post-body-7746640498752010117\" class=\"post-body entry-content\">\n<div><\/div>\n<div>\u00a0O corpo foi removido ao IML e a fam\u00edlia da v\u00edtima se deslocou para o local do acidente para realizar os procedimentos legais e providenciar o translado do corpo, que seguir\u00e1 para Itamaraju, onde acontecer\u00e1 o vel\u00f3rio e o sepultamento. Nas redes sociais, moradores de Itamaraju lamentaram a morte do motorista, que era muito querido por todos. A Pol\u00edcia Civil instaurou inqu\u00e9rito policial para apurar as circunst\u00e2ncias do acidente. (Liberdade News)<\/div>\n<\/div>\n","protected":false},"excerpt":{"rendered":"<p>Ontem(24), um acidente na BR 101, pr\u00f3ximo \u00e0 Itabuna, ceifou a vida do motorista Uallace Santos, 29 anos de idade, morador do Bairro 31 de Mar\u00e7o, em Itamaraju. Uallace conduzia uma carreta Volvo FH12 420, branca, placa policial JUX 4518, licenciada em Teixeira de Freitas, quando possivelmente perdeu o controle e tombou. O motorista ficou [&hellip;]<\/p>\n","protected":false},"author":2,"featured_media":0,"comment_status":"open","ping_status":"open","sticky":false,"template":"","format":"standard","meta":{"_links_to":"","_links_to_target":""},"categories":[7,9,8,1,5],"tags":[],"_links":{"self":[{"href":"https:\/\/www.ilheusnoticias.net.br\/v1\/wp-json\/wp\/v2\/posts\/12161"}],"collection":[{"href":"https:\/\/www.ilheusnoticias.net.br\/v1\/wp-json\/wp\/v2\/posts"}],"about":[{"href":"https:\/\/www.ilheusnoticias.net.br\/v1\/wp-json\/wp\/v2\/types\/post"}],"author":[{"embeddable":true,"href":"https:\/\/www.ilheusnoticias.net.br\/v1\/wp-json\/wp\/v2\/users\/2"}],"replies":[{"embeddable":true,"href":"https:\/\/www.ilheusnoticias.net.br\/v1\/wp-json\/wp\/v2\/comments?post=12161"}],"version-history":[{"count":1,"href":"https:\/\/www.ilheusnoticias.net.br\/v1\/wp-json\/wp\/v2\/posts\/12161\/revisions"}],"predecessor-version":[{"id":12162,"href":"https:\/\/www.ilheusnoticias.net.br\/v1\/wp-json\/wp\/v2\/posts\/12161\/revisions\/12162"}],"wp:attachment":[{"href":"https:\/\/www.ilheusnoticias.net.br\/v1\/wp-json\/wp\/v2\/media?parent=12161"}],"wp:term":[{"taxonomy":"category","embeddable":true,"href":"https:\/\/www.ilheusnoticias.net.br\/v1\/wp-json\/wp\/v2\/categories?post=12161"},{"taxonomy":"post_tag","embeddable":true,"href":"https:\/\/www.ilheusnoticias.net.br\/v1\/wp-json\/wp\/v2\/tags?post=12161"}],"curies":[{"name":"wp","href":"https:\/\/api.w.org\/{rel}","templated":true}]}}