{"id":12154,"date":"2018-01-25T15:22:40","date_gmt":"2018-01-25T18:22:40","guid":{"rendered":"http:\/\/www.ilheusnoticias.net.br\/v1\/?p=12154"},"modified":"2018-01-25T15:22:40","modified_gmt":"2018-01-25T18:22:40","slug":"policlinica-em-irece-ultrapassa-marca-de-2-mil-pacientes-atendidos","status":"publish","type":"post","link":"https:\/\/www.ilheusnoticias.net.br\/v1\/2018\/01\/25\/policlinica-em-irece-ultrapassa-marca-de-2-mil-pacientes-atendidos\/","title":{"rendered":"Policl\u00ednica em Irec\u00ea ultrapassa marca de 2 mil pacientes atendidos"},"content":{"rendered":"<div align=\"center\"><\/div>\n<p><img loading=\"lazy\" class=\"\" src=\"https:\/\/attachment.outlook.office.net\/owa\/laudiceacarvalho62@hotmail.com\/service.svc\/s\/GetAttachmentThumbnail?id=AQMkADAwATYwMAItY2MANTgtODQxNC0wMAItMDAKAEYAAANqOYr2uMN4Qoz6pFp%2FhFoeBwAsxvM0hWqyT6EfSeQ8%2BPgA8AAAAgEMAAAALMbzNIVqsk%2BhH0nkPPj4APAAAVvvkZIAAAABEgAQAD3sOhhhwnFCj%2BDbNZboeAQ%3D&amp;thumbnailType=2&amp;X-OWA-CANARY=oUrt_Pa2I0Sux_6uxEBLiMBGAFUgZNUY6-g6VI7PVnv9MitLojwseOC6akqabdwQl202Hgk6tdQ.&amp;token=eyJ0eXAiOiJKV1QiLCJhbGciOiJSUzI1NiIsIng1dCI6ImVuaDlCSnJWUFU1aWpWMXFqWmpWLWZMMmJjbyJ9.eyJ2ZXIiOiJFeGNoYW5nZS5DYWxsYmFjay5WMSIsImFwcGN0eHNlbmRlciI6Ik93YURvd25sb2FkQDg0ZGY5ZTdmLWU5ZjYtNDBhZi1iNDM1LWFhYWFhYWFhYWFhYSIsImFwcGN0eCI6IntcIm1zZXhjaHByb3RcIjpcIm93YVwiLFwicHJpbWFyeXNpZFwiOlwiUy0xLTI4MjctMzkzMjE2LTM0MjgzNTMwNDRcIixcInB1aWRcIjpcIjE2ODg4NTMyODg2MTY5ODBcIixcIm9pZFwiOlwiMDAwNjAwMDAtY2M1OC04NDE0LTAwMDAtMDAwMDAwMDAwMDAwXCIsXCJzY29wZVwiOlwiT3dhRG93bmxvYWRcIn0iLCJpc3MiOiIwMDAwMDAwMi0wMDAwLTBmZjEtY2UwMC0wMDAwMDAwMDAwMDBAODRkZjllN2YtZTlmNi00MGFmLWI0MzUtYWFhYWFhYWFhYWFhIiwiYXVkIjoiMDAwMDAwMDItMDAwMC0wZmYxLWNlMDAtMDAwMDAwMDAwMDAwL2F0dGFjaG1lbnQub3V0bG9vay5vZmZpY2UubmV0QDg0ZGY5ZTdmLWU5ZjYtNDBhZi1iNDM1LWFhYWFhYWFhYWFhYSIsImV4cCI6MTUxNjkwNDk0NiwibmJmIjoxNTE2OTA0MzQ2fQ.Lc7iU2R2dWYQ7FrRg4DfCtq6nHnvQuA0zR8XAgoJW25DZn0A6dlv_CrYJE2cEShfWk4ExKaRikI-3CdPz_VSGwuJD6OYDnCpom91JSqGDNWlrDuROiCJ9yIQT2QthJRQX1E5YCnakrKGlg6qMppts_jtheizBIZyVY1sf5Qi0DbASQB_pWbFT8xTcAbzxlUI8FaUy-WmKTLZzYXWDGbNYXu3mn83R4F9nqF_Y2uPR1IFqZ-2jiTapKjdRYS-WvC0U-9I0Je_tD-iQ3uFJjFK5Dsisht20LK2E7bmeigS-KYULhIPa2afLYbiNDJIPraHyZCa1iy91pCS_j3fs4QLcQ&amp;owa=outlook.live.com&amp;isc=1\" alt=\"\" width=\"368\" height=\"276\" \/><br \/>\nAp\u00f3s pouco mais de um m\u00eas de funcionamento, a Policl\u00ednica do Cons\u00f3rcio P\u00fablico Interfederativo de Sa\u00fade de Irec\u00ea, no centro norte da Bahia, j\u00e1 atendeu 2119 pacientes dos 22 munic\u00edpios que integram o cons\u00f3rcio. Desde a inaugura\u00e7\u00e3o, a unidade de sa\u00fade realizou 1066 consultas e 1053 exames. S\u00e3o ofertadas nove especialidades m\u00e9dicas, como cardiologia e neurologia, e exames de imagem, como tomografia, resson\u00e2ncia magn\u00e9tica e eletroencefalograma.<\/p>\n<p><!--more--><\/p>\n<p>Uma das pacientes que utilizaram o servi\u00e7o da policl\u00ednica foi Maria Jos\u00e9 Paz Ara\u00fajo, moradora de Jo\u00e3o Dourado. Ela conta que teve uma consulta com um dermatologista e est\u00e1 com o problema de sa\u00fade sendo resolvido. \u201cEu j\u00e1 estava precisando desse especialista h\u00e1 um bom tempo, mas n\u00e3o encontrava aqui na regi\u00e3o pelo Sistema \u00danico de Sa\u00fade [SUS]. Fui encaminhada pelo posto de sa\u00fade e tive um \u00f3timo atendimento\u201d, afirma, destacando que ainda utilizou o \u00f4nibus oferecido pela policl\u00ednica.<\/p>\n<p>Al\u00e9m dos atendimentos com m\u00e9dicos, os pacientes t\u00eam acesso a atendimento com outros profissionais. J\u00e1 foram realizadas dez consultas de psicologia e nove com nutricionista. A policl\u00ednica oferece tamb\u00e9m trabalhos educativos e palestras com orienta\u00e7\u00f5es de sa\u00fade.<\/p>\n<p>Inaugurada no dia 8 de dezembro de 2017, a unidade recebeu um investimento de R$ 25 milh\u00f5es, entre obras civis e aquisi\u00e7\u00e3o de equipamentos. A manuten\u00e7\u00e3o mensal \u00e9 dividida entre Estado, que arca com 40%, e munic\u00edpios consorciados, que rateiam os 60% restantes. A policl\u00ednica promove a regionaliza\u00e7\u00e3o da presta\u00e7\u00e3o de servi\u00e7o de alta qualidade em sa\u00fade, \u00e0 medida que garante a cobertura de diversos os exames gratuitos solicitados pelo SUS no interior.<\/p>\n<p><b>Atendimento<\/b><\/p>\n<p>O diretor da policl\u00ednica, Fernando Luiz Failla, explica que o acesso ao servi\u00e7o \u00e9 a partir da Estrat\u00e9gia de Sa\u00fade da Fam\u00edlia de cada munic\u00edpio. \u201cA popula\u00e7\u00e3o vai procurar o m\u00e9dico da aten\u00e7\u00e3o b\u00e1sica. Se o profissional identificar a necessidade por um especialista ou exame, far\u00e1 o encaminhamento. Desta forma, o paciente j\u00e1 vai com o seu hor\u00e1rio agendado\u201d, explica o diretor.<\/p>\n<p>Para a popula\u00e7\u00e3o que n\u00e3o reside em Irec\u00ea est\u00e3o sendo disponibilizados micro-\u00f4nibus especiais que fazem o deslocamento dos pacientes dos munic\u00edpios consorciados. Desde a inaugura\u00e7\u00e3o, 127 viagens foram realizadas com os ve\u00edculos do cons\u00f3rcio.<\/p>\n","protected":false},"excerpt":{"rendered":"<p>Ap\u00f3s pouco mais de um m\u00eas de funcionamento, a Policl\u00ednica do Cons\u00f3rcio P\u00fablico Interfederativo de Sa\u00fade de Irec\u00ea, no centro norte da Bahia, j\u00e1 atendeu 2119 pacientes dos 22 munic\u00edpios que integram o cons\u00f3rcio. Desde a inaugura\u00e7\u00e3o, a unidade de sa\u00fade realizou 1066 consultas e 1053 exames. S\u00e3o ofertadas nove especialidades m\u00e9dicas, como cardiologia e [&hellip;]<\/p>\n","protected":false},"author":2,"featured_media":0,"comment_status":"open","ping_status":"open","sticky":false,"template":"","format":"standard","meta":{"_links_to":"","_links_to_target":""},"categories":[7,9,8,1],"tags":[],"_links":{"self":[{"href":"https:\/\/www.ilheusnoticias.net.br\/v1\/wp-json\/wp\/v2\/posts\/12154"}],"collection":[{"href":"https:\/\/www.ilheusnoticias.net.br\/v1\/wp-json\/wp\/v2\/posts"}],"about":[{"href":"https:\/\/www.ilheusnoticias.net.br\/v1\/wp-json\/wp\/v2\/types\/post"}],"author":[{"embeddable":true,"href":"https:\/\/www.ilheusnoticias.net.br\/v1\/wp-json\/wp\/v2\/users\/2"}],"replies":[{"embeddable":true,"href":"https:\/\/www.ilheusnoticias.net.br\/v1\/wp-json\/wp\/v2\/comments?post=12154"}],"version-history":[{"count":1,"href":"https:\/\/www.ilheusnoticias.net.br\/v1\/wp-json\/wp\/v2\/posts\/12154\/revisions"}],"predecessor-version":[{"id":12155,"href":"https:\/\/www.ilheusnoticias.net.br\/v1\/wp-json\/wp\/v2\/posts\/12154\/revisions\/12155"}],"wp:attachment":[{"href":"https:\/\/www.ilheusnoticias.net.br\/v1\/wp-json\/wp\/v2\/media?parent=12154"}],"wp:term":[{"taxonomy":"category","embeddable":true,"href":"https:\/\/www.ilheusnoticias.net.br\/v1\/wp-json\/wp\/v2\/categories?post=12154"},{"taxonomy":"post_tag","embeddable":true,"href":"https:\/\/www.ilheusnoticias.net.br\/v1\/wp-json\/wp\/v2\/tags?post=12154"}],"curies":[{"name":"wp","href":"https:\/\/api.w.org\/{rel}","templated":true}]}}