{"id":12150,"date":"2018-01-25T15:15:31","date_gmt":"2018-01-25T18:15:31","guid":{"rendered":"http:\/\/www.ilheusnoticias.net.br\/v1\/?p=12150"},"modified":"2018-01-25T15:30:38","modified_gmt":"2018-01-25T18:30:38","slug":"rui-lamenta-morte-de-lideranca-do-mst-e-determina-apuracao-rigorosa-do-homicidio","status":"publish","type":"post","link":"https:\/\/www.ilheusnoticias.net.br\/v1\/2018\/01\/25\/rui-lamenta-morte-de-lideranca-do-mst-e-determina-apuracao-rigorosa-do-homicidio\/","title":{"rendered":"Rui lamenta morte de lideran\u00e7a do MST e determina apura\u00e7\u00e3o rigorosa do homic\u00eddio"},"content":{"rendered":"<div>\u00a0<a href=\"http:\/\/www.ilheusnoticias.net.br\/v1\/wp-content\/uploads\/2018\/01\/morte-mst-01.jpg\" rel=\"attachment wp-att-12159\"><img loading=\"lazy\" class=\"aligncenter  wp-image-12159\" src=\"http:\/\/www.ilheusnoticias.net.br\/v1\/wp-content\/uploads\/2018\/01\/morte-mst-01.jpg\" alt=\"morte-mst-01\" width=\"442\" height=\"277\" srcset=\"https:\/\/www.ilheusnoticias.net.br\/v1\/wp-content\/uploads\/2018\/01\/morte-mst-01.jpg 640w, https:\/\/www.ilheusnoticias.net.br\/v1\/wp-content\/uploads\/2018\/01\/morte-mst-01-300x188.jpg 300w\" sizes=\"(max-width: 442px) 100vw, 442px\" \/><\/a><\/div>\n<div><\/div>\n<div>O governador Rui Costa lamentou, por meio das suas redes sociais, a morte de M\u00e1rcio Matos, dirigente do MST e membro do Partido dos Trabalhadores (PT). Aos 33 anos, ele foi morto ontem, quarta-feira (24) na cidade baiana de Iramaia.<\/div>\n<div><\/div>\n<div>\u201cLamento a morte de M\u00e1rcio Oliveira Matos, mais conhecido como Marcio do MST. Conhecido pela firme luta em defesa da igualdade social, ele foi assassinado no munic\u00edpio de Iramaia. T\u00e3o logo soube da triste not\u00edcia, determinei \u00e0 Secretaria de Seguran\u00e7a P\u00fablica a imediata e rigorosa apura\u00e7\u00e3o do crime.\u00a0 Meus sentimentos de pesar aos amigos e familiares neste momento de profunda dor\u201d, afirmou o governador.<\/div>\n<div><\/div>\n<div>Veja publica\u00e7\u00e3o no Facebook do governador &#8211; https:\/\/www.facebook.com\/ruicostaoficial\/posts\/1226467347485407<\/div>\n","protected":false},"excerpt":{"rendered":"<p>\u00a0 O governador Rui Costa lamentou, por meio das suas redes sociais, a morte de M\u00e1rcio Matos, dirigente do MST e membro do Partido dos Trabalhadores (PT). Aos 33 anos, ele foi morto ontem, quarta-feira (24) na cidade baiana de Iramaia. \u201cLamento a morte de M\u00e1rcio Oliveira Matos, mais conhecido como Marcio do MST. Conhecido [&hellip;]<\/p>\n","protected":false},"author":2,"featured_media":0,"comment_status":"open","ping_status":"open","sticky":false,"template":"","format":"standard","meta":{"_links_to":"","_links_to_target":""},"categories":[7,9,8,1],"tags":[],"_links":{"self":[{"href":"https:\/\/www.ilheusnoticias.net.br\/v1\/wp-json\/wp\/v2\/posts\/12150"}],"collection":[{"href":"https:\/\/www.ilheusnoticias.net.br\/v1\/wp-json\/wp\/v2\/posts"}],"about":[{"href":"https:\/\/www.ilheusnoticias.net.br\/v1\/wp-json\/wp\/v2\/types\/post"}],"author":[{"embeddable":true,"href":"https:\/\/www.ilheusnoticias.net.br\/v1\/wp-json\/wp\/v2\/users\/2"}],"replies":[{"embeddable":true,"href":"https:\/\/www.ilheusnoticias.net.br\/v1\/wp-json\/wp\/v2\/comments?post=12150"}],"version-history":[{"count":2,"href":"https:\/\/www.ilheusnoticias.net.br\/v1\/wp-json\/wp\/v2\/posts\/12150\/revisions"}],"predecessor-version":[{"id":12160,"href":"https:\/\/www.ilheusnoticias.net.br\/v1\/wp-json\/wp\/v2\/posts\/12150\/revisions\/12160"}],"wp:attachment":[{"href":"https:\/\/www.ilheusnoticias.net.br\/v1\/wp-json\/wp\/v2\/media?parent=12150"}],"wp:term":[{"taxonomy":"category","embeddable":true,"href":"https:\/\/www.ilheusnoticias.net.br\/v1\/wp-json\/wp\/v2\/categories?post=12150"},{"taxonomy":"post_tag","embeddable":true,"href":"https:\/\/www.ilheusnoticias.net.br\/v1\/wp-json\/wp\/v2\/tags?post=12150"}],"curies":[{"name":"wp","href":"https:\/\/api.w.org\/{rel}","templated":true}]}}