{"id":12142,"date":"2018-01-25T15:08:35","date_gmt":"2018-01-25T18:08:35","guid":{"rendered":"http:\/\/www.ilheusnoticias.net.br\/v1\/?p=12142"},"modified":"2018-01-25T15:08:35","modified_gmt":"2018-01-25T18:08:35","slug":"dr-antonio-raimundo-da-silva-mota-e-o-novo-diretor-do-hospital-regional","status":"publish","type":"post","link":"https:\/\/www.ilheusnoticias.net.br\/v1\/2018\/01\/25\/dr-antonio-raimundo-da-silva-mota-e-o-novo-diretor-do-hospital-regional\/","title":{"rendered":"Dr. Antonio Raimundo da Silva Mota \u00e9 o novo Diretor do Hospital Regional"},"content":{"rendered":"<p>Sempre bem antenados e preocupado com a quest\u00e3o da Sa\u00fade em Ilh\u00e9us, o enfermeiro Ailton Fernandes, da COCI , nos informou as mudan\u00e7as na Diretoria do Hospital Regional de Ilh\u00e9us ,ocorrida hoje que ficar\u00e1 assim:<\/p>\n<p>Exonerado do Cargo de Diretor : Dr. Claudio Augusto da Silva Moura Costa ;<\/p>\n<p>Nomeado para o mesmo cargo: Dr. Antonio Raimundo da Silva Mota.<\/p>\n<p>J\u00e1 para o cargo de coordenador que era ocupado pelo novo diretor , foi nomeado o Dr. Deleon dos Santos Francisco.<\/p>\n<p>N\u00f3s esperamos que\u00a0 com essas mudan\u00e7as , exista tamb\u00e9m uma nova vis\u00e3o administrativa e que o povo realmente seja atendido nos seus pleitos<\/p>\n","protected":false},"excerpt":{"rendered":"<p>Sempre bem antenados e preocupado com a quest\u00e3o da Sa\u00fade em Ilh\u00e9us, o enfermeiro Ailton Fernandes, da COCI , nos informou as mudan\u00e7as na Diretoria do Hospital Regional de Ilh\u00e9us ,ocorrida hoje que ficar\u00e1 assim: Exonerado do Cargo de Diretor : Dr. Claudio Augusto da Silva Moura Costa ; Nomeado para o mesmo cargo: Dr. [&hellip;]<\/p>\n","protected":false},"author":2,"featured_media":0,"comment_status":"open","ping_status":"open","sticky":false,"template":"","format":"standard","meta":{"_links_to":"","_links_to_target":""},"categories":[7,9,8,1],"tags":[],"_links":{"self":[{"href":"https:\/\/www.ilheusnoticias.net.br\/v1\/wp-json\/wp\/v2\/posts\/12142"}],"collection":[{"href":"https:\/\/www.ilheusnoticias.net.br\/v1\/wp-json\/wp\/v2\/posts"}],"about":[{"href":"https:\/\/www.ilheusnoticias.net.br\/v1\/wp-json\/wp\/v2\/types\/post"}],"author":[{"embeddable":true,"href":"https:\/\/www.ilheusnoticias.net.br\/v1\/wp-json\/wp\/v2\/users\/2"}],"replies":[{"embeddable":true,"href":"https:\/\/www.ilheusnoticias.net.br\/v1\/wp-json\/wp\/v2\/comments?post=12142"}],"version-history":[{"count":1,"href":"https:\/\/www.ilheusnoticias.net.br\/v1\/wp-json\/wp\/v2\/posts\/12142\/revisions"}],"predecessor-version":[{"id":12143,"href":"https:\/\/www.ilheusnoticias.net.br\/v1\/wp-json\/wp\/v2\/posts\/12142\/revisions\/12143"}],"wp:attachment":[{"href":"https:\/\/www.ilheusnoticias.net.br\/v1\/wp-json\/wp\/v2\/media?parent=12142"}],"wp:term":[{"taxonomy":"category","embeddable":true,"href":"https:\/\/www.ilheusnoticias.net.br\/v1\/wp-json\/wp\/v2\/categories?post=12142"},{"taxonomy":"post_tag","embeddable":true,"href":"https:\/\/www.ilheusnoticias.net.br\/v1\/wp-json\/wp\/v2\/tags?post=12142"}],"curies":[{"name":"wp","href":"https:\/\/api.w.org\/{rel}","templated":true}]}}