{"id":12129,"date":"2018-01-24T11:34:56","date_gmt":"2018-01-24T14:34:56","guid":{"rendered":"http:\/\/www.ilheusnoticias.net.br\/v1\/?p=12129"},"modified":"2018-01-24T11:34:56","modified_gmt":"2018-01-24T14:34:56","slug":"monstro-homem-e-preso-suspeito-de-tentar-estuprar-crianca-de-8-anos-em-castro-alves","status":"publish","type":"post","link":"https:\/\/www.ilheusnoticias.net.br\/v1\/2018\/01\/24\/monstro-homem-e-preso-suspeito-de-tentar-estuprar-crianca-de-8-anos-em-castro-alves\/","title":{"rendered":"Monstro: Homem \u00e9 preso suspeito de tentar estuprar crian\u00e7a de 8 anos em Castro Alves"},"content":{"rendered":"<h3 class=\"post-title entry-title\"><\/h3>\n<div id=\"post-body-1529202347553147553\" class=\"post-body entry-content\">\n<div class=\"separator\"><a href=\"https:\/\/1.bp.blogspot.com\/-Im_nU2vlB6I\/WmhrGX-nQII\/AAAAAAAAQoc\/0AI4HqJ-iI8xSEWTNSmcDG08g1k_dN6hgCLcBGAs\/s1600\/pm-castro-alves.jpg\"><img loading=\"lazy\" class=\"\" src=\"https:\/\/1.bp.blogspot.com\/-Im_nU2vlB6I\/WmhrGX-nQII\/AAAAAAAAQoc\/0AI4HqJ-iI8xSEWTNSmcDG08g1k_dN6hgCLcBGAs\/s640\/pm-castro-alves.jpg\" alt=\"\" width=\"563\" height=\"407\" border=\"0\" data-original-height=\"340\" data-original-width=\"470\" \/><\/a><\/div>\n<div>Um homem foi preso nesta ter\u00e7a-feira (23) no munic\u00edpio de Castro Alves, no rec\u00f4ncavo da Bahia, suspeito de tentar estuprar uma menina de 8 anos. Ele foi localizado ap\u00f3s uma den\u00fancia an\u00f4nima.<\/div>\n<div><\/div>\n<div>O caso ocorreu na segunda-feira (22). Testemunhas contaram que o suspeito, de prenome Adailton, tentou levar a crian\u00e7a \u00e0 for\u00e7a para dentro de uma casa em constru\u00e7\u00e3o, na Rua do Gabino Santos, localizada no centro da cidade. A v\u00edtima teria gritado e vizinhos foram at\u00e9 o local para socorrer a crian\u00e7a. O homem fugiu, mas foi preso nesta ter\u00e7a, por volta das 12h, na Rua Alto da Maravilha. Ele foi localizado por policiais militares da 27\u00aa Companhia Independente (CIPM).<\/div>\n<div><\/div>\n<div>A pol\u00edcia n\u00e3o informou se o suspeito \u00e9 algum parente da crian\u00e7a. A PM informou que, ap\u00f3s a pris\u00e3o, o homem foi conduzido para a delegacia da cidade, onde a ocorr\u00eancia foi registrada. (G1)<\/div>\n<\/div>\n","protected":false},"excerpt":{"rendered":"<p>Um homem foi preso nesta ter\u00e7a-feira (23) no munic\u00edpio de Castro Alves, no rec\u00f4ncavo da Bahia, suspeito de tentar estuprar uma menina de 8 anos. Ele foi localizado ap\u00f3s uma den\u00fancia an\u00f4nima. O caso ocorreu na segunda-feira (22). Testemunhas contaram que o suspeito, de prenome Adailton, tentou levar a crian\u00e7a \u00e0 for\u00e7a para dentro de [&hellip;]<\/p>\n","protected":false},"author":2,"featured_media":0,"comment_status":"open","ping_status":"open","sticky":false,"template":"","format":"standard","meta":{"_links_to":"","_links_to_target":""},"categories":[7,9,8,1,5],"tags":[],"_links":{"self":[{"href":"https:\/\/www.ilheusnoticias.net.br\/v1\/wp-json\/wp\/v2\/posts\/12129"}],"collection":[{"href":"https:\/\/www.ilheusnoticias.net.br\/v1\/wp-json\/wp\/v2\/posts"}],"about":[{"href":"https:\/\/www.ilheusnoticias.net.br\/v1\/wp-json\/wp\/v2\/types\/post"}],"author":[{"embeddable":true,"href":"https:\/\/www.ilheusnoticias.net.br\/v1\/wp-json\/wp\/v2\/users\/2"}],"replies":[{"embeddable":true,"href":"https:\/\/www.ilheusnoticias.net.br\/v1\/wp-json\/wp\/v2\/comments?post=12129"}],"version-history":[{"count":1,"href":"https:\/\/www.ilheusnoticias.net.br\/v1\/wp-json\/wp\/v2\/posts\/12129\/revisions"}],"predecessor-version":[{"id":12130,"href":"https:\/\/www.ilheusnoticias.net.br\/v1\/wp-json\/wp\/v2\/posts\/12129\/revisions\/12130"}],"wp:attachment":[{"href":"https:\/\/www.ilheusnoticias.net.br\/v1\/wp-json\/wp\/v2\/media?parent=12129"}],"wp:term":[{"taxonomy":"category","embeddable":true,"href":"https:\/\/www.ilheusnoticias.net.br\/v1\/wp-json\/wp\/v2\/categories?post=12129"},{"taxonomy":"post_tag","embeddable":true,"href":"https:\/\/www.ilheusnoticias.net.br\/v1\/wp-json\/wp\/v2\/tags?post=12129"}],"curies":[{"name":"wp","href":"https:\/\/api.w.org\/{rel}","templated":true}]}}