{"id":12115,"date":"2018-01-24T11:19:05","date_gmt":"2018-01-24T14:19:05","guid":{"rendered":"http:\/\/www.ilheusnoticias.net.br\/v1\/?p=12115"},"modified":"2018-01-24T11:19:05","modified_gmt":"2018-01-24T14:19:05","slug":"em-discurso-lula-afirma-estou-extremamente-tranquilo-eles-se-preparem-porque-a-gente-vai-voltar","status":"publish","type":"post","link":"https:\/\/www.ilheusnoticias.net.br\/v1\/2018\/01\/24\/em-discurso-lula-afirma-estou-extremamente-tranquilo-eles-se-preparem-porque-a-gente-vai-voltar\/","title":{"rendered":"Em discurso, Lula afirma: &#8220;estou extremamente tranquilo. Eles se preparem porque a gente vai voltar&#8221;"},"content":{"rendered":"<div class=\"col-esq\">\n<div class=\"noticia-interna\">\n<article>\n<figure><img loading=\"lazy\" class=\"animated fadeIn\" title=\"Em discurso, Lula afirma: \" src=\"https:\/\/www.bocaonews.com.br\/fotos\/bocao_noticias\/196493\/IMAGEM_NOTICIA_0.jpg\" alt=\"[Em discurso, Lula afirma: \" width=\"397\" height=\"223\" data-load-image=\"\/fotos\/bocao_noticias\/196493\/IMAGEM_NOTICIA_0.jpg\" \/><\/figure>\n<div class=\"desc\">\n<div class=\"desc-noticia\">\n<p>Come\u00e7ou, \u00e0s 8h30, o julgamento dos recursos do ex-presidente Luiz In\u00e1cio Lula da Silva contra sua condena\u00e7\u00e3o a 9,6 anos de pris\u00e3o pelo juiz federal S\u00e9rgio Moro no caso do triplex no Guaruj\u00e1. A sess\u00e3o da 8\u00aa Turma, na sede do Tribunal Regional Federal da 4\u00aa Regi\u00e3o (TRF4), em Porto Alegre, vai apreciar nesta quarta-feira (24) apenas o processo do petista.<\/p>\n<p>Por volta das 10h08, Lula chegou no Sindicato dos Metal\u00fargicos do ABC, em S\u00e3o Bernardo do Campo. Ele estava em uma comitiva, em um ve\u00edculo preto. Lula estava acompanhado do advogado e compadre Roberto Teixeira, e do pr\u00e9-candidato ao governo de SP, Luiz Marinho. Em discurso, Lula afirmou que est\u00e1 &#8220;extremamente tranquilo e t\u00f4 com a consci\u00eancia de que n\u00e3o cometi nenhum crime. A \u00fanica coisa certa que pode acontecer \u00e9 eles dizerem que o Moro errou&#8221;.<\/p>\n<p>&#8220;Eu tenho muita disposi\u00e7\u00e3o e o que est\u00e1 acontecendo comigo \u00e9 muito pouco diante do que est\u00e1 acontecendo com milh\u00f5es de brasileiros desempregados nesse pa\u00eds. Talvez ainda n\u00e3o tenha passado o efeito da anestesia que foi dada no povo brasileiro. Se contou muita mentira sobre o PT, sobre a Dilma. Diziam que ia melhorar. Agora, \u00a0o povo est\u00e1 come\u00e7ando a acordar. Est\u00e3o vendendo nosso corpo. Rifando a Petrobras, o BNDES, a Caixa Econ\u00f4mica Federal. Resolveram criticar porque o PT estava fazendo demais. Porque est\u00e1vamos conversando demais com a Bol\u00edvia, com o Equador, com a Venezuela ao inv\u00e9s de conversar com os EUA. O que incomoda eles \u00e9 que a gente n\u00e3o queria ser mais do que ningu\u00e9m, mas n\u00e3o aceitamos ser menos.\u00a0Reclamaram das minhas rela\u00e7\u00f5es com a \u00c1frica. Esse pa\u00eds deve sua cultura a \u00c1frica, aos negros africanos. Somos resultado da miscigena\u00e7\u00e3o. Esse sindicato, desde que foi fundado em 59, mudou a hist\u00f3ria desse pa\u00eds. Eu sei o que esse sindicato significa pra democracia. A conquista que voc\u00eas tiveram ao longo dos anos incomodou a elite brasileira. Esse pa\u00eds sempre foi pensado para 35% da popula\u00e7\u00e3o. Pobre era apenas estat\u00edstica&#8221;, afirmou o petista.<\/p>\n<p>Dando continuidade ao discurso, Lula ressaltou que s\u00f3 ir\u00e1 parar de lutar quando morrer. &#8220;Quero agradecer os companheiros que est\u00e3o aqui comigo. Os companheiros do MST, do Levante Popular. Um beijo no cora\u00e7\u00e3o. Se tem uma coisa que carrego na alma \u00e9 que esse sindicato \u00e9 respons\u00e1vel por tudo que eu fui na vida. Eles se preparem porque a gente vai voltar e vai transformar esse pa\u00eds&#8221;.<\/p>\n<p><strong>Julgamento<\/strong><br \/>\nO recurso envolve o favorecimento da Construtora OAS em contratos com a Petrobras, com o pagamento de propina destinada ao Partido dos Trabalhadores e ao ex-presidente Lu\u00eds In\u00e1cio Lula da Silva, por meio do apartamento triplex do Guaruj\u00e1 e do dep\u00f3sito do acervo presidencial. As imputa\u00e7\u00f5es s\u00e3o de corrup\u00e7\u00f5es ativa e passiva e de lavagem de dinheiro. Esta ser\u00e1 a 24\u00aa apela\u00e7\u00e3o julgada pelo TRF4 contra senten\u00e7as proferidas em a\u00e7\u00f5es oriundas da Opera\u00e7\u00e3o Lava Jato.<\/p>\n<\/div>\n<\/div>\n<\/article>\n<\/div>\n<\/div>\n","protected":false},"excerpt":{"rendered":"<p>Come\u00e7ou, \u00e0s 8h30, o julgamento dos recursos do ex-presidente Luiz In\u00e1cio Lula da Silva contra sua condena\u00e7\u00e3o a 9,6 anos de pris\u00e3o pelo juiz federal S\u00e9rgio Moro no caso do triplex no Guaruj\u00e1. A sess\u00e3o da 8\u00aa Turma, na sede do Tribunal Regional Federal da 4\u00aa Regi\u00e3o (TRF4), em Porto Alegre, vai apreciar nesta quarta-feira [&hellip;]<\/p>\n","protected":false},"author":2,"featured_media":0,"comment_status":"open","ping_status":"open","sticky":false,"template":"","format":"standard","meta":{"_links_to":"","_links_to_target":""},"categories":[7,9,8,1],"tags":[],"_links":{"self":[{"href":"https:\/\/www.ilheusnoticias.net.br\/v1\/wp-json\/wp\/v2\/posts\/12115"}],"collection":[{"href":"https:\/\/www.ilheusnoticias.net.br\/v1\/wp-json\/wp\/v2\/posts"}],"about":[{"href":"https:\/\/www.ilheusnoticias.net.br\/v1\/wp-json\/wp\/v2\/types\/post"}],"author":[{"embeddable":true,"href":"https:\/\/www.ilheusnoticias.net.br\/v1\/wp-json\/wp\/v2\/users\/2"}],"replies":[{"embeddable":true,"href":"https:\/\/www.ilheusnoticias.net.br\/v1\/wp-json\/wp\/v2\/comments?post=12115"}],"version-history":[{"count":1,"href":"https:\/\/www.ilheusnoticias.net.br\/v1\/wp-json\/wp\/v2\/posts\/12115\/revisions"}],"predecessor-version":[{"id":12116,"href":"https:\/\/www.ilheusnoticias.net.br\/v1\/wp-json\/wp\/v2\/posts\/12115\/revisions\/12116"}],"wp:attachment":[{"href":"https:\/\/www.ilheusnoticias.net.br\/v1\/wp-json\/wp\/v2\/media?parent=12115"}],"wp:term":[{"taxonomy":"category","embeddable":true,"href":"https:\/\/www.ilheusnoticias.net.br\/v1\/wp-json\/wp\/v2\/categories?post=12115"},{"taxonomy":"post_tag","embeddable":true,"href":"https:\/\/www.ilheusnoticias.net.br\/v1\/wp-json\/wp\/v2\/tags?post=12115"}],"curies":[{"name":"wp","href":"https:\/\/api.w.org\/{rel}","templated":true}]}}