{"id":12112,"date":"2018-01-24T11:17:42","date_gmt":"2018-01-24T14:17:42","guid":{"rendered":"http:\/\/www.ilheusnoticias.net.br\/v1\/?p=12112"},"modified":"2018-01-24T11:17:42","modified_gmt":"2018-01-24T14:17:42","slug":"luto-em-ilheus-morre-o-medico-joao-quintela","status":"publish","type":"post","link":"https:\/\/www.ilheusnoticias.net.br\/v1\/2018\/01\/24\/luto-em-ilheus-morre-o-medico-joao-quintela\/","title":{"rendered":"Luto em Ilh\u00e9us: Morre o m\u00e9dico Jo\u00e3o Quintela"},"content":{"rendered":"<h1 class=\"entry_title\"><\/h1>\n<p><a href=\"http:\/\/www.ilheusnoticias.net.br\/v1\/wp-content\/uploads\/2018\/01\/quintela.jpg\" rel=\"attachment wp-att-12113\"><img loading=\"lazy\" class=\"aligncenter size-full wp-image-12113\" src=\"http:\/\/www.ilheusnoticias.net.br\/v1\/wp-content\/uploads\/2018\/01\/quintela.jpg\" alt=\"quintela\" width=\"400\" height=\"400\" srcset=\"https:\/\/www.ilheusnoticias.net.br\/v1\/wp-content\/uploads\/2018\/01\/quintela.jpg 400w, https:\/\/www.ilheusnoticias.net.br\/v1\/wp-content\/uploads\/2018\/01\/quintela-150x150.jpg 150w, https:\/\/www.ilheusnoticias.net.br\/v1\/wp-content\/uploads\/2018\/01\/quintela-300x300.jpg 300w\" sizes=\"(max-width: 400px) 100vw, 400px\" \/><\/a><\/p>\n<p>&nbsp;<\/p>\n<p>O m\u00e9dico Jo\u00e3o Quintela, que estava internado em Salvador, faleceu por volta da meia noite dessa quarta feira. Um dos mais conhecidos m\u00e9dicos de Ilh\u00e9us, Quintela faleceu em decorr\u00eancia de problemas no f\u00edgado. Com pesar, noticiamos o fato e externamos solidariedade a amigos e familiares<\/p>\n","protected":false},"excerpt":{"rendered":"<p>&nbsp; O m\u00e9dico Jo\u00e3o Quintela, que estava internado em Salvador, faleceu por volta da meia noite dessa quarta feira. Um dos mais conhecidos m\u00e9dicos de Ilh\u00e9us, Quintela faleceu em decorr\u00eancia de problemas no f\u00edgado. Com pesar, noticiamos o fato e externamos solidariedade a amigos e familiares<\/p>\n","protected":false},"author":2,"featured_media":0,"comment_status":"open","ping_status":"open","sticky":false,"template":"","format":"standard","meta":{"_links_to":"","_links_to_target":""},"categories":[7,9,8,1],"tags":[],"_links":{"self":[{"href":"https:\/\/www.ilheusnoticias.net.br\/v1\/wp-json\/wp\/v2\/posts\/12112"}],"collection":[{"href":"https:\/\/www.ilheusnoticias.net.br\/v1\/wp-json\/wp\/v2\/posts"}],"about":[{"href":"https:\/\/www.ilheusnoticias.net.br\/v1\/wp-json\/wp\/v2\/types\/post"}],"author":[{"embeddable":true,"href":"https:\/\/www.ilheusnoticias.net.br\/v1\/wp-json\/wp\/v2\/users\/2"}],"replies":[{"embeddable":true,"href":"https:\/\/www.ilheusnoticias.net.br\/v1\/wp-json\/wp\/v2\/comments?post=12112"}],"version-history":[{"count":1,"href":"https:\/\/www.ilheusnoticias.net.br\/v1\/wp-json\/wp\/v2\/posts\/12112\/revisions"}],"predecessor-version":[{"id":12114,"href":"https:\/\/www.ilheusnoticias.net.br\/v1\/wp-json\/wp\/v2\/posts\/12112\/revisions\/12114"}],"wp:attachment":[{"href":"https:\/\/www.ilheusnoticias.net.br\/v1\/wp-json\/wp\/v2\/media?parent=12112"}],"wp:term":[{"taxonomy":"category","embeddable":true,"href":"https:\/\/www.ilheusnoticias.net.br\/v1\/wp-json\/wp\/v2\/categories?post=12112"},{"taxonomy":"post_tag","embeddable":true,"href":"https:\/\/www.ilheusnoticias.net.br\/v1\/wp-json\/wp\/v2\/tags?post=12112"}],"curies":[{"name":"wp","href":"https:\/\/api.w.org\/{rel}","templated":true}]}}