{"id":12097,"date":"2018-01-23T12:05:51","date_gmt":"2018-01-23T15:05:51","guid":{"rendered":"http:\/\/www.ilheusnoticias.net.br\/v1\/?p=12097"},"modified":"2018-01-23T12:05:51","modified_gmt":"2018-01-23T15:05:51","slug":"rui-inaugura-forum-e-entrega-ambulancia-em-sao-goncalo-dos-campos","status":"publish","type":"post","link":"https:\/\/www.ilheusnoticias.net.br\/v1\/2018\/01\/23\/rui-inaugura-forum-e-entrega-ambulancia-em-sao-goncalo-dos-campos\/","title":{"rendered":"Rui inaugura f\u00f3rum e entrega ambul\u00e2ncia em S\u00e3o Gon\u00e7alo dos Campos"},"content":{"rendered":"<p><img loading=\"lazy\" class=\"\" src=\"https:\/\/attachment.outlook.office.net\/owa\/laudiceacarvalho62@hotmail.com\/service.svc\/s\/GetAttachmentThumbnail?id=AQMkADAwATYwMAItY2MANTgtODQxNC0wMAItMDAKAEYAAANqOYr2uMN4Qoz6pFp%2FhFoeBwAsxvM0hWqyT6EfSeQ8%2BPgA8AAAAgEMAAAALMbzNIVqsk%2BhH0nkPPj4APAAAVtixikAAAABEgAQAHKrCsyucJVDmngrM0fL%2FWQ%3D&amp;thumbnailType=2&amp;X-OWA-CANARY=S64NcEg0ZUiR_VdVw6OiL_CuKZdyYtUY0HVBvbRc7FXXHvWMWbRWYgtC-GzvibRdKq8V2R6_lyM.&amp;token=eyJ0eXAiOiJKV1QiLCJhbGciOiJSUzI1NiIsIng1dCI6ImVuaDlCSnJWUFU1aWpWMXFqWmpWLWZMMmJjbyJ9.eyJ2ZXIiOiJFeGNoYW5nZS5DYWxsYmFjay5WMSIsImFwcGN0eHNlbmRlciI6Ik93YURvd25sb2FkQDg0ZGY5ZTdmLWU5ZjYtNDBhZi1iNDM1LWFhYWFhYWFhYWFhYSIsImFwcGN0eCI6IntcIm1zZXhjaHByb3RcIjpcIm93YVwiLFwicHJpbWFyeXNpZFwiOlwiUy0xLTI4MjctMzkzMjE2LTM0MjgzNTMwNDRcIixcInB1aWRcIjpcIjE2ODg4NTMyODg2MTY5ODBcIixcIm9pZFwiOlwiMDAwNjAwMDAtY2M1OC04NDE0LTAwMDAtMDAwMDAwMDAwMDAwXCIsXCJzY29wZVwiOlwiT3dhRG93bmxvYWRcIn0iLCJpc3MiOiIwMDAwMDAwMi0wMDAwLTBmZjEtY2UwMC0wMDAwMDAwMDAwMDBAODRkZjllN2YtZTlmNi00MGFmLWI0MzUtYWFhYWFhYWFhYWFhIiwiYXVkIjoiMDAwMDAwMDItMDAwMC0wZmYxLWNlMDAtMDAwMDAwMDAwMDAwL2F0dGFjaG1lbnQub3V0bG9vay5vZmZpY2UubmV0QDg0ZGY5ZTdmLWU5ZjYtNDBhZi1iNDM1LWFhYWFhYWFhYWFhYSIsImV4cCI6MTUxNjcyMDI2OCwibmJmIjoxNTE2NzE5NjY4fQ.NKnx_S74WaLjSQ8xR_rtSIvjGP9XD7l2KtJvhDeQX2gbF66P_W2kit9ha7YQKWUq5NkO9fRYhCi6r_3WetQ6cuIafTaAtQGrkOFvs9AiWLSruy_U4rWi_TTQId9oyF2LPkOK_hb5-wkFTqJ5YaQ9dwDqAx6e4jyjbUNX-NH62GdN2rI2vTtNIDv-3jH9fCvUuvdRpq_7m-BZaG3tYzAuSRgTwdJqD9VQyAIpMZ8114Kgz7e56FiJJ61tcdAhzV0YYCiOAmjs3d5fECsELYRDf3W-ijT3f5zJbXyWoIKUnGZOoa-Mcz2tCJ2NLNpwOUOuYsUJALYuZt7gHPQT4nas4w&amp;owa=outlook.live.com&amp;isc=1\" alt=\"\" width=\"421\" height=\"280\" \/><\/p>\n<p>S\u00e3o Gon\u00e7alo dos Campos, cidade da regi\u00e3o do Rec\u00f4ncavo baiano, vizinha de Feira de Santana, agora conta com um f\u00f3rum completamente reformulado, inaugurado nesta ter\u00e7a-feira (23), com a presen\u00e7a do governador Rui Costa. A solenidade foi conduzida pela presidente do Tribunal de Justi\u00e7a da Bahia (TJBA), a desembargadora Maria do Socorro Barreto Santiago.<\/p>\n<p>\u201cFiz quest\u00e3o de estar aqui hoje. Primeiro, porque Maria do Socorro fez a recupera\u00e7\u00e3o da Justi\u00e7a em toda a Bahia, al\u00e9m da jun\u00e7\u00e3o de comarcas. Somos um estado grande, mas temos a vig\u00e9sima arrecada\u00e7\u00e3o per-capita do pa\u00eds. Isso se reflete em todos os poderes. Precisa ter muita serenidade no trato da coisa p\u00fablica\u201d, disse o governador sobre a gest\u00e3o da presidente do TJBA.<\/p>\n<p><!--more--><\/p>\n<p>Rui tamb\u00e9m entregou uma ambul\u00e2ncia para o munic\u00edpio, junto ao prefeito Carlos Germano e vereadores. \u201cPedi a ambul\u00e2ncia ontem e ela j\u00e1 est\u00e1 a\u00ed. O governador j\u00e1 ligou para o secret\u00e1rio estadual da Sa\u00fade [F\u00e1bio Vilas-Boas], e n\u00f3s vamos sentar para discutir a reforma do hospital do munic\u00edpio\u201d, declarou o prefeito.<\/p>\n<p>Na ocasi\u00e3o, o governador falou ainda das obras que j\u00e1 foram conclu\u00eddas na cidade, como o cal\u00e7amento de uma rua e um Sistema de Abastecimento de \u00c1gua (SAA) e de outras que ser\u00e3o iniciadas. \u201cHoje conversamos sobre a nova delegacia, sistema de monitoramento de c\u00e2meras, reforma da Escola Polivalente, v\u00e1rios SAA na zona rural e o hospital\u201d, anunciou Rui.<\/p>\n<p><b>Novo f\u00f3rum<\/b><\/p>\n<p>Rui participou da solenidade de inaugura\u00e7\u00e3o da obra de reforma e amplia\u00e7\u00e3o do pr\u00e9dio de dois pavimentos. Foram realizadas demoli\u00e7\u00f5es e constru\u00e7\u00e3o de paredes de alvenaria, constru\u00e7\u00e3o de paredes de drywall (sem uso de \u00e1gua), reformula\u00e7\u00e3o das instala\u00e7\u00f5es el\u00e9tricas e de telecomunica\u00e7\u00f5es, reforma de sanit\u00e1rios, reconfigura\u00e7\u00e3o das instala\u00e7\u00f5es hidr\u00e1ulicas, e cria\u00e7\u00e3o de sanit\u00e1rios e instala\u00e7\u00e3o de plataforma para Portadores de Necessidades Especiais (PNE), pintura geral e cria\u00e7\u00e3o de sal\u00e3o do j\u00fari, no pavimento t\u00e9rreo. Foram investidos R$ 576,8 mil pelo TJBA.<\/p>\n<p>\u201c\u00c9 com satisfa\u00e7\u00e3o que eu realizo essa entrega. A justi\u00e7a tamb\u00e9m precisa de uma prote\u00e7\u00e3o, de um f\u00f3rum condizente\u201d, afirmou a presidente do TJBA sobre a obra. Somente no m\u00eas de janeiro, ser\u00e3o entregues seis novos f\u00f3runs.<br \/>\nEstiveram presentes na solenidade familiares do governador Rui Costa que moram em S\u00e3o Gon\u00e7alo dos Campos, cidade onde nasceu o pai de Rui, Cl\u00f3vis dos Santos.<\/p>\n<p><b>Inaugura\u00e7\u00f5es<\/b><\/p>\n<p>O de Porto Seguro foi entregue no \u00faltimo dia 18, e at\u00e9 o dia 31 de janeiro, \u00faltimo dia da atual gest\u00e3o do TJBA, ser\u00e3o inaugurados os de Itabuna, Nazar\u00e9, Vera Cruz e Cama\u00e7ari, al\u00e9m do lan\u00e7amento da pedra fundamental do f\u00f3rum de Ilh\u00e9us.<\/p>\n","protected":false},"excerpt":{"rendered":"<p>S\u00e3o Gon\u00e7alo dos Campos, cidade da regi\u00e3o do Rec\u00f4ncavo baiano, vizinha de Feira de Santana, agora conta com um f\u00f3rum completamente reformulado, inaugurado nesta ter\u00e7a-feira (23), com a presen\u00e7a do governador Rui Costa. A solenidade foi conduzida pela presidente do Tribunal de Justi\u00e7a da Bahia (TJBA), a desembargadora Maria do Socorro Barreto Santiago. \u201cFiz quest\u00e3o [&hellip;]<\/p>\n","protected":false},"author":2,"featured_media":0,"comment_status":"open","ping_status":"open","sticky":false,"template":"","format":"standard","meta":{"_links_to":"","_links_to_target":""},"categories":[7,9,8,1],"tags":[],"_links":{"self":[{"href":"https:\/\/www.ilheusnoticias.net.br\/v1\/wp-json\/wp\/v2\/posts\/12097"}],"collection":[{"href":"https:\/\/www.ilheusnoticias.net.br\/v1\/wp-json\/wp\/v2\/posts"}],"about":[{"href":"https:\/\/www.ilheusnoticias.net.br\/v1\/wp-json\/wp\/v2\/types\/post"}],"author":[{"embeddable":true,"href":"https:\/\/www.ilheusnoticias.net.br\/v1\/wp-json\/wp\/v2\/users\/2"}],"replies":[{"embeddable":true,"href":"https:\/\/www.ilheusnoticias.net.br\/v1\/wp-json\/wp\/v2\/comments?post=12097"}],"version-history":[{"count":1,"href":"https:\/\/www.ilheusnoticias.net.br\/v1\/wp-json\/wp\/v2\/posts\/12097\/revisions"}],"predecessor-version":[{"id":12098,"href":"https:\/\/www.ilheusnoticias.net.br\/v1\/wp-json\/wp\/v2\/posts\/12097\/revisions\/12098"}],"wp:attachment":[{"href":"https:\/\/www.ilheusnoticias.net.br\/v1\/wp-json\/wp\/v2\/media?parent=12097"}],"wp:term":[{"taxonomy":"category","embeddable":true,"href":"https:\/\/www.ilheusnoticias.net.br\/v1\/wp-json\/wp\/v2\/categories?post=12097"},{"taxonomy":"post_tag","embeddable":true,"href":"https:\/\/www.ilheusnoticias.net.br\/v1\/wp-json\/wp\/v2\/tags?post=12097"}],"curies":[{"name":"wp","href":"https:\/\/api.w.org\/{rel}","templated":true}]}}