{"id":12095,"date":"2018-01-23T12:04:04","date_gmt":"2018-01-23T15:04:04","guid":{"rendered":"http:\/\/www.ilheusnoticias.net.br\/v1\/?p=12095"},"modified":"2018-01-23T12:04:05","modified_gmt":"2018-01-23T15:04:05","slug":"mei-com-cnpj-suspenso-tem-ate-terca-para-se-regularizar-e-evitar-cancelamento","status":"publish","type":"post","link":"https:\/\/www.ilheusnoticias.net.br\/v1\/2018\/01\/23\/mei-com-cnpj-suspenso-tem-ate-terca-para-se-regularizar-e-evitar-cancelamento\/","title":{"rendered":"MEI com CNPJ suspenso tem at\u00e9 ter\u00e7a para se regularizar e evitar cancelamento"},"content":{"rendered":"<div class=\"row content-head\"><\/div>\n<div class=\"row content-share-bar\">\n<div class=\"column medium-centered medium-22 large-20 content-share-bar__container\">\n<div id=\"share-bar\" class=\"share-bar share-bar-container share-theme-minimal share-bar-container share-theme-minimal\" data-url=\"https:\/\/g1.globo.com\/economia\/pme\/noticia\/mei-com-cnpj-suspenso-tem-ate-terca-para-se-regularizar-e-evitar-cancelamento.ghtml\" data-title=\"MEI com CNPJ suspenso tem at\u00e9 ter\u00e7a para se regularizar e evitar cancelamento\" data-image-url=\"https:\/\/s2.glbimg.com\/nfNqSn38-ZWWX9p1vJ8_NXFLQg0=\/1200x\/smart\/filters:cover():strip_icc()\/i.s3.glbimg.com\/v1\/AUTH_59edd422c0c84a879bd37670ae4f538a\/internal_photos\/bs\/2018\/S\/6\/c2xB1ARHyZlR5RwOzjZQ\/sem-titulo3.png\">Os micrompreendedores individuais (MEIs) inadimplentes que tiveram seu Cadastro Nacional de Pessoa Jur\u00eddica (CNPJ) suspenso podem se regularizar at\u00e9 ter\u00e7a-feira (23). Ap\u00f3s esse per\u00edodo, ocorrer\u00e1 o cancelamento definitivo dos CNPJs.<\/div>\n<\/div>\n<\/div>\n<div class=\"mc-article-body\">\n<article>\n<div class=\"mc-column content-text active-extra-styles \" data-block-type=\"unstyled\" data-block-weight=\"33\" data-block-id=\"2\">\n<p class=\"content-text__container \" data-track-category=\"Link no Texto\" data-track-links=\"\">S\u00e3o considerados inadimplentes os microempreendores que n\u00e3o pagaram nenhuma guia mensal (DAS) referente a 2015, 2016 e 2017 e que n\u00e3o entregaram nenhuma declara\u00e7\u00e3o anual (DASN-SIMEI) referentes aos anos de 2015 e 2016.<\/p>\n<\/div>\n<div class=\"mc-column content-media content-media--normal  content-photo\" data-block-type=\"backstage-photo\" data-block-id=\"3\">\n<div class=\"content-media__container\">\n<div class=\"content-media__image-centered\">\n<div class=\"progressive-img can-open-lightbox\" data-min-size=\"1008x567\" data-min-size-url=\"https:\/\/s2.glbimg.com\/EbmopT0AS7nyIyVfKcEYlV2ZFhE=\/0x0:1920x1080\/1008x0\/smart\/filters:strip_icc()\/i.s3.glbimg.com\/v1\/AUTH_59edd422c0c84a879bd37670ae4f538a\/internal_photos\/bs\/2018\/S\/6\/c2xB1ARHyZlR5RwOzjZQ\/sem-titulo3.png\" data-max-size=\"1600x900\" data-max-size-url=\"https:\/\/s2.glbimg.com\/2-ujny_pOAzRfxVS_fiBvbCYwrY=\/0x0:1920x1080\/1600x0\/smart\/filters:strip_icc()\/i.s3.glbimg.com\/v1\/AUTH_59edd422c0c84a879bd37670ae4f538a\/internal_photos\/bs\/2018\/S\/6\/c2xB1ARHyZlR5RwOzjZQ\/sem-titulo3.png\" data-media-index=\"0\">\n<div class=\"placeholder-container\"><\/div>\n<p><img class=\"progressive-draft\" title=\"Microempreendedor individual inadimplente poder\u00e1 ter CNPJ suspenso (Foto: Reprodu\u00e7\u00e3o\/Rede Amaz\u00f4nica)\" src=\"data:image\/jpeg;base64,\/9j\/4AAQSkZJRgABAQAAAQABAAD\/2wBDAAMCAgMCAgMDAwMEAwMEBQgFBQQEBQoHBwYIDAoMDAsKCwsNDhIQDQ4RDgsLEBYQERMUFRUVDA8XGBYUGBIUFRT\/2wBDAQMEBAUEBQkFBQkUDQsNFBQUFBQUFBQUFBQUFBQUFBQUFBQUFBQUFBQUFBQUFBQUFBQUFBQUFBQUFBQUFBQUFBT\/wgARCAAOABkDASIAAhEBAxEB\/8QAFwAAAwEAAAAAAAAAAAAAAAAAAwUGBP\/EABUBAQEAAAAAAAAAAAAAAAAAAAMC\/9oADAMBAAIQAxAAAAF+OcQkz6E3U0J\/\/8QAHBAAAQQDAQAAAAAAAAAAAAAABAECAwUABhYS\/9oACAEBAAEFAnijhyyGowqzuiETrrXDHetu3EoZpFbCk5XPCZ\/\/xAAYEQEBAAMAAAAAAAAAAAAAAAACABETMf\/aAAgBAwEBPwEnNqK5f\/\/EABoRAAICAwAAAAAAAAAAAAAAAAABAgMEERP\/2gAIAQIBAT8BleyeVyej\/8QAKxAAAQMDAQMNAAAAAAAAAAAAAgEDEQASIQQFMlETIiQxM0FSYoGRkqHB\/9oACAEBAAY\/AmG0e1BEa5tdi1PFHCjaacOQgsvYUedP2lEFpqliEitZXKd\/Ctxv4DWyW256Tpsz5pX8orW3Ef059vfm4er0ptkSWEXl3DPJOEvGt1fev\/\/EAB0QAQABBAMBAAAAAAAAAAAAAAERACExQRBRYXH\/2gAIAQEAAT8hGg0BHsehFttSh665hL02APNUqJPDDsNZEM44+NQEoYktPxSM+y5O5AwB3n5StIE0cMpdcD\/\/2gAMAwEAAgADAAAAEAEP\/8QAGhEBAQACAwAAAAAAAAAAAAAAAREAITFBUf\/aAAgBAwEBPxCr2YgIRNNTnuaz\/8QAGxEAAgIDAQAAAAAAAAAAAAAAAREAQSExkfH\/2gAIAQIBAT8QEIZ35AN5trlif\/\/EABwQAQEBAAIDAQAAAAAAAAAAAAERIQAxEEFR8f\/aAAgBAQABPxAK1ZNiEGQoxo98HmSJMAJTY1VK7JMCqyJMkNQlhgPiecmWg9J9oBp2vy8LgcARhFomdgmI1PHrUm4xMN2V3n7zn\/\/Z\" alt=\"Microempreendedor individual inadimplente poder\u00e1 ter CNPJ suspenso (Foto: Reprodu\u00e7\u00e3o\/Rede Amaz\u00f4nica)\" \/><picture><source srcset=\"https:\/\/s2.glbimg.com\/EvSDchV0p2gItFTx8-B95CgLDOc=\/0x0:1920x1080\/600x0\/smart\/filters:strip_icc()\/i.s3.glbimg.com\/v1\/AUTH_59edd422c0c84a879bd37670ae4f538a\/internal_photos\/bs\/2018\/S\/6\/c2xB1ARHyZlR5RwOzjZQ\/sem-titulo3.png 1x, https:\/\/s2.glbimg.com\/uJXmVJ6XxJinDyad55F9VxLhHP8=\/0x0:1920x1080\/1200x0\/smart\/filters:strip_icc()\/i.s3.glbimg.com\/v1\/AUTH_59edd422c0c84a879bd37670ae4f538a\/internal_photos\/bs\/2018\/S\/6\/c2xB1ARHyZlR5RwOzjZQ\/sem-titulo3.png 2x\" media=\"(max-width: 1024px)\" data-src=\"https:\/\/s2.glbimg.com\/EvSDchV0p2gItFTx8-B95CgLDOc=\/0x0:1920x1080\/600x0\/smart\/filters:strip_icc()\/i.s3.glbimg.com\/v1\/AUTH_59edd422c0c84a879bd37670ae4f538a\/internal_photos\/bs\/2018\/S\/6\/c2xB1ARHyZlR5RwOzjZQ\/sem-titulo3.png 1x, https:\/\/s2.glbimg.com\/uJXmVJ6XxJinDyad55F9VxLhHP8=\/0x0:1920x1080\/1200x0\/smart\/filters:strip_icc()\/i.s3.glbimg.com\/v1\/AUTH_59edd422c0c84a879bd37670ae4f538a\/internal_photos\/bs\/2018\/S\/6\/c2xB1ARHyZlR5RwOzjZQ\/sem-titulo3.png 2x\" \/><source srcset=\"https:\/\/s2.glbimg.com\/ZshqlRvxQuIZkCcZTlE1FFRH4sg=\/0x0:1920x1080\/640x0\/smart\/filters:strip_icc()\/i.s3.glbimg.com\/v1\/AUTH_59edd422c0c84a879bd37670ae4f538a\/internal_photos\/bs\/2018\/S\/6\/c2xB1ARHyZlR5RwOzjZQ\/sem-titulo3.png 1x, https:\/\/s2.glbimg.com\/FXdY6GWgRx_6jqxjn0TZKxeAPTo=\/0x0:1920x1080\/1280x0\/smart\/filters:strip_icc()\/i.s3.glbimg.com\/v1\/AUTH_59edd422c0c84a879bd37670ae4f538a\/internal_photos\/bs\/2018\/S\/6\/c2xB1ARHyZlR5RwOzjZQ\/sem-titulo3.png 2x\" media=\"(max-width: 1280px)\" data-src=\"https:\/\/s2.glbimg.com\/ZshqlRvxQuIZkCcZTlE1FFRH4sg=\/0x0:1920x1080\/640x0\/smart\/filters:strip_icc()\/i.s3.glbimg.com\/v1\/AUTH_59edd422c0c84a879bd37670ae4f538a\/internal_photos\/bs\/2018\/S\/6\/c2xB1ARHyZlR5RwOzjZQ\/sem-titulo3.png 1x, https:\/\/s2.glbimg.com\/FXdY6GWgRx_6jqxjn0TZKxeAPTo=\/0x0:1920x1080\/1280x0\/smart\/filters:strip_icc()\/i.s3.glbimg.com\/v1\/AUTH_59edd422c0c84a879bd37670ae4f538a\/internal_photos\/bs\/2018\/S\/6\/c2xB1ARHyZlR5RwOzjZQ\/sem-titulo3.png 2x\" \/><source srcset=\"https:\/\/s2.glbimg.com\/X064qZRlPA0LsMI9utr4Zcx_HVM=\/0x0:1920x1080\/984x0\/smart\/filters:strip_icc()\/i.s3.glbimg.com\/v1\/AUTH_59edd422c0c84a879bd37670ae4f538a\/internal_photos\/bs\/2018\/S\/6\/c2xB1ARHyZlR5RwOzjZQ\/sem-titulo3.png 1x, https:\/\/s2.glbimg.com\/KsObyx7OWVxZvPprvaUp1iLCjlc=\/0x0:1920x1080\/1968x0\/smart\/filters:strip_icc()\/i.s3.glbimg.com\/v1\/AUTH_59edd422c0c84a879bd37670ae4f538a\/internal_photos\/bs\/2018\/S\/6\/c2xB1ARHyZlR5RwOzjZQ\/sem-titulo3.png 2x\" media=\"(max-width: 1360px)\" data-src=\"https:\/\/s2.glbimg.com\/X064qZRlPA0LsMI9utr4Zcx_HVM=\/0x0:1920x1080\/984x0\/smart\/filters:strip_icc()\/i.s3.glbimg.com\/v1\/AUTH_59edd422c0c84a879bd37670ae4f538a\/internal_photos\/bs\/2018\/S\/6\/c2xB1ARHyZlR5RwOzjZQ\/sem-titulo3.png 1x, https:\/\/s2.glbimg.com\/KsObyx7OWVxZvPprvaUp1iLCjlc=\/0x0:1920x1080\/1968x0\/smart\/filters:strip_icc()\/i.s3.glbimg.com\/v1\/AUTH_59edd422c0c84a879bd37670ae4f538a\/internal_photos\/bs\/2018\/S\/6\/c2xB1ARHyZlR5RwOzjZQ\/sem-titulo3.png 2x\" \/><source srcset=\"https:\/\/s2.glbimg.com\/QIwJ6f8kf0HfUUyHnLenOOL8H90=\/0x0:1920x1080\/1000x0\/smart\/filters:strip_icc()\/i.s3.glbimg.com\/v1\/AUTH_59edd422c0c84a879bd37670ae4f538a\/internal_photos\/bs\/2018\/S\/6\/c2xB1ARHyZlR5RwOzjZQ\/sem-titulo3.png 1x, https:\/\/s2.glbimg.com\/DY5z6td4f2vTBZR_Dqd5VZ38LKc=\/0x0:1920x1080\/2000x0\/smart\/filters:strip_icc()\/i.s3.glbimg.com\/v1\/AUTH_59edd422c0c84a879bd37670ae4f538a\/internal_photos\/bs\/2018\/S\/6\/c2xB1ARHyZlR5RwOzjZQ\/sem-titulo3.png 2x\" media=\"(min-width: 1361px)\" data-src=\"https:\/\/s2.glbimg.com\/QIwJ6f8kf0HfUUyHnLenOOL8H90=\/0x0:1920x1080\/1000x0\/smart\/filters:strip_icc()\/i.s3.glbimg.com\/v1\/AUTH_59edd422c0c84a879bd37670ae4f538a\/internal_photos\/bs\/2018\/S\/6\/c2xB1ARHyZlR5RwOzjZQ\/sem-titulo3.png 1x, https:\/\/s2.glbimg.com\/DY5z6td4f2vTBZR_Dqd5VZ38LKc=\/0x0:1920x1080\/2000x0\/smart\/filters:strip_icc()\/i.s3.glbimg.com\/v1\/AUTH_59edd422c0c84a879bd37670ae4f538a\/internal_photos\/bs\/2018\/S\/6\/c2xB1ARHyZlR5RwOzjZQ\/sem-titulo3.png 2x\" \/><source srcset=\"https:\/\/s2.glbimg.com\/X064qZRlPA0LsMI9utr4Zcx_HVM=\/0x0:1920x1080\/984x0\/smart\/filters:strip_icc()\/i.s3.glbimg.com\/v1\/AUTH_59edd422c0c84a879bd37670ae4f538a\/internal_photos\/bs\/2018\/S\/6\/c2xB1ARHyZlR5RwOzjZQ\/sem-titulo3.png\" data-src=\"https:\/\/s2.glbimg.com\/X064qZRlPA0LsMI9utr4Zcx_HVM=\/0x0:1920x1080\/984x0\/smart\/filters:strip_icc()\/i.s3.glbimg.com\/v1\/AUTH_59edd422c0c84a879bd37670ae4f538a\/internal_photos\/bs\/2018\/S\/6\/c2xB1ARHyZlR5RwOzjZQ\/sem-titulo3.png\" \/><img class=\"image content-media__image progressive-loaded\" title=\"Microempreendedor individual inadimplente poder\u00e1 ter CNPJ suspenso (Foto: Reprodu\u00e7\u00e3o\/Rede Amaz\u00f4nica)\" src=\"https:\/\/s2.glbimg.com\/X064qZRlPA0LsMI9utr4Zcx_HVM=\/0x0:1920x1080\/984x0\/smart\/filters:strip_icc()\/i.s3.glbimg.com\/v1\/AUTH_59edd422c0c84a879bd37670ae4f538a\/internal_photos\/bs\/2018\/S\/6\/c2xB1ARHyZlR5RwOzjZQ\/sem-titulo3.png\" alt=\"Microempreendedor individual inadimplente poder\u00e1 ter CNPJ suspenso (Foto: Reprodu\u00e7\u00e3o\/Rede Amaz\u00f4nica)\" data-src=\"https:\/\/s2.glbimg.com\/X064qZRlPA0LsMI9utr4Zcx_HVM=\/0x0:1920x1080\/984x0\/smart\/filters:strip_icc()\/i.s3.glbimg.com\/v1\/AUTH_59edd422c0c84a879bd37670ae4f538a\/internal_photos\/bs\/2018\/S\/6\/c2xB1ARHyZlR5RwOzjZQ\/sem-titulo3.png\" \/><\/picture><\/div>\n<\/div>\n<div class=\"content-media__description-centered \">\n<p class=\"content-media__description\"><i class=\"content-media__description__icon theme-color-primary\"><\/i><span class=\"content-media__description__caption\">Microempreendedor individual inadimplente poder\u00e1 ter CNPJ suspenso (Foto: Reprodu\u00e7\u00e3o\/Rede Amaz\u00f4nica)<\/span><\/p>\n<\/div>\n<\/div>\n<\/div>\n<div class=\"mc-column content-text active-extra-styles \" data-block-type=\"unstyled\" data-block-weight=\"38\" data-block-id=\"4\">\n<p class=\"content-text__container \" data-track-category=\"Link no Texto\" data-track-links=\"\">Segundo o Minist\u00e9rio da Ind\u00fastria, Com\u00e9rcio Exterior e Servi\u00e7os (MDIC), a listagem dos CNPJs suspensos pode ser encontrada no <a href=\"http:\/\/www.portaldoempreendedor.gov.br\/temas\/ja-sou\/servicos\/saiba-mais-sobre-a-suspensao-de-inscricao-do-mei\/suspensao\" target=\"_blank\">Portal do Empreendedor<\/a>. O montante de CNPJs suspensos representa 18,9% de todos os registros ativos de microempreendedores individuais (7.574.408).<\/p>\n<\/div>\n<div class=\"mc-column content-text active-extra-styles \" data-block-type=\"unstyled\" data-block-weight=\"33\" data-block-id=\"5\">\n<p class=\"content-text__container \" data-track-category=\"Link no Texto\" data-track-links=\"\">O microempreendedor pode pedir o parcelamento dos seus d\u00e9bitos em at\u00e9 60 meses. Se ele fizer algum dos pagamentos pendentes ou entregar alguma das declara\u00e7\u00f5es atrasadas at\u00e9 o dia 23, evitar\u00e1 o cancelamento.<\/p>\n<\/div>\n<div class=\"mc-column content-text active-extra-styles \" data-block-type=\"unstyled\" data-block-weight=\"38\" data-block-id=\"6\">\n<p class=\"content-text__container \" data-track-category=\"Link no Texto\" data-track-links=\"\">De acordo com o governo, a baixa definitiva do CNPJ n\u00e3o poder\u00e1 ser revertida e os d\u00e9bitos v\u00e3o migrar automaticamente para o CPF vinculado. Para continuar a exercer alguma atividade econ\u00f4mica formalmente, o microempreendedor dever\u00e1 tirar novo CNPJ.<\/p>\n<\/div>\n<div class=\"mc-column content-text active-extra-styles \" data-block-type=\"unstyled\" data-block-weight=\"49\" data-block-id=\"7\">\n<p class=\"content-text__container \" data-track-category=\"Link no Texto\" data-track-links=\"\">O Minist\u00e9rio da Ind\u00fastria lembrou que o cancelamento da inscri\u00e7\u00e3o do MEI \u00e9 previsto no Estatuto da Microempresa e da Empresa de Pequeno Porte, regulamentado pela Resolu\u00e7\u00e3o 36 de 2016, do Comit\u00ea Gestor, criada para tratar do processo de registro e de legaliza\u00e7\u00e3o de empres\u00e1rios e de pessoas jur\u00eddicas.<\/p>\n<\/div>\n<div data-track-category=\"fim do conteudo\" data-track-action=\"ultimo chunk conteudo\" data-track-noninteraction=\"false\" data-track-scroll=\"entrada completa viewport\">\n<div class=\"mc-column content-text active-extra-styles \" data-block-type=\"unstyled\" data-block-weight=\"34\" data-block-id=\"8\">\n<p class=\"content-text__container \" data-track-category=\"Link no Texto\" data-track-links=\"\">Desde maio, clientes de 12 bancos p\u00fablicos e privados passaram a cadastrar a contribui\u00e7\u00e3o mensal do MEI em d\u00e9bito autom\u00e1tico. Desde junho, clientes do Banco do Brasil podem fazer o pagamento das faturas online.<\/p>\n<\/div>\n<\/div>\n<\/article>\n<\/div>\n","protected":false},"excerpt":{"rendered":"<p>Os micrompreendedores individuais (MEIs) inadimplentes que tiveram seu Cadastro Nacional de Pessoa Jur\u00eddica (CNPJ) suspenso podem se regularizar at\u00e9 ter\u00e7a-feira (23). Ap\u00f3s esse per\u00edodo, ocorrer\u00e1 o cancelamento definitivo dos CNPJs. S\u00e3o considerados inadimplentes os microempreendores que n\u00e3o pagaram nenhuma guia mensal (DAS) referente a 2015, 2016 e 2017 e que n\u00e3o entregaram nenhuma declara\u00e7\u00e3o anual [&hellip;]<\/p>\n","protected":false},"author":2,"featured_media":0,"comment_status":"open","ping_status":"open","sticky":false,"template":"","format":"standard","meta":{"_links_to":"","_links_to_target":""},"categories":[7,9,8,1],"tags":[],"_links":{"self":[{"href":"https:\/\/www.ilheusnoticias.net.br\/v1\/wp-json\/wp\/v2\/posts\/12095"}],"collection":[{"href":"https:\/\/www.ilheusnoticias.net.br\/v1\/wp-json\/wp\/v2\/posts"}],"about":[{"href":"https:\/\/www.ilheusnoticias.net.br\/v1\/wp-json\/wp\/v2\/types\/post"}],"author":[{"embeddable":true,"href":"https:\/\/www.ilheusnoticias.net.br\/v1\/wp-json\/wp\/v2\/users\/2"}],"replies":[{"embeddable":true,"href":"https:\/\/www.ilheusnoticias.net.br\/v1\/wp-json\/wp\/v2\/comments?post=12095"}],"version-history":[{"count":1,"href":"https:\/\/www.ilheusnoticias.net.br\/v1\/wp-json\/wp\/v2\/posts\/12095\/revisions"}],"predecessor-version":[{"id":12096,"href":"https:\/\/www.ilheusnoticias.net.br\/v1\/wp-json\/wp\/v2\/posts\/12095\/revisions\/12096"}],"wp:attachment":[{"href":"https:\/\/www.ilheusnoticias.net.br\/v1\/wp-json\/wp\/v2\/media?parent=12095"}],"wp:term":[{"taxonomy":"category","embeddable":true,"href":"https:\/\/www.ilheusnoticias.net.br\/v1\/wp-json\/wp\/v2\/categories?post=12095"},{"taxonomy":"post_tag","embeddable":true,"href":"https:\/\/www.ilheusnoticias.net.br\/v1\/wp-json\/wp\/v2\/tags?post=12095"}],"curies":[{"name":"wp","href":"https:\/\/api.w.org\/{rel}","templated":true}]}}