{"id":12088,"date":"2018-01-23T11:58:15","date_gmt":"2018-01-23T14:58:15","guid":{"rendered":"http:\/\/www.ilheusnoticias.net.br\/v1\/?p=12088"},"modified":"2018-01-23T11:58:15","modified_gmt":"2018-01-23T14:58:15","slug":"criminosos-mortos-em-confronto-com-a-pm-em-sao-joao-do-paraiso-eram-de-itabuna-e-olivenca","status":"publish","type":"post","link":"https:\/\/www.ilheusnoticias.net.br\/v1\/2018\/01\/23\/criminosos-mortos-em-confronto-com-a-pm-em-sao-joao-do-paraiso-eram-de-itabuna-e-olivenca\/","title":{"rendered":"Criminosos mortos em confronto com a PM em S\u00e3o Jo\u00e3o do Para\u00edso eram de Itabuna e Oliven\u00e7a"},"content":{"rendered":"<h3 class=\"post-title entry-title\"><\/h3>\n<div id=\"post-body-6762600225891095875\" class=\"post-body entry-content\">\n<div class=\"separator\"><a href=\"https:\/\/3.bp.blogspot.com\/-A8IbL2Jxq9A\/WmbTbm43ycI\/AAAAAAAEcsI\/JN0JdnVXtgglCKc1PiAe5nODOJtgBHjVgCLcBGAs\/s1600\/WhatsApp%2BImage%2B2018-01-22%2Bat%2B19.39.18.jpeg\"><img loading=\"lazy\" class=\"\" src=\"https:\/\/3.bp.blogspot.com\/-A8IbL2Jxq9A\/WmbTbm43ycI\/AAAAAAAEcsI\/JN0JdnVXtgglCKc1PiAe5nODOJtgBHjVgCLcBGAs\/s640\/WhatsApp%2BImage%2B2018-01-22%2Bat%2B19.39.18.jpeg\" alt=\"\" width=\"491\" height=\"399\" border=\"0\" data-original-height=\"585\" data-original-width=\"720\" \/><\/a><\/div>\n<div>Os tr\u00eas elementos mortos na tarde deste domingo (21) em confronto com a Pol\u00edcia Militar na cidade de S\u00e3o Jo\u00e3o do Para\u00edso foram identificados como Matheus Silva Santos, vulgo \u201cbesta\u201d, 23 anos, morador do bairro Pedro Ger\u00f4nimo; Victor, morador do bairro Manoel Le\u00e3o, ambos em Itabuna; e Gustavo, morador de Oliven\u00e7a.<\/div>\n<\/div>\n<div><\/div>\n<p><!--more--><\/p>\n<div id=\"post-body-6762600225891095875\" class=\"post-body entry-content\">\n<div><\/div>\n<div>Segundo informa\u00e7\u00f5es, Matheus fazia parte da fac\u00e7\u00e3o DMP. Ele era irm\u00e3o de \u201cninho boc\u00e3o\u201d e de Fred, morto h\u00e1 um tempo atr\u00e1s.<\/div>\n<div><\/div>\n<div>Os criminosos chegaram a ser socorridos para Hospital da cidade de Camacan, mas n\u00e3o resistiram aos ferimentos, indo a \u00f3bito.<\/div>\n<div><\/div>\n<div>Com os indiv\u00edduos a pol\u00edcia encontrou um rev\u00f3lver calibre 38, um rev\u00f3lver calibre 32, uma arma artesanal e uma espingarda.<\/div>\n<div><\/div>\n<div>Os corpos foram encaminhados para o Departamento de Pol\u00edcia T\u00e9cnica de Itabuna.<\/div>\n<\/div>\n","protected":false},"excerpt":{"rendered":"<p>Os tr\u00eas elementos mortos na tarde deste domingo (21) em confronto com a Pol\u00edcia Militar na cidade de S\u00e3o Jo\u00e3o do Para\u00edso foram identificados como Matheus Silva Santos, vulgo \u201cbesta\u201d, 23 anos, morador do bairro Pedro Ger\u00f4nimo; Victor, morador do bairro Manoel Le\u00e3o, ambos em Itabuna; e Gustavo, morador de Oliven\u00e7a.<\/p>\n","protected":false},"author":2,"featured_media":0,"comment_status":"open","ping_status":"open","sticky":false,"template":"","format":"standard","meta":{"_links_to":"","_links_to_target":""},"categories":[7,9,8,1],"tags":[],"_links":{"self":[{"href":"https:\/\/www.ilheusnoticias.net.br\/v1\/wp-json\/wp\/v2\/posts\/12088"}],"collection":[{"href":"https:\/\/www.ilheusnoticias.net.br\/v1\/wp-json\/wp\/v2\/posts"}],"about":[{"href":"https:\/\/www.ilheusnoticias.net.br\/v1\/wp-json\/wp\/v2\/types\/post"}],"author":[{"embeddable":true,"href":"https:\/\/www.ilheusnoticias.net.br\/v1\/wp-json\/wp\/v2\/users\/2"}],"replies":[{"embeddable":true,"href":"https:\/\/www.ilheusnoticias.net.br\/v1\/wp-json\/wp\/v2\/comments?post=12088"}],"version-history":[{"count":1,"href":"https:\/\/www.ilheusnoticias.net.br\/v1\/wp-json\/wp\/v2\/posts\/12088\/revisions"}],"predecessor-version":[{"id":12089,"href":"https:\/\/www.ilheusnoticias.net.br\/v1\/wp-json\/wp\/v2\/posts\/12088\/revisions\/12089"}],"wp:attachment":[{"href":"https:\/\/www.ilheusnoticias.net.br\/v1\/wp-json\/wp\/v2\/media?parent=12088"}],"wp:term":[{"taxonomy":"category","embeddable":true,"href":"https:\/\/www.ilheusnoticias.net.br\/v1\/wp-json\/wp\/v2\/categories?post=12088"},{"taxonomy":"post_tag","embeddable":true,"href":"https:\/\/www.ilheusnoticias.net.br\/v1\/wp-json\/wp\/v2\/tags?post=12088"}],"curies":[{"name":"wp","href":"https:\/\/api.w.org\/{rel}","templated":true}]}}