{"id":12083,"date":"2018-01-23T11:55:22","date_gmt":"2018-01-23T14:55:22","guid":{"rendered":"http:\/\/www.ilheusnoticias.net.br\/v1\/?p=12083"},"modified":"2018-01-23T11:55:22","modified_gmt":"2018-01-23T14:55:22","slug":"empresaria-diana-magalhaes-agradece-ao-vice-governador-joao-leao-pelo-polo-de-marmorarias-e-beneficiamento-mineral","status":"publish","type":"post","link":"https:\/\/www.ilheusnoticias.net.br\/v1\/2018\/01\/23\/empresaria-diana-magalhaes-agradece-ao-vice-governador-joao-leao-pelo-polo-de-marmorarias-e-beneficiamento-mineral\/","title":{"rendered":"Empres\u00e1ria Diana Magalh\u00e3es agradece ao vice governador Jo\u00e3o Le\u00e3o pelo Polo de marmorarias e beneficiamento mineral"},"content":{"rendered":"<div id=\"js_mf\" class=\"_5pbx userContent _3576\" data-ft=\"{&quot;tn&quot;:&quot;K&quot;}\">\n<p><img loading=\"lazy\" class=\"\" src=\"https:\/\/scontent.fvdc1-1.fna.fbcdn.net\/v\/t1.0-9\/25552127_910822139076225_6266340895398202347_n.jpg?oh=34cc00cb0a45edb89ed785b78d939182&amp;oe=5AF842AE\" alt=\"A imagem pode conter: 2 pessoas, pessoas sorrindo, oceano, c\u00e9u, atividades ao ar livre, \u00e1gua e natureza\" width=\"392\" height=\"392\" \/><\/p>\n<p>A empres\u00e1ria Diana Magalh\u00e3es agradeceu em suas redes sociais uma luta por ela e esposo , desenvolvida h\u00e1 muitos anos , e disse : &#8220;Ser\u00e1 uma realiza\u00e7\u00e3o conquistada pelo Simagran que tem hoje no seu corpo diret\u00f3rio Carlos Araujo assim, como, a FIEB e o Governo do Estado. Obrigada Jo\u00e3o Le\u00e3o pela dedica\u00e7\u00e3o que muito tem dispensado no sentido de tornar real um sonho que v\u00edamos buscando a bastante tempo. tornado poss\u00edvel, a exist\u00eancia de um polo de marmorarias e de beneficiamento mineral, que trar\u00e1 ao Munic\u00edpio de Terra Nova e Paramirim desenvolvimento, emprego e renda. \u00c9 de governantes assim, que o pais tanto necessita. Em tempo: agradecemos tamb\u00e9m, a participa\u00e7\u00e3o do Deputado Eduardo Sales que juntamente tem contribu\u00eddo com este projeto&#8221;.<\/p>\n<\/div>\n<div class=\"_3x-2\" data-ft=\"{&quot;tn&quot;:&quot;H&quot;}\">\n<div data-ft=\"{&quot;tn&quot;:&quot;H&quot;}\"><\/div>\n<div>\n<div class=\"_5r69 _sds _1hvl\">\n<div class=\"mts\">\n<div data-ft=\"{&quot;tn&quot;:&quot;H&quot;}\">\n<div class=\"mtm\">\n<div class=\"_2a2q\">\n<div class=\"uiScaledImageContainer\"><img loading=\"lazy\" class=\"scaledImageFitWidth img\" src=\"https:\/\/scontent.fvdc1-1.fna.fbcdn.net\/v\/t1.0-0\/p235x350\/26804703_1981570835205327_8161842480266762408_n.jpg?oh=99ba00538536a2b6bd379b9c928301ed&amp;oe=5B23AE1C\" alt=\"A imagem pode conter: 1 pessoa, sentado e \u00e1rea interna\" width=\"492\" height=\"328\" \/><\/div>\n<div class=\"uiScaledImageContainer\"><img loading=\"lazy\" class=\"scaledImageFitWidth img\" src=\"https:\/\/scontent.fvdc1-1.fna.fbcdn.net\/v\/t1.0-0\/p235x350\/26815411_1981570871871990_3771460915328987407_n.jpg?oh=05c89c69b225d3b6f1562b2f1b9e457e&amp;oe=5AE0F67F\" alt=\"A imagem pode conter: 5 pessoas, pessoas sentadas, mesa e \u00e1rea interna\" width=\"492\" height=\"328\" \/><\/div>\n<\/div>\n<\/div>\n<\/div>\n<div class=\"mtm _5pcm\">\n<div class=\"_171_\"><\/div>\n<div class=\"mtm _5pco\" data-ft=\"{&quot;tn&quot;:&quot;K&quot;}\">\n<div id=\"id_5a674b88a61f71d54590630\" class=\"text_exposed_root text_exposed\">\n<p>A Agter avan\u00e7a cada vez mais no projeto de estruturarmos a cria\u00e7\u00e3o do polo das ind\u00fastrias de beneficiamento de m\u00e1rmores e granitos no munic\u00edpio de Terra Nova e <span class=\"text_exposed_show\">a escola de capacita\u00e7\u00e3o de profissionais para a produ\u00e7\u00e3o mineral da Bahia, l\u00e1 em Paramirim. Realizamos hoje mais uma reuni\u00e3o com a presen\u00e7a do Simagran, da Abirochas, da Secretaria de Desenvolvimento Econ\u00f4mico e da Fieb. Vamos em frente por uma Bahia de progresso e desenvolvimento.<\/span><\/p>\n<\/div>\n<\/div>\n<\/div>\n<\/div>\n<\/div>\n<\/div>\n<\/div>\n","protected":false},"excerpt":{"rendered":"<p>A empres\u00e1ria Diana Magalh\u00e3es agradeceu em suas redes sociais uma luta por ela e esposo , desenvolvida h\u00e1 muitos anos , e disse : &#8220;Ser\u00e1 uma realiza\u00e7\u00e3o conquistada pelo Simagran que tem hoje no seu corpo diret\u00f3rio Carlos Araujo assim, como, a FIEB e o Governo do Estado. Obrigada Jo\u00e3o Le\u00e3o pela dedica\u00e7\u00e3o que muito [&hellip;]<\/p>\n","protected":false},"author":2,"featured_media":0,"comment_status":"open","ping_status":"open","sticky":false,"template":"","format":"standard","meta":{"_links_to":"","_links_to_target":""},"categories":[7,9,8,1],"tags":[],"_links":{"self":[{"href":"https:\/\/www.ilheusnoticias.net.br\/v1\/wp-json\/wp\/v2\/posts\/12083"}],"collection":[{"href":"https:\/\/www.ilheusnoticias.net.br\/v1\/wp-json\/wp\/v2\/posts"}],"about":[{"href":"https:\/\/www.ilheusnoticias.net.br\/v1\/wp-json\/wp\/v2\/types\/post"}],"author":[{"embeddable":true,"href":"https:\/\/www.ilheusnoticias.net.br\/v1\/wp-json\/wp\/v2\/users\/2"}],"replies":[{"embeddable":true,"href":"https:\/\/www.ilheusnoticias.net.br\/v1\/wp-json\/wp\/v2\/comments?post=12083"}],"version-history":[{"count":1,"href":"https:\/\/www.ilheusnoticias.net.br\/v1\/wp-json\/wp\/v2\/posts\/12083\/revisions"}],"predecessor-version":[{"id":12084,"href":"https:\/\/www.ilheusnoticias.net.br\/v1\/wp-json\/wp\/v2\/posts\/12083\/revisions\/12084"}],"wp:attachment":[{"href":"https:\/\/www.ilheusnoticias.net.br\/v1\/wp-json\/wp\/v2\/media?parent=12083"}],"wp:term":[{"taxonomy":"category","embeddable":true,"href":"https:\/\/www.ilheusnoticias.net.br\/v1\/wp-json\/wp\/v2\/categories?post=12083"},{"taxonomy":"post_tag","embeddable":true,"href":"https:\/\/www.ilheusnoticias.net.br\/v1\/wp-json\/wp\/v2\/tags?post=12083"}],"curies":[{"name":"wp","href":"https:\/\/api.w.org\/{rel}","templated":true}]}}