{"id":12073,"date":"2018-01-22T15:18:55","date_gmt":"2018-01-22T18:18:55","guid":{"rendered":"http:\/\/www.ilheusnoticias.net.br\/v1\/?p=12073"},"modified":"2018-01-22T15:18:55","modified_gmt":"2018-01-22T18:18:55","slug":"em-sao-paulo-rui-costa-compartilha-experiencia-de-obras-de-mobilidade-na-bahia","status":"publish","type":"post","link":"https:\/\/www.ilheusnoticias.net.br\/v1\/2018\/01\/22\/em-sao-paulo-rui-costa-compartilha-experiencia-de-obras-de-mobilidade-na-bahia\/","title":{"rendered":"Em S\u00e3o Paulo, Rui Costa compartilha experi\u00eancia de obras de mobilidade na Bahia"},"content":{"rendered":"<p><a href=\"http:\/\/www.ilheusnoticias.net.br\/v1\/wp-content\/uploads\/2018\/01\/rui-sao-paulo.jpg\" rel=\"attachment wp-att-12074\"><img loading=\"lazy\" class=\"aligncenter size-full wp-image-12074\" src=\"http:\/\/www.ilheusnoticias.net.br\/v1\/wp-content\/uploads\/2018\/01\/rui-sao-paulo.jpg\" alt=\"rui sao paulo\" width=\"643\" height=\"960\" srcset=\"https:\/\/www.ilheusnoticias.net.br\/v1\/wp-content\/uploads\/2018\/01\/rui-sao-paulo.jpg 643w, https:\/\/www.ilheusnoticias.net.br\/v1\/wp-content\/uploads\/2018\/01\/rui-sao-paulo-201x300.jpg 201w\" sizes=\"(max-width: 643px) 100vw, 643px\" \/><\/a><\/p>\n<p>Os principais projetos de transporte e deslocamentos em vias urbanas na Bahia foram apresentados pelo governador Rui Costa nesta segunda-feira (22), durante o 2\u00ba Semin\u00e1rio de Mobilidade Urbana, realizado pelo jornal Folha de S\u00e3o Paulo, na capital paulista. Rui foi o \u00fanico governador da regi\u00e3o Nordeste a participar do evento que reuniu urbanistas, consultores, secret\u00e1rios estaduais e municipais de transportes, al\u00e9m de representantes de institutos ligados ao setor.<\/p>\n<p>Ao lado do secret\u00e1rio de Transportes Metropolitanos do Estado de S\u00e3o Paulo, Clodoaldo Pelissioni; do urbanista e consultor de tr\u00e2nsito e transporte, Flam\u00ednio Fichmann; e do presidente da divis\u00e3o de mobilidade urbana da CCR, Leonardo Vianna, o governador explicou o modelo adotado na Bahia. \u201c\u00c9 preciso acertar na modelagem, o atual n\u00e3o atende ao interesse dos brasileiros. Acreditamos que adotamos o mais eficaz, mas que ainda enfrenta resist\u00eancia, que \u00e9 a PPP \u2013 Parceria P\u00fablico Privada, com riscos compartilhados para quem vai executar as obras, inclusive pelo n\u00e3o cumprimento dos cronogramas. Desta forma, a empresa vencedora busca o melhor resultado atrav\u00e9s da efici\u00eancia\u201d, refor\u00e7a.<\/p>\n<p>Rui tamb\u00e9m defendeu um pacto de Estado para atrair investidores nacionais e internacionais e criticou a realidade existente no pa\u00eds atualmente. \u201cO que se faz hoje \u00e9 pacto de Governo e n\u00e3o de Estado. Isso n\u00e3o avan\u00e7a. O mercado reage mal e o pa\u00eds n\u00e3o avan\u00e7a\u201d, disse. Para ele, um dos grandes males do Brasil \u00e9 a inseguran\u00e7a jur\u00eddica.<br \/>\nRui Costa encerrou sua participa\u00e7\u00e3o refor\u00e7ando que o conceito de mobilidade urbana \u00e9 mais amplo que apenas oferecer transporte p\u00fablico. \u201cTemos que enxergar que nos grandes centros a mobilidade urbana promove n\u00e3o apenas a melhoria da qualidade de vida, mas tamb\u00e9m um novo vetor de desenvolvimento e gera\u00e7\u00e3o de emprego e renda para as pessoas\u201d. O posicionamento do governador baiano foi elogiado pelo presidente do metr\u00f4 de S\u00e3o Paulo, Paulo Menezes, que tamb\u00e9m destacou que \u201ca Bahia \u00e9 um exemplo de projeto metrovi\u00e1rio bem sucedido no Brasil\u201d.<\/p>\n<p>Durante o evento, Rui anunciou que at\u00e9 o dia 30 de janeiro ser\u00e1 publicado o edital de licita\u00e7\u00e3o do trecho do VLT, que liga o Com\u00e9rcio at\u00e9 Paripe, com aproximadamente 19 quil\u00f4metros de extens\u00e3o.<\/p>\n<p>Entre as principais obras de mobilidade urbana na Bahia est\u00e1 o metr\u00f4 Salvador-Lauro de Freitas. Al\u00e9m disso, em breve ser\u00e1 entregue a Via Barrad\u00e3o e, ainda no primeiro trimestre do ano, a entrega de mais um trecho da Linha Azul, na capital.<\/p>\n","protected":false},"excerpt":{"rendered":"<p>Os principais projetos de transporte e deslocamentos em vias urbanas na Bahia foram apresentados pelo governador Rui Costa nesta segunda-feira (22), durante o 2\u00ba Semin\u00e1rio de Mobilidade Urbana, realizado pelo jornal Folha de S\u00e3o Paulo, na capital paulista. Rui foi o \u00fanico governador da regi\u00e3o Nordeste a participar do evento que reuniu urbanistas, consultores, secret\u00e1rios [&hellip;]<\/p>\n","protected":false},"author":2,"featured_media":0,"comment_status":"open","ping_status":"open","sticky":false,"template":"","format":"standard","meta":{"_links_to":"","_links_to_target":""},"categories":[7,9,8,1],"tags":[],"_links":{"self":[{"href":"https:\/\/www.ilheusnoticias.net.br\/v1\/wp-json\/wp\/v2\/posts\/12073"}],"collection":[{"href":"https:\/\/www.ilheusnoticias.net.br\/v1\/wp-json\/wp\/v2\/posts"}],"about":[{"href":"https:\/\/www.ilheusnoticias.net.br\/v1\/wp-json\/wp\/v2\/types\/post"}],"author":[{"embeddable":true,"href":"https:\/\/www.ilheusnoticias.net.br\/v1\/wp-json\/wp\/v2\/users\/2"}],"replies":[{"embeddable":true,"href":"https:\/\/www.ilheusnoticias.net.br\/v1\/wp-json\/wp\/v2\/comments?post=12073"}],"version-history":[{"count":1,"href":"https:\/\/www.ilheusnoticias.net.br\/v1\/wp-json\/wp\/v2\/posts\/12073\/revisions"}],"predecessor-version":[{"id":12075,"href":"https:\/\/www.ilheusnoticias.net.br\/v1\/wp-json\/wp\/v2\/posts\/12073\/revisions\/12075"}],"wp:attachment":[{"href":"https:\/\/www.ilheusnoticias.net.br\/v1\/wp-json\/wp\/v2\/media?parent=12073"}],"wp:term":[{"taxonomy":"category","embeddable":true,"href":"https:\/\/www.ilheusnoticias.net.br\/v1\/wp-json\/wp\/v2\/categories?post=12073"},{"taxonomy":"post_tag","embeddable":true,"href":"https:\/\/www.ilheusnoticias.net.br\/v1\/wp-json\/wp\/v2\/tags?post=12073"}],"curies":[{"name":"wp","href":"https:\/\/api.w.org\/{rel}","templated":true}]}}