{"id":12071,"date":"2018-01-22T15:10:01","date_gmt":"2018-01-22T18:10:01","guid":{"rendered":"http:\/\/www.ilheusnoticias.net.br\/v1\/?p=12071"},"modified":"2018-01-22T15:10:01","modified_gmt":"2018-01-22T18:10:01","slug":"grupo-rende-zelador-invade-forum-e-rouba-armas-que-estavam-guardadas-em-sala-de-provas-de-crimes-na-bahia","status":"publish","type":"post","link":"https:\/\/www.ilheusnoticias.net.br\/v1\/2018\/01\/22\/grupo-rende-zelador-invade-forum-e-rouba-armas-que-estavam-guardadas-em-sala-de-provas-de-crimes-na-bahia\/","title":{"rendered":"Grupo rende zelador, invade f\u00f3rum e rouba armas que estavam guardadas em sala de provas de crimes na Bahia"},"content":{"rendered":"<div class=\"row content-head\"><\/div>\n<div class=\"row content-share-bar\">\n<div class=\"column medium-centered medium-22 large-20 content-share-bar__container\">\n<div id=\"share-bar\" class=\"share-bar share-bar-container share-theme-minimal share-bar-container share-theme-minimal\" data-url=\"https:\/\/g1.globo.com\/ba\/bahia\/noticia\/grupo-rende-zelador-invade-forum-e-rouba-armas-que-estavam-guardadas-em-sala-de-provas-de-crimes-na-bahia.ghtml\" data-title=\"Grupo rende zelador, invade f\u00f3rum e rouba armas que estavam guardadas em sala de provas de crimes na Bahia\" data-image-url=\"https:\/\/s2.glbimg.com\/_GD42SHHeBJafxnYj60fo6u5Wvg=\/1200x\/smart\/filters:cover():strip_icc()\/s04.video.glbimg.com\/x720\/6439431.jpg\"><\/div>\n<\/div>\n<\/div>\n<div class=\"mc-article-body\">\n<article>\n<div class=\"mc-column content-media content-media--normal content-video\" data-block-type=\"backstage-video\" data-block-id=\"0\">\n<div class=\"content-media__container content-media__container--loaded\">\n<div class=\"content-video__height\"><\/div>\n<div class=\"content-video__placeholder\" data-video-id=\"6439431\"><img loading=\"lazy\" class=\"content-video__placeholder__thumb\" title=\"F\u00f3rum de Itapetinga \u00e9 invadido na manh\u00e3 desta segunda-feira (22)\" src=\"https:\/\/s04.video.glbimg.com\/x720\/6439431.jpg\" alt=\"F\u00f3rum de Itapetinga \u00e9 invadido na manh\u00e3 desta segunda-feira (22)\" width=\"494\" height=\"278\" \/><\/div>\n<\/div>\n<div class=\"content-media__description-centered\">\n<p class=\"content-media__description\"><i class=\"content-media__description__icon theme-color-primary\"><\/i><span class=\"content-media__description__caption\">F\u00f3rum de Itapetinga \u00e9 invadido na manh\u00e3 desta segunda-feira (22)<\/span><\/p>\n<\/div>\n<\/div>\n<div class=\"mc-column mc-side-item__container\" data-block-type=\"ads\" data-block-id=\"1\">\n<div class=\"mc-side-item mc-side-item--right content-ads content-ads--side-ad\">\n<div id=\"banner_materia1\" class=\"tag-manager-publicidade-container tag-manager-publicidade-banner_materia1 tag-manager-publicidade-container--carregado tag-manager-publicidade-container--visivel\" data-google-query-id=\"CIW9qI-V7NgCFYhPhgodLvYGXQ\" data-cid=\"138223183568\" data-lid=\"4555677513\">\n<div id=\"google_ads_iframe_\/95377733\/tvg_G1\/Sua_Regiao&gt;Nordeste&gt;Bahia_1__container__\" style=\"box-sizing: inherit; margin: auto; padding: 0px; border: 0pt none; font-style: inherit; font-variant: inherit; font-weight: inherit; font-stretch: inherit; font-size: inherit; line-height: inherit; font-family: inherit; vertical-align: baseline; width: 300px; text-align: center;\"><\/div>\n<\/div>\n<\/div>\n<\/div>\n<div class=\"mc-column content-text active-extra-styles active-capital-letter\" data-block-type=\"unstyled\" data-block-weight=\"49\" data-block-id=\"2\">\n<p class=\"content-text__container theme-color-primary-first-letter\" data-track-category=\"Link no Texto\" data-track-links=\"\">Um grupo com cerca de seis homens armados rendeu o zelador do f\u00f3rum da cidade de Itapetinga, no sudoeste da Bahia, invadiu o local e roubou as armas que estavam guardadas na sala de provas de crimes, na manh\u00e3 desta segunda-feira (22). A informa\u00e7\u00e3o foi divulgada pela Pol\u00edcia Civil.<\/p>\n<\/div>\n<div class=\"mc-column content-text active-extra-styles \" data-block-type=\"unstyled\" data-block-weight=\"36\" data-block-id=\"3\">\n<p class=\"content-text__container \" data-track-category=\"Link no Texto\" data-track-links=\"\">De acordo com a pol\u00edcia, havia outros objetos apreendidos na sala, como drogas, mas os homens s\u00f3 pegaram as armas. Toda a a\u00e7\u00e3o durou cerca de 20 minutos. Os criminosos usavam uniformes azuis, botas e capacetes.<\/p>\n<\/div>\n<div class=\"mc-column content-text active-extra-styles \" data-block-type=\"unstyled\" data-block-weight=\"24\" data-block-id=\"4\">\n<p class=\"content-text__container \" data-track-category=\"Link no Texto\" data-track-links=\"\">Ap\u00f3s o roubo, segundo a pol\u00edcia, o grupo fugiu do local em dois carros. O zelador foi deixado no f\u00f3rum, e n\u00e3o teve ferimentos.<\/p>\n<\/div>\n<div data-track-category=\"fim do conteudo\" data-track-action=\"ultimo chunk conteudo\" data-track-noninteraction=\"false\" data-track-scroll=\"entrada completa viewport\">\n<div class=\"mc-column content-text active-extra-styles \" data-block-type=\"unstyled\" data-block-weight=\"33\" data-block-id=\"5\">\n<p class=\"content-text__container \" data-track-category=\"Link no Texto\" data-track-links=\"\">Conforme a pol\u00edcia, uma per\u00edcia foi realizada no local ap\u00f3s o crime, para tentar identificar os criminosos. No entanto, ainda n\u00e3o h\u00e1 detalhes sobre a identidade dos homens. O caso est\u00e1 sob investiga\u00e7\u00e3o.<\/p>\n<\/div>\n<\/div>\n<\/article>\n<\/div>\n","protected":false},"excerpt":{"rendered":"<p>F\u00f3rum de Itapetinga \u00e9 invadido na manh\u00e3 desta segunda-feira (22) Um grupo com cerca de seis homens armados rendeu o zelador do f\u00f3rum da cidade de Itapetinga, no sudoeste da Bahia, invadiu o local e roubou as armas que estavam guardadas na sala de provas de crimes, na manh\u00e3 desta segunda-feira (22). A informa\u00e7\u00e3o foi [&hellip;]<\/p>\n","protected":false},"author":2,"featured_media":0,"comment_status":"open","ping_status":"open","sticky":false,"template":"","format":"standard","meta":{"_links_to":"","_links_to_target":""},"categories":[7,9,8,1,5],"tags":[],"_links":{"self":[{"href":"https:\/\/www.ilheusnoticias.net.br\/v1\/wp-json\/wp\/v2\/posts\/12071"}],"collection":[{"href":"https:\/\/www.ilheusnoticias.net.br\/v1\/wp-json\/wp\/v2\/posts"}],"about":[{"href":"https:\/\/www.ilheusnoticias.net.br\/v1\/wp-json\/wp\/v2\/types\/post"}],"author":[{"embeddable":true,"href":"https:\/\/www.ilheusnoticias.net.br\/v1\/wp-json\/wp\/v2\/users\/2"}],"replies":[{"embeddable":true,"href":"https:\/\/www.ilheusnoticias.net.br\/v1\/wp-json\/wp\/v2\/comments?post=12071"}],"version-history":[{"count":1,"href":"https:\/\/www.ilheusnoticias.net.br\/v1\/wp-json\/wp\/v2\/posts\/12071\/revisions"}],"predecessor-version":[{"id":12072,"href":"https:\/\/www.ilheusnoticias.net.br\/v1\/wp-json\/wp\/v2\/posts\/12071\/revisions\/12072"}],"wp:attachment":[{"href":"https:\/\/www.ilheusnoticias.net.br\/v1\/wp-json\/wp\/v2\/media?parent=12071"}],"wp:term":[{"taxonomy":"category","embeddable":true,"href":"https:\/\/www.ilheusnoticias.net.br\/v1\/wp-json\/wp\/v2\/categories?post=12071"},{"taxonomy":"post_tag","embeddable":true,"href":"https:\/\/www.ilheusnoticias.net.br\/v1\/wp-json\/wp\/v2\/tags?post=12071"}],"curies":[{"name":"wp","href":"https:\/\/api.w.org\/{rel}","templated":true}]}}