{"id":12069,"date":"2018-01-22T15:08:01","date_gmt":"2018-01-22T18:08:01","guid":{"rendered":"http:\/\/www.ilheusnoticias.net.br\/v1\/?p=12069"},"modified":"2018-01-22T15:08:01","modified_gmt":"2018-01-22T18:08:01","slug":"governo-vai-buscar-caminho-juridico-para-garantir-posse-de-cristiane-brasil","status":"publish","type":"post","link":"https:\/\/www.ilheusnoticias.net.br\/v1\/2018\/01\/22\/governo-vai-buscar-caminho-juridico-para-garantir-posse-de-cristiane-brasil\/","title":{"rendered":"Governo vai buscar &#8220;caminho jur\u00eddico&#8221; para garantir posse de Cristiane Brasil"},"content":{"rendered":"<div id=\"content-header\">\n<h1 class=\"title\"><\/h1>\n<\/div>\n<div id=\"content-area\">\n<div class=\"region region-content\">\n<div id=\"block-system-main\" class=\"block block-system block-odd clearfix\">\n<div class=\"content\">\n<article id=\"node-1105341\" class=\"node node-noticia node-odd\">\n<header>\n<div class=\"node-info\"><strong>D\u00e9bora Brito e Yara Aquino &#8211; Rep\u00f3rteres da Ag\u00eancia Brasil<\/strong><\/div>\n<\/header>\n<div class=\"content\">\n<p>O ministro da Secretaria de Governo, Carlos Marun, disse nesta segunda-feira (22) que o governo vai buscar um &#8220;caminho jur\u00eddico&#8221; para garantir a posse da deputada Cristiane Brasil (PTB-RJ) como ministra do Trabalho. Na madrugada de hoje, a presidente do Supremo Tribunal Federal (STF), Carmen L\u00facia, acatou o recurso que pede a suspens\u00e3o da posse da deputada.<\/p>\n<p>Segundo Marun, \u201co caminho jur\u00eddico ser\u00e1 definido pela \u00e1rea jur\u00eddica do governo\u201d, e a decis\u00e3o tomada pelo governo \u00e9 \u201ccontinuar nessa demanda\u201d com o objetivo de garantir o respeito \u00e0 Constitui\u00e7\u00e3o. Questionado se considera equivocada a decis\u00e3o de Carmen L\u00facia, Marun evitou cr\u00edticas e avaliou a decis\u00e3o como \u201ct\u00e9cnica\u201d e que \u201cn\u00e3o adentrou o m\u00e9rito da quest\u00e3o\u201d.<\/p>\n<div class=\"know_more\">\n<h3>Saiba Mais<\/h3>\n<\/div>\n<\/div>\n<\/article>\n<\/div>\n<\/div>\n<\/div>\n<\/div>\n<p><!--more--><\/p>\n<div id=\"content-area\">\n<div class=\"region region-content\">\n<div id=\"block-system-main\" class=\"block block-system block-odd clearfix\">\n<div class=\"content\">\n<article id=\"node-1105341\" class=\"node node-noticia node-odd\">\n<div class=\"content\">\n<p>\u201cNovela sempre tem um final feliz, j\u00e1 que voc\u00ea se refere a novela. O governo mant\u00e9m a serenidade e obviamente insistir\u00e1 nesta luta judicial pela preserva\u00e7\u00e3o das prerrogativas do presidente e temos confian\u00e7a no bom senso das decis\u00f5es judiciais que v\u00e3o, no devido tempo, garantir a posse da ministra escolhida pelo presidente para exercer a fun\u00e7\u00e3o de ministra do Trabalho\u201d, declarou o ministro.<\/p>\n<p>O vice-l\u00edder do governo na C\u00e2mara, Beto Mansur (PRB-SP), j\u00e1 havia sinalizado h\u00e1 algumas semanas que a base governista j\u00e1 esperava uma decis\u00e3o negativa da ministra Carmen L\u00facia e que a equipe jur\u00eddica da Presid\u00eancia esgotaria todas as possibilidades de recurso at\u00e9 que o processo pudesse ser analisado pelo plen\u00e1rio do STF, na volta do recesso em fevereiro.<\/p>\n<p>Cristiane Brasil foi indicada para chefiar o Minist\u00e9rio do Trabalho no \u00e2mbito das negocia\u00e7\u00f5es pela aprova\u00e7\u00e3o da reforma da Previd\u00eancia, em tramita\u00e7\u00e3o da C\u00e2mara dos Deputados desde o ano passado. Marun disse que o governo n\u00e3o vai desistir da reforma e reconheceu que &#8220;at\u00e9 que seria mais f\u00e1cil&#8221; se o PTB indicasse outra pessoa para o cargo, mas explicou que a equipe governista optou, nesse momento, por lutar \u201cpela preserva\u00e7\u00e3o da prerrogativa da presid\u00eancia da Rep\u00fablica\u201d de nomear ministros de Estado.<\/p>\n<p>\u201cSe algu\u00e9m pensa que vai nos desviar do nosso rumo que \u00e9 a aprova\u00e7\u00e3o da reforma da Previd\u00eancia com apresenta\u00e7\u00e3o de quest\u00f5es como essa, est\u00e1 enganado. O governo tem um rumo e nada afastar\u00e1 do prop\u00f3sito de aprovar a reforma da Previd\u00eancia\u201d, ressaltou.<\/p>\n<p>Marun sinalizou ainda que, caso o governo consiga garantir por meio de outro recurso a nomea\u00e7\u00e3o de Cristiane Brasil, a posse poder\u00e1 ocorrer mesmo com a aus\u00eancia do presidente Michel Temer, que viajar\u00e1 hoje para Davos, Su\u00ed\u00e7a, onde participar\u00e1 do F\u00f3rum Econ\u00f4mico Mundial at\u00e9 o dia 26 de janeiro. O presidente da C\u00e2mara, Rodrigo Maia (DEM-RJ), assumir\u00e1 a Presid\u00eancia da Rep\u00fablica neste per\u00edodo.<\/p>\n<div class=\"node-info\">Edi\u00e7\u00e3o:\u00a0<strong>Val\u00e9ria Aguiar<\/strong><\/div>\n<\/div>\n<\/article>\n<\/div>\n<\/div>\n<\/div>\n<\/div>\n","protected":false},"excerpt":{"rendered":"<p>D\u00e9bora Brito e Yara Aquino &#8211; Rep\u00f3rteres da Ag\u00eancia Brasil O ministro da Secretaria de Governo, Carlos Marun, disse nesta segunda-feira (22) que o governo vai buscar um &#8220;caminho jur\u00eddico&#8221; para garantir a posse da deputada Cristiane Brasil (PTB-RJ) como ministra do Trabalho. Na madrugada de hoje, a presidente do Supremo Tribunal Federal (STF), Carmen [&hellip;]<\/p>\n","protected":false},"author":2,"featured_media":0,"comment_status":"open","ping_status":"open","sticky":false,"template":"","format":"standard","meta":{"_links_to":"","_links_to_target":""},"categories":[7,9,8,1],"tags":[],"_links":{"self":[{"href":"https:\/\/www.ilheusnoticias.net.br\/v1\/wp-json\/wp\/v2\/posts\/12069"}],"collection":[{"href":"https:\/\/www.ilheusnoticias.net.br\/v1\/wp-json\/wp\/v2\/posts"}],"about":[{"href":"https:\/\/www.ilheusnoticias.net.br\/v1\/wp-json\/wp\/v2\/types\/post"}],"author":[{"embeddable":true,"href":"https:\/\/www.ilheusnoticias.net.br\/v1\/wp-json\/wp\/v2\/users\/2"}],"replies":[{"embeddable":true,"href":"https:\/\/www.ilheusnoticias.net.br\/v1\/wp-json\/wp\/v2\/comments?post=12069"}],"version-history":[{"count":1,"href":"https:\/\/www.ilheusnoticias.net.br\/v1\/wp-json\/wp\/v2\/posts\/12069\/revisions"}],"predecessor-version":[{"id":12070,"href":"https:\/\/www.ilheusnoticias.net.br\/v1\/wp-json\/wp\/v2\/posts\/12069\/revisions\/12070"}],"wp:attachment":[{"href":"https:\/\/www.ilheusnoticias.net.br\/v1\/wp-json\/wp\/v2\/media?parent=12069"}],"wp:term":[{"taxonomy":"category","embeddable":true,"href":"https:\/\/www.ilheusnoticias.net.br\/v1\/wp-json\/wp\/v2\/categories?post=12069"},{"taxonomy":"post_tag","embeddable":true,"href":"https:\/\/www.ilheusnoticias.net.br\/v1\/wp-json\/wp\/v2\/tags?post=12069"}],"curies":[{"name":"wp","href":"https:\/\/api.w.org\/{rel}","templated":true}]}}