{"id":12063,"date":"2018-01-22T15:02:14","date_gmt":"2018-01-22T18:02:14","guid":{"rendered":"http:\/\/www.ilheusnoticias.net.br\/v1\/?p=12063"},"modified":"2018-01-22T15:02:14","modified_gmt":"2018-01-22T18:02:14","slug":"rui-participa-de-inauguracao-do-forum-de-sao-goncalo-dos-campos","status":"publish","type":"post","link":"https:\/\/www.ilheusnoticias.net.br\/v1\/2018\/01\/22\/rui-participa-de-inauguracao-do-forum-de-sao-goncalo-dos-campos\/","title":{"rendered":"Rui participa de inaugura\u00e7\u00e3o do f\u00f3rum de S\u00e3o Gon\u00e7alo dos Campos"},"content":{"rendered":"<div><a href=\"http:\/\/www.ilheusnoticias.net.br\/v1\/wp-content\/uploads\/2018\/01\/IMG-20180102-WA0065.jpg\" rel=\"attachment wp-att-11513\"><img loading=\"lazy\" class=\"aligncenter size-full wp-image-11513\" src=\"http:\/\/www.ilheusnoticias.net.br\/v1\/wp-content\/uploads\/2018\/01\/IMG-20180102-WA0065.jpg\" alt=\"IMG-20180102-WA0065.jpg\" width=\"512\" height=\"341\" srcset=\"https:\/\/www.ilheusnoticias.net.br\/v1\/wp-content\/uploads\/2018\/01\/IMG-20180102-WA0065.jpg 512w, https:\/\/www.ilheusnoticias.net.br\/v1\/wp-content\/uploads\/2018\/01\/IMG-20180102-WA0065-300x200.jpg 300w\" sizes=\"(max-width: 512px) 100vw, 512px\" \/><\/a><\/div>\n<div><b><\/b><br \/>\nO governador Rui Costa viaja nesta ter\u00e7a-feira (23) para S\u00e3o Gon\u00e7alo dos Campos, munic\u00edpio da regi\u00e3o de Feira de Santana, onde, \u00e0s 9h, participar\u00e1 da inaugura\u00e7\u00e3o das novas instala\u00e7\u00f5es do f\u00f3rum Jo\u00e3o Mendes, ao lado da presidente do Tribunal de Justi\u00e7a da Bahia, desembargadora Maria do Socorro Barreto Santiago. A reforma e a amplia\u00e7\u00e3o contemplaram, em uma \u00e1rea de 513,56 metros quadrados, a constru\u00e7\u00e3o de um sal\u00e3o do j\u00fari no andar t\u00e9rreo e dois novos pavimentos.<\/p>\n<p>Tamb\u00e9m foram reformulados os ambientes internos, e revisadas e saneadas as instala\u00e7\u00f5es el\u00e9tricas, hidr\u00e1ulicas e de telecomunica\u00e7\u00f5es, al\u00e9m de constru\u00eddo sanit\u00e1rio para portadores de necessidades especiais.<\/p><\/div>\n","protected":false},"excerpt":{"rendered":"<p>O governador Rui Costa viaja nesta ter\u00e7a-feira (23) para S\u00e3o Gon\u00e7alo dos Campos, munic\u00edpio da regi\u00e3o de Feira de Santana, onde, \u00e0s 9h, participar\u00e1 da inaugura\u00e7\u00e3o das novas instala\u00e7\u00f5es do f\u00f3rum Jo\u00e3o Mendes, ao lado da presidente do Tribunal de Justi\u00e7a da Bahia, desembargadora Maria do Socorro Barreto Santiago. A reforma e a amplia\u00e7\u00e3o contemplaram, [&hellip;]<\/p>\n","protected":false},"author":2,"featured_media":0,"comment_status":"open","ping_status":"open","sticky":false,"template":"","format":"standard","meta":{"_links_to":"","_links_to_target":""},"categories":[7,9,8,1],"tags":[],"_links":{"self":[{"href":"https:\/\/www.ilheusnoticias.net.br\/v1\/wp-json\/wp\/v2\/posts\/12063"}],"collection":[{"href":"https:\/\/www.ilheusnoticias.net.br\/v1\/wp-json\/wp\/v2\/posts"}],"about":[{"href":"https:\/\/www.ilheusnoticias.net.br\/v1\/wp-json\/wp\/v2\/types\/post"}],"author":[{"embeddable":true,"href":"https:\/\/www.ilheusnoticias.net.br\/v1\/wp-json\/wp\/v2\/users\/2"}],"replies":[{"embeddable":true,"href":"https:\/\/www.ilheusnoticias.net.br\/v1\/wp-json\/wp\/v2\/comments?post=12063"}],"version-history":[{"count":1,"href":"https:\/\/www.ilheusnoticias.net.br\/v1\/wp-json\/wp\/v2\/posts\/12063\/revisions"}],"predecessor-version":[{"id":12064,"href":"https:\/\/www.ilheusnoticias.net.br\/v1\/wp-json\/wp\/v2\/posts\/12063\/revisions\/12064"}],"wp:attachment":[{"href":"https:\/\/www.ilheusnoticias.net.br\/v1\/wp-json\/wp\/v2\/media?parent=12063"}],"wp:term":[{"taxonomy":"category","embeddable":true,"href":"https:\/\/www.ilheusnoticias.net.br\/v1\/wp-json\/wp\/v2\/categories?post=12063"},{"taxonomy":"post_tag","embeddable":true,"href":"https:\/\/www.ilheusnoticias.net.br\/v1\/wp-json\/wp\/v2\/tags?post=12063"}],"curies":[{"name":"wp","href":"https:\/\/api.w.org\/{rel}","templated":true}]}}