{"id":12055,"date":"2018-01-22T09:36:02","date_gmt":"2018-01-22T12:36:02","guid":{"rendered":"http:\/\/www.ilheusnoticias.net.br\/v1\/?p=12055"},"modified":"2018-01-22T09:36:02","modified_gmt":"2018-01-22T12:36:02","slug":"inscricoes-para-o-sisu-comecam-amanha","status":"publish","type":"post","link":"https:\/\/www.ilheusnoticias.net.br\/v1\/2018\/01\/22\/inscricoes-para-o-sisu-comecam-amanha\/","title":{"rendered":"Inscri\u00e7\u00f5es para o Sisu come\u00e7am amanh\u00e3"},"content":{"rendered":"<div id=\"content-header\">\n<h1 class=\"title\"><\/h1>\n<\/div>\n<div id=\"content-area\">\n<div class=\"region region-content\">\n<div id=\"block-system-main\" class=\"block block-system block-odd clearfix\">\n<div class=\"content\">\n<article id=\"node-1105333\" class=\"node node-noticia node-odd\">\n<header>\n<div class=\"node-info\"><strong>Paula Laboissi\u00e8re &#8211; Rep\u00f3rter da Ag\u00eancia Brasil<\/strong><\/div>\n<\/header>\n<div class=\"content\">\n<p>As inscri\u00e7\u00f5es para o Sistema de Sele\u00e7\u00e3o Unificada (Sisu) come\u00e7am amanh\u00e3 (23) e v\u00e3o at\u00e9 a pr\u00f3xima sexta-feira (26) no\u00a0<a href=\"http:\/\/sisu.mec.gov.br\/\" target=\"_blank\"><em>site<\/em><\/a>\u00a0do Minist\u00e9rio da Educa\u00e7\u00e3o (MEC). Ao todo, ser\u00e3o 239.601 vagas oferecidas em 130 institui\u00e7\u00f5es, entre universidades federais, institutos federais de educa\u00e7\u00e3o, ci\u00eancia e tecnologia e institui\u00e7\u00f5es estaduais.<\/p>\n<p>Podem se inscrever estudantes que participaram do Exame Nacional do Ensino M\u00e9dio (Enem) 2017, que obtiveram nota na reda\u00e7\u00e3o diferente de zero e que n\u00e3o sejam treineiros (participantes menores de 18 anos no primeiro dia de realiza\u00e7\u00e3o da prova). \u00c9 necess\u00e1rio informar o n\u00famero de inscri\u00e7\u00e3o do Enem 2017 e a senha mais atual cadastrada no\u00a0<em>site.<\/em><\/p>\n<\/div>\n<\/article>\n<\/div>\n<\/div>\n<\/div>\n<\/div>\n<p><!--more--><\/p>\n<div id=\"content-area\">\n<div class=\"region region-content\">\n<div id=\"block-system-main\" class=\"block block-system block-odd clearfix\">\n<div class=\"content\">\n<article id=\"node-1105333\" class=\"node node-noticia node-odd\">\n<div class=\"content\">\n<p>O Sisu foi desenvolvido pelo minist\u00e9rio para selecionar candidatos \u00e0s vagas das institui\u00e7\u00f5es p\u00fablicas de ensino superior que utilizar\u00e3o a nota do Enem como \u00fanica fase de seu processo seletivo. A sele\u00e7\u00e3o \u00e9 feita com base na nota obtida pelo candidato. No site do MEC, \u00e9 poss\u00edvel consultar as vagas dispon\u00edveis, pesquisando as institui\u00e7\u00f5es e os seus respectivos cursos participantes.<\/p>\n<p>Confira o cronograma completo do Sisu abaixo:<\/p>\n<p>&#8211; 23\/1 a 26\/1: per\u00edodo de inscri\u00e7\u00f5es (as notas de corte ser\u00e3o divulgada nos dias 24, 25 e 26)<\/p>\n<p>&#8211; 29\/1: resultado da chamada regular<\/p>\n<p>&#8211; 29\/1 a 7\/2: prazo para participar da lista de espera<\/p>\n<p>&#8211; 30\/1 a 7\/2: matr\u00edcula da chamada regular<\/p>\n<p>&#8211; 9\/2: convoca\u00e7\u00e3o dos candidatos em lista de espera pelas institui\u00e7\u00f5es a partir desta data<\/p>\n<div class=\"node-info\">Edi\u00e7\u00e3o:\u00a0<strong>Val\u00e9ria Aguiar<\/strong><\/div>\n<\/div>\n<\/article>\n<\/div>\n<\/div>\n<\/div>\n<\/div>\n","protected":false},"excerpt":{"rendered":"<p>Paula Laboissi\u00e8re &#8211; Rep\u00f3rter da Ag\u00eancia Brasil As inscri\u00e7\u00f5es para o Sistema de Sele\u00e7\u00e3o Unificada (Sisu) come\u00e7am amanh\u00e3 (23) e v\u00e3o at\u00e9 a pr\u00f3xima sexta-feira (26) no\u00a0site\u00a0do Minist\u00e9rio da Educa\u00e7\u00e3o (MEC). Ao todo, ser\u00e3o 239.601 vagas oferecidas em 130 institui\u00e7\u00f5es, entre universidades federais, institutos federais de educa\u00e7\u00e3o, ci\u00eancia e tecnologia e institui\u00e7\u00f5es estaduais. Podem se [&hellip;]<\/p>\n","protected":false},"author":2,"featured_media":0,"comment_status":"open","ping_status":"open","sticky":false,"template":"","format":"standard","meta":{"_links_to":"","_links_to_target":""},"categories":[7,9,8,1],"tags":[],"_links":{"self":[{"href":"https:\/\/www.ilheusnoticias.net.br\/v1\/wp-json\/wp\/v2\/posts\/12055"}],"collection":[{"href":"https:\/\/www.ilheusnoticias.net.br\/v1\/wp-json\/wp\/v2\/posts"}],"about":[{"href":"https:\/\/www.ilheusnoticias.net.br\/v1\/wp-json\/wp\/v2\/types\/post"}],"author":[{"embeddable":true,"href":"https:\/\/www.ilheusnoticias.net.br\/v1\/wp-json\/wp\/v2\/users\/2"}],"replies":[{"embeddable":true,"href":"https:\/\/www.ilheusnoticias.net.br\/v1\/wp-json\/wp\/v2\/comments?post=12055"}],"version-history":[{"count":1,"href":"https:\/\/www.ilheusnoticias.net.br\/v1\/wp-json\/wp\/v2\/posts\/12055\/revisions"}],"predecessor-version":[{"id":12056,"href":"https:\/\/www.ilheusnoticias.net.br\/v1\/wp-json\/wp\/v2\/posts\/12055\/revisions\/12056"}],"wp:attachment":[{"href":"https:\/\/www.ilheusnoticias.net.br\/v1\/wp-json\/wp\/v2\/media?parent=12055"}],"wp:term":[{"taxonomy":"category","embeddable":true,"href":"https:\/\/www.ilheusnoticias.net.br\/v1\/wp-json\/wp\/v2\/categories?post=12055"},{"taxonomy":"post_tag","embeddable":true,"href":"https:\/\/www.ilheusnoticias.net.br\/v1\/wp-json\/wp\/v2\/tags?post=12055"}],"curies":[{"name":"wp","href":"https:\/\/api.w.org\/{rel}","templated":true}]}}