{"id":12051,"date":"2018-01-22T09:30:15","date_gmt":"2018-01-22T12:30:15","guid":{"rendered":"http:\/\/www.ilheusnoticias.net.br\/v1\/?p=12051"},"modified":"2018-01-22T09:30:15","modified_gmt":"2018-01-22T12:30:15","slug":"5-bilionarios-brasileiros-concentram-mesma-riqueza-que-metade-mais-pobre-no-pais-diz-estudo","status":"publish","type":"post","link":"https:\/\/www.ilheusnoticias.net.br\/v1\/2018\/01\/22\/5-bilionarios-brasileiros-concentram-mesma-riqueza-que-metade-mais-pobre-no-pais-diz-estudo\/","title":{"rendered":"5 bilion\u00e1rios brasileiros concentram mesma riqueza que metade mais pobre no pa\u00eds, diz estudo"},"content":{"rendered":"<div class=\"row content-head\">\n<div class=\"column medium-centered medium-19 large-18\">\n<h1 class=\"content-head__title\"><\/h1>\n<\/div>\n<\/div>\n<div class=\"mc-article-body\">\n<article>\n<div class=\"mc-column content-text active-extra-styles active-capital-letter\" data-block-type=\"unstyled\" data-block-weight=\"41\" data-block-id=\"1\">\n<p class=\"content-text__container theme-color-primary-first-letter\" data-track-category=\"Link no Texto\" data-track-links=\"\">Cinco bilion\u00e1rios brasileiros concentram patrim\u00f4nio equivalente \u00e0 renda da metade mais pobre da popula\u00e7\u00e3o do Brasil, mostra um estudo divulgado nesta segunda-feira (22) pela organiza\u00e7\u00e3o n\u00e3o-governamental brit\u00e2nica Oxfam antes do F\u00f3rum Econ\u00f4mico Mundial, que ocorre em Davos, na Su\u00ed\u00e7a, nesta semana.<\/p>\n<\/div>\n<div class=\"mc-column content-media content-media--normal  content-photo\" data-block-type=\"backstage-photo\" data-block-id=\"2\">\n<div class=\"content-media__container\">\n<div class=\"content-media__image-centered\">\n<div class=\"progressive-img can-open-lightbox\" data-min-size=\"1008x672\" data-min-size-url=\"https:\/\/s2.glbimg.com\/mzrZB0dwyMAyhX3_0WqXSBQvl-8=\/0x0:1700x1134\/1008x0\/smart\/filters:strip_icc()\/s.glbimg.com\/jo\/g1\/f\/original\/2016\/01\/21\/jorge-paulo-lemann.jpg\" data-max-size=\"1600x1067\" data-max-size-url=\"https:\/\/s2.glbimg.com\/sBwImkAnuFoaNOEUTBH9604Zk6w=\/0x0:1700x1134\/1600x0\/smart\/filters:strip_icc()\/s.glbimg.com\/jo\/g1\/f\/original\/2016\/01\/21\/jorge-paulo-lemann.jpg\" data-media-index=\"0\"><img class=\"progressive-draft\" title=\"O empres\u00e1rio Jorge Paulo Lemann, em foto de novembro de 2013 (Foto: Felipe Rau\/Estad\u00e3o Conte\u00fado\/Arquivo)\" src=\"data:image\/jpeg;base64,\/9j\/4AAQSkZJRgABAQAAAQABAAD\/2wBDAAMCAgMCAgMDAwMEAwMEBQgFBQQEBQoHBwYIDAoMDAsKCwsNDhIQDQ4RDgsLEBYQERMUFRUVDA8XGBYUGBIUFRT\/2wBDAQMEBAUEBQkFBQkUDQsNFBQUFBQUFBQUFBQUFBQUFBQUFBQUFBQUFBQUFBQUFBQUFBQUFBQUFBQUFBQUFBQUFBT\/wgARCAARABkDASIAAhEBAxEB\/8QAGAABAQEBAQAAAAAAAAAAAAAABwAEBQb\/xAAYAQACAwAAAAAAAAAAAAAAAAACBAABBf\/aAAwDAQACEAMQAAAB8wkF2xHQZy02xNpcVVq4XcejD\/\/EAB8QAAICAgEFAAAAAAAAAAAAAAMEAgUAAQYRFTIzNf\/aAAgBAQABBQLiJSw5E7eyUbgKuZr+kM0+CpPMTZtMXzxw9zBgPG2+Sb1Z\/8QAGhEBAQACAwAAAAAAAAAAAAAAAQACAxMhQf\/aAAgBAwEBPwE4zZ3OQNj7N\/\/EABkRAAIDAQAAAAAAAAAAAAAAAAABAhEhQf\/aAAgBAgEBPwGpOGCja04I\/8QAKxAAAQMDAQMNAAAAAAAAAAAAAQACAwQRIRIQUWETFCIzNEJzkaKjstHh\/9oACAEBAAY\/AoZA0h2o34oU9OHUzQM27x3lSVdTCy8t2lwNtfHzXV+tqbZwmnHS1MyAue1DwGOYJZZfzf8Aa5OSQmlbhsTcALs\/vFBVXiU\/xO3\/xAAiEAABBAEDBQEAAAAAAAAAAAABABEhMWEQcfBBUYGhwdH\/2gAIAQEAAT8hFcDKnMXHxPe5MMeoUWqGrYSfYe7CyuWFmLQAyADhOBZGLjzwwwRrL4bcDZcP4L2TpSt0\/9oADAMBAAIAAwAAABCst\/z\/xAAfEQABAwMFAAAAAAAAAAAAAAABABEhEEFRcbHB0eH\/2gAIAQMBAT8QkjBjF36KJGcjT1bHIo\/\/xAAeEQABAgcBAAAAAAAAAAAAAAAAAREhMUFxkaHh8P\/aAAgBAgEBPxBV5ldDZA9+KeYJT\/\/EAB4QAQACAgIDAQAAAAAAAAAAAAERITFBABBRYbHw\/9oACAEBAAE\/EB67os+c8Z0zwWeBrghVrQlmDXFijcRA2wshG7b6GLquJpZbC9ozmbppHT6jgBcJEpkoeRgiFEyAmB7kVz1V+r76Z\/N96\/\/Z\" alt=\"O empres\u00e1rio Jorge Paulo Lemann, em foto de novembro de 2013 (Foto: Felipe Rau\/Estad\u00e3o Conte\u00fado\/Arquivo)\" \/><picture><img loading=\"lazy\" class=\"image content-media__image progressive-loaded\" title=\"O empres\u00e1rio Jorge Paulo Lemann, em foto de novembro de 2013 (Foto: Felipe Rau\/Estad\u00e3o Conte\u00fado\/Arquivo)\" src=\"https:\/\/s2.glbimg.com\/1uYIXHpEWZXxN8dZPt-WqkcTJN8=\/0x0:1700x1134\/984x0\/smart\/filters:strip_icc()\/s.glbimg.com\/jo\/g1\/f\/original\/2016\/01\/21\/jorge-paulo-lemann.jpg\" alt=\"O empres\u00e1rio Jorge Paulo Lemann, em foto de novembro de 2013 (Foto: Felipe Rau\/Estad\u00e3o Conte\u00fado\/Arquivo)\" width=\"491\" height=\"327\" data-src=\"https:\/\/s2.glbimg.com\/1uYIXHpEWZXxN8dZPt-WqkcTJN8=\/0x0:1700x1134\/984x0\/smart\/filters:strip_icc()\/s.glbimg.com\/jo\/g1\/f\/original\/2016\/01\/21\/jorge-paulo-lemann.jpg\" \/><\/picture><\/div>\n<\/div>\n<div class=\"content-media__description-centered \">\n<p class=\"content-media__description\"><span class=\"content-media__description__caption\">O empres\u00e1rio Jorge Paulo Lemann, em foto de novembro de 2013 (Foto: Felipe Rau\/Estad\u00e3o Conte\u00fado\/Arquivo)<\/span><\/p>\n<\/div>\n<\/div>\n<\/div>\n<\/article>\n<\/div>\n<p class=\"content-media__description\"><!--more--><\/p>\n<div class=\"mc-article-body\">\n<article>\n<div class=\"mc-column content-text active-extra-styles \" data-block-type=\"unstyled\" data-block-weight=\"31\" data-block-id=\"3\">\n<p class=\"content-text__container \" data-track-category=\"Link no Texto\" data-track-links=\"\">A lista \u00e9 encabe\u00e7ada por Jorge Paulo Lemann, s\u00f3cio do fundo 3G Capital, que possui participa\u00e7\u00f5es nas empresas AB InBev (bebidas), Burger King (fast food) e Kraft Heinz (alimentos). Veja abaixo:<\/p>\n<\/div>\n<div class=\"mc-column content-text active-extra-styles\" data-block-type=\"raw\" data-block-weight=\"32\" data-block-id=\"4\">\n<ol class=\"content-ordered-list theme-ordered-list-color-primary\">\n<li><a href=\"https:\/\/g1.globo.com\/economia\/noticia\/10-fatos-sobre-jorge-paulo-lemann-o-homem-mais-rico-do-brasil.ghtml\">Jorge Paulo Lemann, 77 anos (3G Capital)<\/a><\/li>\n<li>Joseph Safra, 78 anos (Banco Safra)<\/li>\n<li>Marcel Herrmann Telles, 67 anos (3G Capital)<\/li>\n<li>Carlos Alberto Sicupira, 69 anos (3G Capital)<\/li>\n<li>Eduardo Saverin, 35 anos (Facebook)<\/li>\n<\/ol>\n<\/div>\n<div class=\"mc-column content-text active-extra-styles \" data-block-type=\"unstyled\" data-block-weight=\"32\" data-block-id=\"5\">\n<p class=\"content-text__container \" data-track-category=\"Link no Texto\" data-track-links=\"\">Para fazer seus levantamentos, a ONG brit\u00e2nica de combate \u00e0 pobreza usa dados sobre bilion\u00e1rios da revista &#8220;Forbes&#8221; e informa\u00e7\u00f5es sobre a riqueza em escala global de relat\u00f3rios do banco Credit Suisse.<\/p>\n<\/div>\n<div class=\"mc-column content-text active-extra-styles\" data-block-type=\"raw\" data-block-weight=\"13\" data-block-id=\"6\">\n<ul class=\"content-unordered-list\">\n<li><a href=\"https:\/\/g1.globo.com\/economia\/noticia\/super-ricos-ficam-com-82-da-riqueza-gerada-no-mundo-em-2017-diz-estudo.ghtml\">Super-ricos ficam com 82% da riqueza gerada no mundo em 2017, diz estudo<\/a><\/li>\n<\/ul>\n<\/div>\n<div class=\"mc-column content-text active-extra-styles\" data-block-type=\"raw\" data-block-weight=\"3\" data-block-id=\"7\">\n<div class=\"content-intertitle\">\n<h2>12 novos bilion\u00e1rios<\/h2>\n<\/div>\n<\/div>\n<div class=\"mc-column content-text active-extra-styles \" data-block-type=\"unstyled\" data-block-weight=\"34\" data-block-id=\"8\">\n<p class=\"content-text__container \" data-track-category=\"Link no Texto\" data-track-links=\"\">No ano em que o mundo teve um acr\u00e9scimo recorde de bilion\u00e1rios &#8211;um a cada dois dias &#8211;, o Brasil ganhou 12 novos integrantes. O grupo passou de 31 para 43 integrantes em 2017.<\/p>\n<\/div>\n<div class=\"mc-column content-text active-extra-styles \" data-block-type=\"unstyled\" data-block-weight=\"28\" data-block-id=\"9\">\n<p class=\"content-text__container \" data-track-category=\"Link no Texto\" data-track-links=\"\">O incremento ocorre devido \u00e0 volta de pessoas que j\u00e1 fizeram parte do seleto grupo, mas perderam dinheiro nos \u00faltimos anos, em meio \u00e0 crise econ\u00f4mica no Brasil.<\/p>\n<\/div>\n<div class=\"mc-column content-text active-extra-styles \" data-block-type=\"unstyled\" data-block-weight=\"37\" data-block-id=\"10\">\n<p class=\"content-text__container \" data-track-category=\"Link no Texto\" data-track-links=\"\">Voltaram a ser bilion\u00e1rios executivos como Ana Maria Marcondes Penido Sant\u2019Ana (acionista da CCR), Jo\u00e3o Alves de Queiroz Filho (Hypermarcas), Rubens Ometto Silveira Mello (Cosan), Lina Maria Aguiar e Lia Maria Aguiar (Bradesco) e Maurizio Billi (Eurofarma).<\/p>\n<\/div>\n<\/article>\n<\/div>\n","protected":false},"excerpt":{"rendered":"<p>Cinco bilion\u00e1rios brasileiros concentram patrim\u00f4nio equivalente \u00e0 renda da metade mais pobre da popula\u00e7\u00e3o do Brasil, mostra um estudo divulgado nesta segunda-feira (22) pela organiza\u00e7\u00e3o n\u00e3o-governamental brit\u00e2nica Oxfam antes do F\u00f3rum Econ\u00f4mico Mundial, que ocorre em Davos, na Su\u00ed\u00e7a, nesta semana. O empres\u00e1rio Jorge Paulo Lemann, em foto de novembro de 2013 (Foto: Felipe Rau\/Estad\u00e3o [&hellip;]<\/p>\n","protected":false},"author":2,"featured_media":0,"comment_status":"open","ping_status":"open","sticky":false,"template":"","format":"standard","meta":{"_links_to":"","_links_to_target":""},"categories":[7,9,8,1],"tags":[],"_links":{"self":[{"href":"https:\/\/www.ilheusnoticias.net.br\/v1\/wp-json\/wp\/v2\/posts\/12051"}],"collection":[{"href":"https:\/\/www.ilheusnoticias.net.br\/v1\/wp-json\/wp\/v2\/posts"}],"about":[{"href":"https:\/\/www.ilheusnoticias.net.br\/v1\/wp-json\/wp\/v2\/types\/post"}],"author":[{"embeddable":true,"href":"https:\/\/www.ilheusnoticias.net.br\/v1\/wp-json\/wp\/v2\/users\/2"}],"replies":[{"embeddable":true,"href":"https:\/\/www.ilheusnoticias.net.br\/v1\/wp-json\/wp\/v2\/comments?post=12051"}],"version-history":[{"count":1,"href":"https:\/\/www.ilheusnoticias.net.br\/v1\/wp-json\/wp\/v2\/posts\/12051\/revisions"}],"predecessor-version":[{"id":12052,"href":"https:\/\/www.ilheusnoticias.net.br\/v1\/wp-json\/wp\/v2\/posts\/12051\/revisions\/12052"}],"wp:attachment":[{"href":"https:\/\/www.ilheusnoticias.net.br\/v1\/wp-json\/wp\/v2\/media?parent=12051"}],"wp:term":[{"taxonomy":"category","embeddable":true,"href":"https:\/\/www.ilheusnoticias.net.br\/v1\/wp-json\/wp\/v2\/categories?post=12051"},{"taxonomy":"post_tag","embeddable":true,"href":"https:\/\/www.ilheusnoticias.net.br\/v1\/wp-json\/wp\/v2\/tags?post=12051"}],"curies":[{"name":"wp","href":"https:\/\/api.w.org\/{rel}","templated":true}]}}