{"id":12049,"date":"2018-01-22T09:19:53","date_gmt":"2018-01-22T12:19:53","guid":{"rendered":"http:\/\/www.ilheusnoticias.net.br\/v1\/?p=12049"},"modified":"2018-01-22T09:19:53","modified_gmt":"2018-01-22T12:19:53","slug":"carmen-lucia-suspende-a-posse-de-cristiane-brasil-no-ministerio-do-trabalho","status":"publish","type":"post","link":"https:\/\/www.ilheusnoticias.net.br\/v1\/2018\/01\/22\/carmen-lucia-suspende-a-posse-de-cristiane-brasil-no-ministerio-do-trabalho\/","title":{"rendered":"C\u00e1rmen L\u00facia suspende a posse de Cristiane Brasil no Minist\u00e9rio do Trabalho"},"content":{"rendered":"<div class=\"row content-head\"><\/div>\n<div class=\"row content-share-bar\">\n<div class=\"column medium-centered medium-22 large-20 content-share-bar__container\">\n<div id=\"share-bar\" class=\"share-bar share-bar-container share-theme-minimal share-bar-container share-theme-minimal\" data-url=\"https:\/\/g1.globo.com\/politica\/noticia\/carmen-lucia-suspende-a-posse-de-cristiane-brasil-no-ministerio-do-trabalho.ghtml\" data-title=\"C\u00e1rmen L\u00facia suspende a posse de Cristiane Brasil no Minist\u00e9rio do Trabalho\" data-image-url=\"https:\/\/s2.glbimg.com\/bjV43P2JcFFo505ffwiN-7BatkY=\/1200x\/smart\/filters:cover():strip_icc()\/s03.video.glbimg.com\/x720\/6437966.jpg\"><\/div>\n<\/div>\n<\/div>\n<div class=\"mc-article-body\">\n<article>\n<div class=\"mc-column content-media content-media--normal content-video\" data-block-type=\"backstage-video\" data-block-id=\"0\">\n<div class=\"content-media__container content-media__container--loaded\">\n<div class=\"content-video__placeholder\" data-video-id=\"6437966\"><img loading=\"lazy\" class=\"content-video__placeholder__thumb\" title=\"Posse de Cristiane Brasil como ministra \u00e9 suspensa de novo\" src=\"https:\/\/s03.video.glbimg.com\/x720\/6437966.jpg\" alt=\"Posse de Cristiane Brasil como ministra \u00e9 suspensa de novo\" width=\"478\" height=\"269\" \/><\/div>\n<\/div>\n<div class=\"content-media__description-centered\">\n<p class=\"content-media__description\"><span class=\"content-media__description__caption\">Posse de Cristiane Brasil como ministra \u00e9 suspensa de novo<\/span><\/p>\n<\/div>\n<\/div>\n<div class=\"mc-column mc-side-item__container\" data-block-type=\"ads\" data-block-id=\"1\">\n<div class=\"mc-side-item mc-side-item--right content-ads content-ads--side-ad\">\n<div id=\"banner_materia1\" class=\"tag-manager-publicidade-container tag-manager-publicidade-banner_materia1 tag-manager-publicidade-container--carregado tag-manager-publicidade-container--visivel\" data-google-query-id=\"CNOmpcnG69gCFRVGhgodsDUORQ\" data-cid=\"138222681238\" data-lid=\"4549067754\">\n<div id=\"google_ads_iframe_\/95377733\/tvg_G1\/Politica_1__container__\"><\/div>\n<\/div>\n<\/div>\n<\/div>\n<div class=\"mc-column content-text active-extra-styles active-capital-letter\" data-block-type=\"unstyled\" data-block-weight=\"40\" data-block-id=\"2\">\n<p class=\"content-text__container theme-color-primary-first-letter\" data-track-category=\"Link no Texto\" data-track-links=\"\">A presidente do Supremo Tribunal Federal (STF), C\u00e1rmen L\u00facia, suspendeu a posse da deputada federal Cristiane Brasil (PTB-RJ) como ministra do Trabalho. A cerim\u00f4nia de posse estava marcada pelo governo Temer para as 9h desta segunda (22), mas foi cancelada.<\/p>\n<\/div>\n<div class=\"mc-column content-text active-extra-styles \" data-block-type=\"unstyled\" data-block-weight=\"33\" data-block-id=\"3\">\n<p class=\"content-text__container \" data-track-category=\"Link no Texto\" data-track-links=\"\">C\u00e1rmen analisou uma reclama\u00e7\u00e3o movida por um grupo de advogados, que contestou no STF a decis\u00e3o do Superior Tribunal de Justi\u00e7a (STJ) que, no s\u00e1bado (20), havia\u00a0<a href=\"https:\/\/g1.globo.com\/politica\/noticia\/stj-libera-posse-de-cristiane-brasil-no-ministerio-do-trabalho-diz-assessoria.ghtml\">liberado a posse de Cristiane Brasil<\/a>.<\/p>\n<\/div>\n<div class=\"mc-column content-text active-extra-styles \" data-block-type=\"unstyled\" data-block-weight=\"40\" data-block-id=\"4\">\n<p class=\"content-text__container \" data-track-category=\"Link no Texto\" data-track-links=\"\">O grupo, o mesmo que conseguiu barrar a deputada na primeira inst\u00e2ncia, alega que a nomea\u00e7\u00e3o da filha de Roberto Jefferson contraria o princ\u00edpio da moralidade, determinado pela Constitui\u00e7\u00e3o, por causa de condena\u00e7\u00f5es que Cristiane Brasil sofreu na Justi\u00e7a Trabalhista<\/p>\n<\/div>\n<\/article>\n<\/div>\n<p class=\"content-text__container \" data-track-category=\"Link no Texto\" data-track-links=\"\"><!--more--><\/p>\n<div class=\"mc-article-body\">\n<article>\n<div class=\"mc-column content-text active-extra-styles \" data-block-type=\"unstyled\" data-block-weight=\"67\" data-block-id=\"5\">\n<p class=\"content-text__container \" data-track-category=\"Link no Texto\" data-track-links=\"\">A presidente do STF afirmou que sua decis\u00e3o \u00e9 &#8220;prec\u00e1ria e urgente&#8221; e pode ser revista, mas aceitou &#8220;parcialmente a provid\u00eancia liminar para a suspens\u00e3o do ato de posse&#8221;. Na despacho da decis\u00e3o, C\u00e1rmen L\u00facia diz ter tomado a decis\u00e3o &#8220;com base no poder geral de cautela e nos princ\u00edpios constitucionais da seguran\u00e7a jur\u00eddica e da efetividade da jurisdi\u00e7\u00e3o, que seriam comprometidos com o ato de posse&#8221;.<\/p>\n<\/div>\n<div class=\"mc-column content-text active-extra-styles \" data-block-type=\"unstyled\" data-block-weight=\"21\" data-block-id=\"6\">\n<p class=\"content-text__container \" data-track-category=\"Link no Texto\" data-track-links=\"\">A ministra deu 48 horas para as partes se manifestarem e pediu a manifesta\u00e7\u00e3o da Procuradoria-Geral da Rep\u00fablica sobre o assunto.<\/p>\n<\/div>\n<div class=\"mc-column content-media content-media--normal content-video\" data-block-type=\"backstage-video\" data-block-id=\"7\">\n<div class=\"content-media__container content-media__container--loaded\">\n<div class=\"content-video__video\">\n<div id=\"wp3-player-1\" class=\"clappr-player\" tabindex=\"9999\" data-player=\"\">\n<div class=\"dfp-ad-overlay dfp-ad-overlay--poster-mode\"><\/div>\n<\/div>\n<\/div>\n<div class=\"content-video__placeholder\" data-video-id=\"6437812\"><img loading=\"lazy\" class=\"content-video__placeholder__thumb\" title=\"C\u00e1rmen L\u00facia suspende posse de Cristiane Brasil para o Minist\u00e9rio do Trabalho\" src=\"https:\/\/s01.video.glbimg.com\/x720\/6437812.jpg\" alt=\"C\u00e1rmen L\u00facia suspende posse de Cristiane Brasil para o Minist\u00e9rio do Trabalho\" width=\"484\" height=\"272\" \/><\/div>\n<\/div>\n<div class=\"content-media__description-centered\">\n<p class=\"content-media__description\"><span class=\"content-media__description__caption\">C\u00e1rmen L\u00facia suspende posse de Cristiane Brasil para o Minist\u00e9rio do Trabalho<\/span><\/p>\n<\/div>\n<\/div>\n<div class=\"content-ads content-ads--reveal\" data-block-type=\"ads\" data-block-id=\"8\">\n<div id=\"banner_materia2\" class=\"tag-manager-publicidade-container has-reveal has-ad-lazyload tag-manager-publicidade-banner_materia2 tag-manager-publicidade-container--carregado tag-manager-publicidade-container--visivel\" data-id=\"banner_materia2\" data-google-query-id=\"CLqDpsrG69gCFcQXhgodkRwPcA\" data-cid=\"138222656724\" data-lid=\"4549067457\">\n<div id=\"google_ads_iframe_\/95377733\/tvg_G1\/Politica_2__container__\"><iframe id=\"google_ads_iframe_\/95377733\/tvg_G1\/Politica_2\" title=\"3rd party ad content\" name=\"google_ads_iframe_\/95377733\/tvg_G1\/Politica_2\" width=\"970\" height=\"250\" frameborder=\"0\" marginwidth=\"0\" marginheight=\"0\" scrolling=\"no\"><\/iframe><\/div>\n<\/div>\n<\/div>\n<div class=\"mc-column content-text active-extra-styles \" data-block-type=\"unstyled\" data-block-weight=\"38\" data-block-id=\"9\">\n<p class=\"content-text__container \" data-track-category=\"Link no Texto\" data-track-links=\"\">Filha do ex-deputado Roberto Jefferson, presidente do PTB e condenado no processo do mensal\u00e3o, Cristiane Brasil foi anunciada como ministra pelo presidente Michel Temer no dia 3, mas tem enfrentado uma batalha na Justi\u00e7a para assumir a pasta.<\/p>\n<\/div>\n<div class=\"mc-column content-text active-extra-styles \" data-block-type=\"unstyled\" data-block-weight=\"35\" data-block-id=\"10\">\n<p class=\"content-text__container \" data-track-category=\"Link no Texto\" data-track-links=\"\">A posse de Cristiane Brasil estava prevista para o dia 9 de janeiro, mas uma decis\u00e3o do juiz Leonardo da Costa Couceiro, da 4\u00aa Vara Federal Criminal de Niter\u00f3i,\u00a0<a href=\"https:\/\/g1.globo.com\/rj\/rio-de-janeiro\/noticia\/justica-suspende-posse-de-cristiane-brasil-no-ministerio-do-trabalho.ghtml\">suspendeu a solenidade um dia antes<\/a>.<\/p>\n<\/div>\n<div class=\"mc-column content-text active-extra-styles \" data-block-type=\"unstyled\" data-block-weight=\"29\" data-block-id=\"11\">\n<p class=\"content-text__container \" data-track-category=\"Link no Texto\" data-track-links=\"\">O juiz atendeu a\u00e7\u00e3o popular que questionava a nomea\u00e7\u00e3o ap\u00f3s o G1 revelar que Cristiane Brasil foi\u00a0<a href=\"https:\/\/g1.globo.com\/rj\/rio-de-janeiro\/noticia\/ministra-do-trabalho-foi-condenada-a-pagar-r-60-mil-por-divida-trabalhista.ghtml\">condenada a pagar R$ 60 mil por d\u00edvidas trabalhistas com dois ex-motoristas<\/a>.<\/p>\n<\/div>\n<div data-track-category=\"fim do conteudo\" data-track-action=\"ultimo chunk conteudo\" data-track-noninteraction=\"false\" data-track-scroll=\"entrada completa viewport\">\n<div class=\"mc-column content-text active-extra-styles \" data-block-type=\"unstyled\" data-block-weight=\"55\" data-block-id=\"12\">\n<p class=\"content-text__container \" data-track-category=\"Link no Texto\" data-track-links=\"\">Desde ent\u00e3o, a AGU recorre para assegurar a posse. Tr\u00eas recursos foram rejeitados pelo Tribunal Regional Federal da 2\u00aa Regi\u00e3o (TRF-2), mas, no \u00faltimo s\u00e1bado (20), o governo tinha conseguido reverter a decis\u00e3o no STJ e garantir a posse da deputada no cargo de ministra. A decis\u00e3o da ministra C\u00e1rmen L\u00facia adiou novamente a posse.<\/p>\n<\/div>\n<\/div>\n<\/article>\n<\/div>\n","protected":false},"excerpt":{"rendered":"<p>Posse de Cristiane Brasil como ministra \u00e9 suspensa de novo A presidente do Supremo Tribunal Federal (STF), C\u00e1rmen L\u00facia, suspendeu a posse da deputada federal Cristiane Brasil (PTB-RJ) como ministra do Trabalho. A cerim\u00f4nia de posse estava marcada pelo governo Temer para as 9h desta segunda (22), mas foi cancelada. C\u00e1rmen analisou uma reclama\u00e7\u00e3o movida [&hellip;]<\/p>\n","protected":false},"author":2,"featured_media":0,"comment_status":"open","ping_status":"open","sticky":false,"template":"","format":"standard","meta":{"_links_to":"","_links_to_target":""},"categories":[7,9,8,1],"tags":[],"_links":{"self":[{"href":"https:\/\/www.ilheusnoticias.net.br\/v1\/wp-json\/wp\/v2\/posts\/12049"}],"collection":[{"href":"https:\/\/www.ilheusnoticias.net.br\/v1\/wp-json\/wp\/v2\/posts"}],"about":[{"href":"https:\/\/www.ilheusnoticias.net.br\/v1\/wp-json\/wp\/v2\/types\/post"}],"author":[{"embeddable":true,"href":"https:\/\/www.ilheusnoticias.net.br\/v1\/wp-json\/wp\/v2\/users\/2"}],"replies":[{"embeddable":true,"href":"https:\/\/www.ilheusnoticias.net.br\/v1\/wp-json\/wp\/v2\/comments?post=12049"}],"version-history":[{"count":1,"href":"https:\/\/www.ilheusnoticias.net.br\/v1\/wp-json\/wp\/v2\/posts\/12049\/revisions"}],"predecessor-version":[{"id":12050,"href":"https:\/\/www.ilheusnoticias.net.br\/v1\/wp-json\/wp\/v2\/posts\/12049\/revisions\/12050"}],"wp:attachment":[{"href":"https:\/\/www.ilheusnoticias.net.br\/v1\/wp-json\/wp\/v2\/media?parent=12049"}],"wp:term":[{"taxonomy":"category","embeddable":true,"href":"https:\/\/www.ilheusnoticias.net.br\/v1\/wp-json\/wp\/v2\/categories?post=12049"},{"taxonomy":"post_tag","embeddable":true,"href":"https:\/\/www.ilheusnoticias.net.br\/v1\/wp-json\/wp\/v2\/tags?post=12049"}],"curies":[{"name":"wp","href":"https:\/\/api.w.org\/{rel}","templated":true}]}}