{"id":12047,"date":"2018-01-22T09:16:18","date_gmt":"2018-01-22T12:16:18","guid":{"rendered":"http:\/\/www.ilheusnoticias.net.br\/v1\/?p=12047"},"modified":"2018-01-22T09:16:18","modified_gmt":"2018-01-22T12:16:18","slug":"bebeto-articula-instalacao-de-posto-avancado-da-pm-em-una","status":"publish","type":"post","link":"https:\/\/www.ilheusnoticias.net.br\/v1\/2018\/01\/22\/bebeto-articula-instalacao-de-posto-avancado-da-pm-em-una\/","title":{"rendered":"Bebeto articula instala\u00e7\u00e3o de posto avan\u00e7ado da PM em Una"},"content":{"rendered":"<h2 class=\"PostHeaderIcon-wrapper\"><\/h2>\n<div class=\"PostContent\">\n<div id=\"attachment_73440\" class=\"wp-caption aligncenter\"><a class=\"gallery_colorbox cboxElement\" href=\"http:\/\/www.agravo.blog.br\/wp-content\/uploads\/2018\/01\/Bebeto-ao-lado-do-prefeito-Tiago-do-comandante-Anselmo-e-do-deputado-Eduardo-Sales.jpg\"><img loading=\"lazy\" class=\"wp-image-73440\" src=\"http:\/\/www.agravo.blog.br\/wp-content\/uploads\/2018\/01\/Bebeto-ao-lado-do-prefeito-Tiago-do-comandante-Anselmo-e-do-deputado-Eduardo-Sales.jpg\" sizes=\"(max-width: 500px) 100vw, 500px\" srcset=\"http:\/\/www.agravo.blog.br\/wp-content\/uploads\/2018\/01\/Bebeto-ao-lado-do-prefeito-Tiago-do-comandante-Anselmo-e-do-deputado-Eduardo-Sales.jpg 960w, http:\/\/www.agravo.blog.br\/wp-content\/uploads\/2018\/01\/Bebeto-ao-lado-do-prefeito-Tiago-do-comandante-Anselmo-e-do-deputado-Eduardo-Sales-300x225.jpg 300w, http:\/\/www.agravo.blog.br\/wp-content\/uploads\/2018\/01\/Bebeto-ao-lado-do-prefeito-Tiago-do-comandante-Anselmo-e-do-deputado-Eduardo-Sales-768x576.jpg 768w\" alt=\"\" width=\"500\" height=\"375\" \/><\/a><\/p>\n<p class=\"wp-caption-text\">Bebeto ao lado do prefeito Tiago, do comandante Anselmo e do deputado Eduardo Sales.<\/p>\n<\/div>\n<p>O munic\u00edpio de Una, no sul da Bahia, contar\u00e1 com uma base avan\u00e7ada da Rondesp (Rondas Especiais) e da Cipe (Companhia Independente de Policiamento Especializado). A demanda foi apresentada pelo deputado federal Bebeto Galv\u00e3o (PSB), no \u00faltimo dia 16, e atendida pelo comandante da Pol\u00edcia Militar da Bahia, o Coronel Anselmo Alves Brand\u00e3o, durante audi\u00eancia, em Salvador, da qual participaram o prefeito, Tiago de Dejair, e o deputado estadual Eduardo Sales.<\/p>\n<\/div>\n<p><!--more--><\/p>\n<div class=\"PostContent\">\n<p>A instala\u00e7\u00e3o da base avan\u00e7ada da PM, uma demanda antiga da comunidade de Una, vai intensificar o trabalho da corpora\u00e7\u00e3o no munic\u00edpio, al\u00e9m de dar mais condi\u00e7\u00f5es de trabalho aos policiais destacados naquela \u00e1rea para o combate \u00e0 viol\u00eancia, roubos, e ao tr\u00e1fico de drogas.<\/p>\n<p>\u201c\u00c9 uma demanda do prefeito Tiago e, sobretudo, da popula\u00e7\u00e3o unense, que, assim como em v\u00e1rias partes do Brasil, assiste a uma escalada de viol\u00eancia que passar\u00e1 a ser mais duramente combatida agora\u201d, argumentou Bebeto ap\u00f3s a audi\u00eancia.<\/p>\n<\/div>\n","protected":false},"excerpt":{"rendered":"<p>Bebeto ao lado do prefeito Tiago, do comandante Anselmo e do deputado Eduardo Sales. O munic\u00edpio de Una, no sul da Bahia, contar\u00e1 com uma base avan\u00e7ada da Rondesp (Rondas Especiais) e da Cipe (Companhia Independente de Policiamento Especializado). A demanda foi apresentada pelo deputado federal Bebeto Galv\u00e3o (PSB), no \u00faltimo dia 16, e atendida [&hellip;]<\/p>\n","protected":false},"author":2,"featured_media":0,"comment_status":"open","ping_status":"open","sticky":false,"template":"","format":"standard","meta":{"_links_to":"","_links_to_target":""},"categories":[7,9,8,1],"tags":[],"_links":{"self":[{"href":"https:\/\/www.ilheusnoticias.net.br\/v1\/wp-json\/wp\/v2\/posts\/12047"}],"collection":[{"href":"https:\/\/www.ilheusnoticias.net.br\/v1\/wp-json\/wp\/v2\/posts"}],"about":[{"href":"https:\/\/www.ilheusnoticias.net.br\/v1\/wp-json\/wp\/v2\/types\/post"}],"author":[{"embeddable":true,"href":"https:\/\/www.ilheusnoticias.net.br\/v1\/wp-json\/wp\/v2\/users\/2"}],"replies":[{"embeddable":true,"href":"https:\/\/www.ilheusnoticias.net.br\/v1\/wp-json\/wp\/v2\/comments?post=12047"}],"version-history":[{"count":1,"href":"https:\/\/www.ilheusnoticias.net.br\/v1\/wp-json\/wp\/v2\/posts\/12047\/revisions"}],"predecessor-version":[{"id":12048,"href":"https:\/\/www.ilheusnoticias.net.br\/v1\/wp-json\/wp\/v2\/posts\/12047\/revisions\/12048"}],"wp:attachment":[{"href":"https:\/\/www.ilheusnoticias.net.br\/v1\/wp-json\/wp\/v2\/media?parent=12047"}],"wp:term":[{"taxonomy":"category","embeddable":true,"href":"https:\/\/www.ilheusnoticias.net.br\/v1\/wp-json\/wp\/v2\/categories?post=12047"},{"taxonomy":"post_tag","embeddable":true,"href":"https:\/\/www.ilheusnoticias.net.br\/v1\/wp-json\/wp\/v2\/tags?post=12047"}],"curies":[{"name":"wp","href":"https:\/\/api.w.org\/{rel}","templated":true}]}}