{"id":12044,"date":"2018-01-22T09:14:19","date_gmt":"2018-01-22T12:14:19","guid":{"rendered":"http:\/\/www.ilheusnoticias.net.br\/v1\/?p=12044"},"modified":"2018-01-22T09:14:43","modified_gmt":"2018-01-22T12:14:43","slug":"governador-preve-conclusao-ainda-este-ano-da-nova-ponte-de-ilheus","status":"publish","type":"post","link":"https:\/\/www.ilheusnoticias.net.br\/v1\/2018\/01\/22\/governador-preve-conclusao-ainda-este-ano-da-nova-ponte-de-ilheus\/","title":{"rendered":"Governador prev\u00ea conclus\u00e3o ainda este ano da nova ponte de Ilh\u00e9us"},"content":{"rendered":"<h3 class=\"post-title entry-title\"><\/h3>\n<div id=\"post-body-8728651880099270232\" class=\"post-body entry-content\">\n<div class=\"separator\"><a href=\"https:\/\/2.bp.blogspot.com\/-B01Pq0Y-JrU\/WmUx6SJ4YqI\/AAAAAAAAPMg\/hgE-vhWfDiQfn5e7tDiZiP8hbiXZ1Dt-QCLcBGAs\/s1600\/03-Ponte%2BPontal%2BIlh%25C3%25A9us%2B%2BFotos%2BSecom-%2BRodrigo%2BMacedo.jpeg\"><img loading=\"lazy\" src=\"https:\/\/2.bp.blogspot.com\/-B01Pq0Y-JrU\/WmUx6SJ4YqI\/AAAAAAAAPMg\/hgE-vhWfDiQfn5e7tDiZiP8hbiXZ1Dt-QCLcBGAs\/s640\/03-Ponte%2BPontal%2BIlh%25C3%25A9us%2B%2BFotos%2BSecom-%2BRodrigo%2BMacedo.jpeg\" alt=\"\" width=\"640\" height=\"426\" border=\"0\" data-original-height=\"297\" data-original-width=\"445\" \/><\/a><\/div>\n<div>O governador da Bahia, Rui Costa, acompanhado pelo vice-prefeito de Ilh\u00e9us, Jos\u00e9 Nazal Soub, visitou as obras de constru\u00e7\u00e3o da nova ponte que ligar\u00e1 o Centro da cidade ao Pontal e toda a zona sul. No canteiro de obras, na Praia do Cristo, Rui foi recebido por lideran\u00e7as pol\u00edticas regionais e respondeu a perguntas da imprensa. Ele prev\u00ea que a obra da nova ponte deve ser conclu\u00edda no segundo semestre de 2018. \u201cEssa obra ter\u00e1 a fun\u00e7\u00e3o de pavimentar novos caminhos de desenvolvimento para a popula\u00e7\u00e3o de sete munic\u00edpios cortados pela BA 001\u201d, declarou o governador.<\/div>\n<div><\/div>\n<div>Na oportunidade, representantes da construtora apresentaram ao governador, o cronograma da programa\u00e7\u00e3o de trabalho no local. Os t\u00e9cnicos mostraram a conclus\u00e3o da funda\u00e7\u00e3o do mastro principal, que tem 20 funda\u00e7\u00f5es em estacas encravadas com di\u00e2metro de dois metros, a 31 metros de profundidade. \u201cA partir de agora, a obra ganhar\u00e1 altura e ficar\u00e1 mais vis\u00edvel. Al\u00e9m da ponte, o projeto ainda contempla a constru\u00e7\u00e3o de dois quil\u00f4metros de acessos, que v\u00e3o requalificar e valorizar ainda mais a orla de Ilh\u00e9us\u201d, assegurou o governador Rui Costa<\/div>\n<\/div>\n<div><\/div>\n<div><\/div>\n<p><!--more--><\/p>\n<div id=\"post-body-8728651880099270232\" class=\"post-body entry-content\">\n<div><\/div>\n<div>A primeira da Bahia \u2013 A obra permite uma liga\u00e7\u00e3o suspensa por cabos de sustenta\u00e7\u00e3o que partem diretamente de um mastro at\u00e9 o tabuleiro da ponte. \u00c9 considerado pela engenharia como modelo economicamente vi\u00e1vel e a melhor op\u00e7\u00e3o para liga\u00e7\u00f5es maiores que 150 metros. \u201cEsta ponte vai requalificar, n\u00e3o s\u00f3 a cidade de Ilh\u00e9us, mas toda a regi\u00e3o. Esta ponte \u00e9 semi-estaiada e atrav\u00e9s dela, mudaremos o padr\u00e3o de mobilidade urbana, o que garante mais acessibilidade e o fortalecimento do turismo na regi\u00e3o. Esta obra ser\u00e1 entregue ainda neste ano, o que dar\u00e1 a Ilh\u00e9us um novo cart\u00e3o postal\u201d, assegurou Costa.<\/div>\n<div><\/div>\n<div>A nova ponte facilitar\u00e1 a locomo\u00e7\u00e3o das pessoas entre as praias do Sul (Morro de Pernambuco) e as do Norte (praia do Cristo), atraindo investimentos na \u00e1rea do turismo e da ind\u00fastria, e o fortalecimento da economia local. S\u00e3o 533 metros de comprimento e largura de 25,3 metros, com quatro faixas de rolamento, uma ciclovia e uma faixa exclusiva para pedestres. Tamb\u00e9m faz parte do conjunto da obra um sistema vi\u00e1rio de acesso ao Porto do Malhado, distrito industrial do munic\u00edpio e o futuro Porto Sul.<\/div>\n<div><\/div>\n<div>O pavimento abrir\u00e1 quatro vias do outro lado da orla, pr\u00f3ximo \u00e0 cabeceira do aeroporto. J\u00e1 pr\u00f3ximo ao centro da cidade, o governador disse que est\u00e1 em di\u00e1logo com o prefeito M\u00e1rio Alexandre, para a possibilidade de abrir novas \u00e1reas de estacionamento, no sentido de facilitar o tr\u00e2nsito da cidade.<\/div>\n<div><\/div>\n<div>Estiveram presentes ao encontro, os deputados federais Bebeto Galv\u00e3o (PSD); Davidson Magalh\u00e3es (PCdoB); Jorge Solla (PT); Paulo Magalh\u00e3es (PSD); a senadora L\u00eddice da Mata (PSB); os secret\u00e1rios estaduais da Agricultura, Irriga\u00e7\u00e3o e Reforma Agr\u00e1ria, Vitor Bonfim; de Desenvolvimento Rural, Jer\u00f4nimo Rodrigues; da Sa\u00fade, F\u00e1bio Vilas Boas; da Infraestrutura, Marcus Cavalcanti, e tamb\u00e9m dos secret\u00e1rios municipais de Governo, Alisson Mendon\u00e7a; de Ind\u00fastria e Com\u00e9rcio, Paulo S\u00e9rgio; de Rela\u00e7\u00f5es Institucionais, S\u00e9rgio Souza; de Servi\u00e7os Urbanos, Jorge Cunha; da Cultura, Pawlo Cidade; de Comunica\u00e7\u00e3o, Alcides Kruschewsky, al\u00e9m dos vereadores Paulo Meio Quilo e Nerival Reis<\/div>\n<\/div>\n","protected":false},"excerpt":{"rendered":"<p>O governador da Bahia, Rui Costa, acompanhado pelo vice-prefeito de Ilh\u00e9us, Jos\u00e9 Nazal Soub, visitou as obras de constru\u00e7\u00e3o da nova ponte que ligar\u00e1 o Centro da cidade ao Pontal e toda a zona sul. No canteiro de obras, na Praia do Cristo, Rui foi recebido por lideran\u00e7as pol\u00edticas regionais e respondeu a perguntas da [&hellip;]<\/p>\n","protected":false},"author":2,"featured_media":0,"comment_status":"open","ping_status":"open","sticky":false,"template":"","format":"standard","meta":{"_links_to":"","_links_to_target":""},"categories":[7,9,8,1],"tags":[],"_links":{"self":[{"href":"https:\/\/www.ilheusnoticias.net.br\/v1\/wp-json\/wp\/v2\/posts\/12044"}],"collection":[{"href":"https:\/\/www.ilheusnoticias.net.br\/v1\/wp-json\/wp\/v2\/posts"}],"about":[{"href":"https:\/\/www.ilheusnoticias.net.br\/v1\/wp-json\/wp\/v2\/types\/post"}],"author":[{"embeddable":true,"href":"https:\/\/www.ilheusnoticias.net.br\/v1\/wp-json\/wp\/v2\/users\/2"}],"replies":[{"embeddable":true,"href":"https:\/\/www.ilheusnoticias.net.br\/v1\/wp-json\/wp\/v2\/comments?post=12044"}],"version-history":[{"count":2,"href":"https:\/\/www.ilheusnoticias.net.br\/v1\/wp-json\/wp\/v2\/posts\/12044\/revisions"}],"predecessor-version":[{"id":12046,"href":"https:\/\/www.ilheusnoticias.net.br\/v1\/wp-json\/wp\/v2\/posts\/12044\/revisions\/12046"}],"wp:attachment":[{"href":"https:\/\/www.ilheusnoticias.net.br\/v1\/wp-json\/wp\/v2\/media?parent=12044"}],"wp:term":[{"taxonomy":"category","embeddable":true,"href":"https:\/\/www.ilheusnoticias.net.br\/v1\/wp-json\/wp\/v2\/categories?post=12044"},{"taxonomy":"post_tag","embeddable":true,"href":"https:\/\/www.ilheusnoticias.net.br\/v1\/wp-json\/wp\/v2\/tags?post=12044"}],"curies":[{"name":"wp","href":"https:\/\/api.w.org\/{rel}","templated":true}]}}