{"id":12040,"date":"2018-01-22T09:11:54","date_gmt":"2018-01-22T12:11:54","guid":{"rendered":"http:\/\/www.ilheusnoticias.net.br\/v1\/?p=12040"},"modified":"2018-01-22T09:11:54","modified_gmt":"2018-01-22T12:11:54","slug":"rui-autoriza-consorcios-de-saude-e-ampliacao-de-escolas-em-itabuna","status":"publish","type":"post","link":"https:\/\/www.ilheusnoticias.net.br\/v1\/2018\/01\/22\/rui-autoriza-consorcios-de-saude-e-ampliacao-de-escolas-em-itabuna\/","title":{"rendered":"Rui autoriza cons\u00f3rcios de sa\u00fade e amplia\u00e7\u00e3o de escolas em Itabuna"},"content":{"rendered":"<h3 class=\"post-title entry-title\"><\/h3>\n<div id=\"post-body-830166573968383394\" class=\"post-body entry-content\"><a href=\"https:\/\/3.bp.blogspot.com\/-qmeeEiWIsiI\/WmUzUidOVQI\/AAAAAAAAPMw\/aciWL4ZSBYIL5JIAuFU9Rs_8q9LJxApRQCLcBGAs\/s1600\/Foto_Manu%2BDias_GOVBA%2B%25281%2529.jpg\"><img loading=\"lazy\" src=\"https:\/\/3.bp.blogspot.com\/-qmeeEiWIsiI\/WmUzUidOVQI\/AAAAAAAAPMw\/aciWL4ZSBYIL5JIAuFU9Rs_8q9LJxApRQCLcBGAs\/s640\/Foto_Manu%2BDias_GOVBA%2B%25281%2529.jpg\" alt=\"\" width=\"640\" height=\"426\" border=\"0\" data-original-height=\"297\" data-original-width=\"445\" \/>\u00a0<\/a><\/p>\n<div>Em viagem ao sul da Bahia, o governador Rui Costa participou, na tarde de sexta-feira (19), de reuni\u00e3o no audit\u00f3rio do Cetep Litoral Sul II, em Itabuna, onde assinou protocolos de inten\u00e7\u00f5es dos Cons\u00f3rcios P\u00fablicos de Sa\u00fade das regi\u00f5es de Itabuna e Ilh\u00e9us. \u201cEu acabei de olhar dois terrenos para construir a policl\u00ednica aqui em Itabuna. N\u00f3s queremos iniciar o mais r\u00e1pido poss\u00edvel a constru\u00e7\u00e3o\u201d, afirmou.<\/div>\n<div><\/div>\n<div>Rui tamb\u00e9m assinou a ordem de servi\u00e7o para reforma e amplia\u00e7\u00e3o de unidades estaduais de ensino, que v\u00e3o compor o Campus Integrado de Educa\u00e7\u00e3o B\u00e1sica (CIEB). \u201d\u00c9 o ensino em tempo integral, garantindo a educa\u00e7\u00e3o completa dos nossos jovens\u201d, acrescentou. Na ocasi\u00e3o, o governador ainda entregou tr\u00eas tratores para associa\u00e7\u00f5es de agricultores familiares de Nova Cana\u00e3, Itacar\u00e9 e Medeiros Neto e uma ambul\u00e2ncia para o munic\u00edpio de Gongogi.<\/div>\n<\/div>\n<div><\/div>\n<p><!--more--><\/p>\n<div id=\"post-body-830166573968383394\" class=\"post-body entry-content\">\n<div><\/div>\n<div>O evento teve as presen\u00e7as do vice-governador e secret\u00e1rio estadual do Planejamento, Jo\u00e3o Le\u00e3o, al\u00e9m do presidente da Assembleia Legislativa (Alba), \u00c2ngelo Coronel, e dos secret\u00e1rios estaduais da Sa\u00fade, de Rela\u00e7\u00f5es Institucionais, de Desenvolvimento Econ\u00f4mico e de Desenvolvimento Rural, F\u00e1bio Vilas-Boas, Josias Gomes, Jaques Wagner e Jer\u00f4nimo Rodrigues, respectivamente.<\/div>\n<div><\/div>\n<div>Ainda em Itabuna, na noite de sexta (19), o governador inaugurou a Passarela da Ilha do Jegue. Finalizando a agenda, participou da abertura do Itabuna Folia, que teve apoio do Governo do Estado.<\/div>\n<\/div>\n","protected":false},"excerpt":{"rendered":"<p>\u00a0 Em viagem ao sul da Bahia, o governador Rui Costa participou, na tarde de sexta-feira (19), de reuni\u00e3o no audit\u00f3rio do Cetep Litoral Sul II, em Itabuna, onde assinou protocolos de inten\u00e7\u00f5es dos Cons\u00f3rcios P\u00fablicos de Sa\u00fade das regi\u00f5es de Itabuna e Ilh\u00e9us. \u201cEu acabei de olhar dois terrenos para construir a policl\u00ednica aqui [&hellip;]<\/p>\n","protected":false},"author":2,"featured_media":0,"comment_status":"open","ping_status":"open","sticky":false,"template":"","format":"standard","meta":{"_links_to":"","_links_to_target":""},"categories":[7,9,8,1],"tags":[],"_links":{"self":[{"href":"https:\/\/www.ilheusnoticias.net.br\/v1\/wp-json\/wp\/v2\/posts\/12040"}],"collection":[{"href":"https:\/\/www.ilheusnoticias.net.br\/v1\/wp-json\/wp\/v2\/posts"}],"about":[{"href":"https:\/\/www.ilheusnoticias.net.br\/v1\/wp-json\/wp\/v2\/types\/post"}],"author":[{"embeddable":true,"href":"https:\/\/www.ilheusnoticias.net.br\/v1\/wp-json\/wp\/v2\/users\/2"}],"replies":[{"embeddable":true,"href":"https:\/\/www.ilheusnoticias.net.br\/v1\/wp-json\/wp\/v2\/comments?post=12040"}],"version-history":[{"count":1,"href":"https:\/\/www.ilheusnoticias.net.br\/v1\/wp-json\/wp\/v2\/posts\/12040\/revisions"}],"predecessor-version":[{"id":12041,"href":"https:\/\/www.ilheusnoticias.net.br\/v1\/wp-json\/wp\/v2\/posts\/12040\/revisions\/12041"}],"wp:attachment":[{"href":"https:\/\/www.ilheusnoticias.net.br\/v1\/wp-json\/wp\/v2\/media?parent=12040"}],"wp:term":[{"taxonomy":"category","embeddable":true,"href":"https:\/\/www.ilheusnoticias.net.br\/v1\/wp-json\/wp\/v2\/categories?post=12040"},{"taxonomy":"post_tag","embeddable":true,"href":"https:\/\/www.ilheusnoticias.net.br\/v1\/wp-json\/wp\/v2\/tags?post=12040"}],"curies":[{"name":"wp","href":"https:\/\/api.w.org\/{rel}","templated":true}]}}