{"id":12034,"date":"2018-01-21T11:37:38","date_gmt":"2018-01-21T14:37:38","guid":{"rendered":"http:\/\/www.ilheusnoticias.net.br\/v1\/?p=12034"},"modified":"2018-01-21T11:42:57","modified_gmt":"2018-01-21T14:42:57","slug":"apos-parte-dos-equipamentos-roubados-ser-encontrada-caetano-veloso-posta-lista-de-materiais-ainda-sumidos","status":"publish","type":"post","link":"https:\/\/www.ilheusnoticias.net.br\/v1\/2018\/01\/21\/apos-parte-dos-equipamentos-roubados-ser-encontrada-caetano-veloso-posta-lista-de-materiais-ainda-sumidos\/","title":{"rendered":"Ap\u00f3s parte dos equipamentos roubados ser encontrada, Caetano Veloso posta lista de materiais ainda sumidos"},"content":{"rendered":"<div class=\"row content-head\"><\/div>\n<div class=\"row content-share-bar\"><\/div>\n<div class=\"mc-article-body\">\n<article>\n<div class=\"mc-column content-media content-media--normal content-photo\" data-block-type=\"backstage-photo\" data-block-id=\"0\">\n<div class=\"content-media__container\">\n<div class=\"content-media__image-centered\">\n<div class=\"progressive-img can-open-lightbox\" data-min-size=\"1008x671\" data-min-size-url=\"https:\/\/s2.glbimg.com\/cbcgA5A9Coo4HW-Wj5AsG4t-fE0=\/0x0:1600x1066\/1008x0\/smart\/filters:strip_icc()\/i.s3.glbimg.com\/v1\/AUTH_59edd422c0c84a879bd37670ae4f538a\/internal_photos\/bs\/2017\/T\/W\/y5Dd9WSPyuUCacXHO12Q\/caetanovelosofernandoyoung.jpg\" data-max-size=\"1600x1066\" data-max-size-url=\"https:\/\/s2.glbimg.com\/TeTxn3Ht5wPnxDeN7uWjzbkT8VU=\/0x0:1600x1066\/1600x0\/smart\/filters:strip_icc()\/i.s3.glbimg.com\/v1\/AUTH_59edd422c0c84a879bd37670ae4f538a\/internal_photos\/bs\/2017\/T\/W\/y5Dd9WSPyuUCacXHO12Q\/caetanovelosofernandoyoung.jpg\" data-media-index=\"0\"><img class=\"progressive-draft\" title=\"Caetano Veloso (Foto: Divulga\u00e7\u00e3o \/ Fernando Young)\" src=\"data:image\/jpeg;base64,\/9j\/4AAQSkZJRgABAQAAAQABAAD\/2wBDAAMCAgMCAgMDAwMEAwMEBQgFBQQEBQoHBwYIDAoMDAsKCwsNDhIQDQ4RDgsLEBYQERMUFRUVDA8XGBYUGBIUFRT\/2wBDAQMEBAUEBQkFBQkUDQsNFBQUFBQUFBQUFBQUFBQUFBQUFBQUFBQUFBQUFBQUFBQUFBQUFBQUFBQUFBQUFBQUFBT\/wgARCAARABkDASIAAhEBAxEB\/8QAGAAAAwEBAAAAAAAAAAAAAAAAAAYHAgj\/xAAWAQEBAQAAAAAAAAAAAAAAAAACAQP\/2gAMAwEAAhADEAAAAeXqqj1WOGZZluhtrYaiXJAZv\/\/EAB4QAAEEAQUAAAAAAAAAAAAAAAUAAgMEAQYQMTI0\/9oACAEBAAEFAkMG036f2EUGkLMQ5kY4yKwNkQLnHc15l\/\/EABcRAQEBAQAAAAAAAAAAAAAAAAEQAjH\/2gAIAQMBAT8Byh2M\/8QAGBEAAwEBAAAAAAAAAAAAAAAAAAECEDH\/2gAIAQIBAT8Bc0+ZIz\/\/xAAjEAACAAUCBwAAAAAAAAAAAAABAgADEBESITEEE1Fxg7HR\/9oACAEBAAY\/AoM15JaYQWzuK4OxVBvaH4Rc7MdVDaEfYGEzmIeu4pN7r7p5TT\/\/xAAfEAABAwMFAAAAAAAAAAAAAAABABExECFBUWFxsfD\/2gAIAQEAAT8hZGb9hEwE71yRQmg4AYGA3Lz0yguQtrLmhqFCvRzT\/9oADAMBAAIAAwAAABBFcPz\/xAAaEQACAgMAAAAAAAAAAAAAAAAAAREhMUFh\/9oACAEDAQE\/EHz5E5szNH\/\/xAAYEQEBAQEBAAAAAAAAAAAAAAABADERYf\/aAAgBAgEBPxAg9yI8bNq\/\/8QAHxABAQACAQQDAAAAAAAAAAAAAREAITFBUWHwEJGx\/9oACAEBAAE\/EAOPZtFAQx2CGvN74ggjyXPrJ0IMIlYFdFdWdcfihlRVqjpkrS4mPqEEQQNDTR0644yGe\/7s\/Pnp+fj\/AP\/Z\" alt=\"Caetano Veloso (Foto: Divulga\u00e7\u00e3o \/ Fernando Young)\" \/><picture><img loading=\"lazy\" class=\"image content-media__image progressive-loaded\" title=\"Caetano Veloso (Foto: Divulga\u00e7\u00e3o \/ Fernando Young)\" src=\"https:\/\/s2.glbimg.com\/EAVqImNV5nUu4ibMuOAc0RzsBOI=\/0x0:1600x1066\/984x0\/smart\/filters:strip_icc()\/i.s3.glbimg.com\/v1\/AUTH_59edd422c0c84a879bd37670ae4f538a\/internal_photos\/bs\/2017\/T\/W\/y5Dd9WSPyuUCacXHO12Q\/caetanovelosofernandoyoung.jpg\" alt=\"Caetano Veloso (Foto: Divulga\u00e7\u00e3o \/ Fernando Young)\" width=\"446\" height=\"297\" data-src=\"https:\/\/s2.glbimg.com\/EAVqImNV5nUu4ibMuOAc0RzsBOI=\/0x0:1600x1066\/984x0\/smart\/filters:strip_icc()\/i.s3.glbimg.com\/v1\/AUTH_59edd422c0c84a879bd37670ae4f538a\/internal_photos\/bs\/2017\/T\/W\/y5Dd9WSPyuUCacXHO12Q\/caetanovelosofernandoyoung.jpg\" \/><\/picture><\/div>\n<\/div>\n<div class=\"content-media__description-centered \">\n<p class=\"content-media__description\"><span class=\"content-media__description__caption\">Caetano Veloso (Foto: Divulga\u00e7\u00e3o \/ Fernando Young)<\/span><\/p>\n<\/div>\n<\/div>\n<\/div>\n<div class=\"mc-column mc-side-item__container\" data-block-type=\"ads\" data-block-id=\"1\"><\/div>\n<div class=\"mc-column content-text active-extra-styles active-capital-letter\" data-block-type=\"unstyled\" data-block-weight=\"44\" data-block-id=\"2\">\n<p class=\"content-text__container theme-color-primary-first-letter\" data-track-category=\"Link no Texto\" data-track-links=\"\">Ap\u00f3s\u00a0<a href=\"https:\/\/g1.globo.com\/ba\/bahia\/noticia\/seis-dias-apos-roubo-equipamentos-de-som-de-caetano-veloso-sao-recuperados-na-bahia.ghtml\">parte dos equipamentos roubados de Caetano Veloso ter sido encontrada pela pol\u00edcia de Ilh\u00e9us, na madrugada deste s\u00e1bado (20), em Ibirapitanga, no sul da Bahia<\/a>, o m\u00fasico fez uma postagem no Facebook agradecendo \u00e0 pol\u00edcia pelo trabalho e listando outros 19 materiais que permanecem desaparecidos.<\/p>\n<\/div>\n<div class=\"mc-column content-text active-extra-styles \" data-block-type=\"unstyled\" data-block-weight=\"22\" data-block-id=\"3\">\n<p class=\"content-text__container \" data-track-category=\"Link no Texto\" data-track-links=\"\">No post, publicado na tarde de s\u00e1bado, Caetano comenta sobre a falta de seguran\u00e7a no Brasil e agradece o esfor\u00e7o da pol\u00edcia.<\/p>\n<\/div>\n<div class=\"mc-column content-text active-extra-styles \" data-block-type=\"unstyled\" data-block-weight=\"55\" data-block-id=\"4\">\n<p class=\"content-text__container \" data-track-category=\"Link no Texto\" data-track-links=\"\">&#8220;Primeiro, lamentamos muito o roubo dos equipamentos do nosso show. A quest\u00e3o da inseguran\u00e7a \u00e9 nacional, afeta todo o Brasil e precisa ser resolvida por toda a sociedade. N\u00e3o d\u00e1 pra ficar de bra\u00e7os cruzados diante da entrada de armas pesadas pelas nossas fronteiras, armas que matam nossos jovens e nossos policiais&#8221;, disse o artista.<\/p>\n<\/div>\n<div class=\"mc-column content-media content-media--normal content-photo\" data-block-type=\"backstage-photo\" data-block-id=\"5\">\n<div class=\"content-media__container\">\n<div class=\"content-media__image-centered\">\n<div class=\"progressive-img can-open-lightbox\" data-min-size=\"1008x571\" data-min-size-url=\"https:\/\/s2.glbimg.com\/FYfQg-hcHMEUW5va6BfqUTgS51Y=\/0x0:1391x789\/1008x0\/smart\/filters:strip_icc()\/i.s3.glbimg.com\/v1\/AUTH_59edd422c0c84a879bd37670ae4f538a\/internal_photos\/bs\/2018\/I\/a\/Z2aCvTS4ya5J8MNuuD9g\/caetano-veloso-facebook.jpg\" data-max-size=\"1600x907\" data-max-size-url=\"https:\/\/s2.glbimg.com\/fuo3PiFcRpjJPrq5Xa4YjzUHRK8=\/0x0:1391x789\/1600x0\/smart\/filters:strip_icc()\/i.s3.glbimg.com\/v1\/AUTH_59edd422c0c84a879bd37670ae4f538a\/internal_photos\/bs\/2018\/I\/a\/Z2aCvTS4ya5J8MNuuD9g\/caetano-veloso-facebook.jpg\" data-media-index=\"1\"><img class=\"progressive-draft\" title=\"Caetano fez post listando equipamentos que seguem desaparecidos (Foto: Reprodu\u00e7\u00e3o\/Facebook)\" src=\"data:image\/jpeg;base64,\/9j\/4AAQSkZJRgABAQAAAQABAAD\/2wBDAAMCAgMCAgMDAwMEAwMEBQgFBQQEBQoHBwYIDAoMDAsKCwsNDhIQDQ4RDgsLEBYQERMUFRUVDA8XGBYUGBIUFRT\/2wBDAQMEBAUEBQkFBQkUDQsNFBQUFBQUFBQUFBQUFBQUFBQUFBQUFBQUFBQUFBQUFBQUFBQUFBQUFBQUFBQUFBQUFBT\/wgARCAAOABkDASIAAhEBAxEB\/8QAGQAAAgMBAAAAAAAAAAAAAAAAAwUBAgQH\/8QAFQEBAQAAAAAAAAAAAAAAAAAAAgH\/2gAMAwEAAhADEAAAAe4uDEoX22Qj\/8QAGxAAAgIDAQAAAAAAAAAAAAAAAhEDBAABBRT\/2gAIAQEAAQUCucobMgw6kwOdVAPJBiZVEm9Z\/8QAFhEBAQEAAAAAAAAAAAAAAAAAAAER\/9oACAEDAQE\/AYyP\/8QAGBEAAgMAAAAAAAAAAAAAAAAAAAERElH\/2gAIAQIBAT8Bllnp\/8QAIxAAAQMCBQUAAAAAAAAAAAAAAQACAwQSEBETUWEUITNBkv\/aAAgBAQAGPwKmMbun05Lzptyu4QvjjeOQCg5tPD39hi8MfwEDsnbrLD\/\/xAAeEAACAgEFAQAAAAAAAAAAAAABEQAhQRAxccHR8P\/aAAgBAQABPyGvBlFOSVezmCTgEAkHEWJ8Z1FsmVSjRUbuo4Sxp\/\/aAAwDAQACAAMAAAAQiZ\/\/xAAXEQEBAQEAAAAAAAAAAAAAAAABADFB\/9oACAEDAQE\/EAZPAv\/EABcRAQEBAQAAAAAAAAAAAAAAABEAATH\/2gAIAQIBAT8Q1Fl7q\/\/EABwQAQACAgMBAAAAAAAAAAAAAAERIQBBEFFxMf\/aAAgBAQABPxAqKk0BiLYrIZLVhTCnuh9scHGcSO0tL94vTEiRBgZ77wiEtmVRetZG06I8f\/\/Z\" alt=\"Caetano fez post listando equipamentos que seguem desaparecidos (Foto: Reprodu\u00e7\u00e3o\/Facebook)\" \/><picture><img class=\"image content-media__image progressive-loaded\" title=\"Caetano fez post listando equipamentos que seguem desaparecidos (Foto: Reprodu\u00e7\u00e3o\/Facebook)\" src=\"https:\/\/s2.glbimg.com\/frI18ILCyqU2jVWOxPnk0SB0YQg=\/0x0:1391x789\/984x0\/smart\/filters:strip_icc()\/i.s3.glbimg.com\/v1\/AUTH_59edd422c0c84a879bd37670ae4f538a\/internal_photos\/bs\/2018\/I\/a\/Z2aCvTS4ya5J8MNuuD9g\/caetano-veloso-facebook.jpg\" alt=\"Caetano fez post listando equipamentos que seguem desaparecidos (Foto: Reprodu\u00e7\u00e3o\/Facebook)\" data-src=\"https:\/\/s2.glbimg.com\/frI18ILCyqU2jVWOxPnk0SB0YQg=\/0x0:1391x789\/984x0\/smart\/filters:strip_icc()\/i.s3.glbimg.com\/v1\/AUTH_59edd422c0c84a879bd37670ae4f538a\/internal_photos\/bs\/2018\/I\/a\/Z2aCvTS4ya5J8MNuuD9g\/caetano-veloso-facebook.jpg\" \/><\/picture><\/div>\n<\/div>\n<div class=\"content-media__description-centered \">\n<p class=\"content-media__description\"><span class=\"content-media__description__caption\">Caetano fez post listando equipamentos que seguem desaparecidos (Foto: Reprodu\u00e7\u00e3o\/Facebook)<\/span><\/p>\n<\/div>\n<\/div>\n<\/div>\n<div class=\"mc-column content-text active-extra-styles \" data-block-type=\"unstyled\" data-block-weight=\"72\" data-block-id=\"6\">\n<p class=\"content-text__container \" data-track-category=\"Link no Texto\" data-track-links=\"\">&#8220;Eu estou feliz pelo desfecho da hist\u00f3ria e quero agradecer o empenho do governador baiano, que determinou a a\u00e7\u00e3o imediata das pol\u00edcias Civil e Militar. Quero agradecer \u00e0 Secretaria de Seguran\u00e7a P\u00fablica, \u00e0 Pol\u00edcia Militar e \u00e0 Pol\u00edcia Civil, al\u00e9m da solidariedade que recebi na Bahia e no Brasil. \u00c9 bom saber que encontrei todo esse apoio em minha terra natal&#8221;, acrescentou Caetano, antes de listar os 19 equipamentos que seguem desaparecidos.<\/p>\n<\/div>\n<div class=\"mc-column content-text active-extra-styles \" data-block-type=\"unstyled\" data-block-weight=\"33\" data-block-id=\"7\">\n<p class=\"content-text__container \" data-track-category=\"Link no Texto\" data-track-links=\"\">Entre o material que ainda n\u00e3o foi encontrado est\u00e3o um violoncelo, um baixo el\u00e9trico, microfones, al\u00e9m de itens do cen\u00e1rio, como mesa de ilumina\u00e7\u00e3o, figurino, r\u00e1dios de comunica\u00e7\u00e3o, uma lona, entre outros objetos.<\/p>\n<\/div>\n<div class=\"content-ads content-ads--reveal\" data-block-type=\"ads\" data-block-id=\"8\"><\/div>\n<div class=\"mc-column content-text active-extra-styles\" data-block-type=\"raw\" data-block-weight=\"2\" data-block-id=\"9\">\n<div class=\"content-intertitle\">\n<h2>Material recuperado<\/h2>\n<\/div>\n<\/div>\n<\/article>\n<\/div>\n<p><!--more--><\/p>\n<div class=\"mc-article-body\">\n<article>\n<div class=\"mc-column content-media content-media--normal content-photo\" data-block-type=\"backstage-photo\" data-block-id=\"10\">\n<div class=\"content-media__container\">\n<div class=\"content-media__image-centered\">\n<div class=\"progressive-img can-open-lightbox\" data-min-size=\"1008x631\" data-min-size-url=\"https:\/\/s2.glbimg.com\/zG-eOpSxyfN7VEuYZpr9-qJrZkM=\/0x0:1700x1065\/1008x0\/smart\/filters:strip_icc()\/i.s3.glbimg.com\/v1\/AUTH_59edd422c0c84a879bd37670ae4f538a\/internal_photos\/bs\/2018\/t\/0\/2HEMBjTQyAiUEpKuNANw\/e6.jpg\" data-max-size=\"1600x1002\" data-max-size-url=\"https:\/\/s2.glbimg.com\/EvGpn6Q04NktYu5yDY1f_yRyIlY=\/0x0:1700x1065\/1600x0\/smart\/filters:strip_icc()\/i.s3.glbimg.com\/v1\/AUTH_59edd422c0c84a879bd37670ae4f538a\/internal_photos\/bs\/2018\/t\/0\/2HEMBjTQyAiUEpKuNANw\/e6.jpg\" data-media-index=\"2\"><img class=\"progressive-draft\" title=\"Materiais foram encontrados no munic\u00edpio de Ibirapitanga (Foto: Divulga\u00e7\u00e3o \/ SSP)\" src=\"data:image\/jpeg;base64,\/9j\/4AAQSkZJRgABAQAAAQABAAD\/2wBDAAMCAgMCAgMDAwMEAwMEBQgFBQQEBQoHBwYIDAoMDAsKCwsNDhIQDQ4RDgsLEBYQERMUFRUVDA8XGBYUGBIUFRT\/2wBDAQMEBAUEBQkFBQkUDQsNFBQUFBQUFBQUFBQUFBQUFBQUFBQUFBQUFBQUFBQUFBQUFBQUFBQUFBQUFBQUFBQUFBT\/wgARCAAQABkDASIAAhEBAxEB\/8QAGQAAAgMBAAAAAAAAAAAAAAAABAYBAwUI\/8QAFgEBAQEAAAAAAAAAAAAAAAAABAAD\/9oADAMBAAIQAxAAAAHn4Rs2SLV7zptP\/8QAHRAAAgICAwEAAAAAAAAAAAAAAgQBAwAFBhITFP\/aAAgBAQABBQL57bSq8yOqKJjrGa1Fhxprj7DJnpRSLzjP\/8QAFxEAAwEAAAAAAAAAAAAAAAAAAAEhMf\/aAAgBAwEBPwE2tH\/\/xAAYEQADAQEAAAAAAAAAAAAAAAAAATESQf\/aAAgBAgEBPwHXGSM\/\/8QAIxAAAQMDAgcAAAAAAAAAAAAAAgABAwQRMRJBEyNCUWGBwf\/aAAgBAQAGPwIQhjKWQukBu65+r0naHDd1snamKIXALvxWvutU9dTCXmUG+qMxrI6gsEMeyyv\/xAAbEAACAwEBAQAAAAAAAAAAAAAAARExYSFBkf\/aAAgBAQABPyGU\/m1zSwvqpc8QPQ9IsblBkbEp3xNUPGKD8QsVy24NPKkyH\/\/aAAwDAQACAAMAAAAQz4\/\/xAAcEQEAAgEFAAAAAAAAAAAAAAABABExUWFxscH\/2gAIAQMBAT8Q3FXSrO\/Ja6Bxif\/EABwRAQACAQUAAAAAAAAAAAAAAAEAEVEhMXGBwf\/aAAgBAgEBPxAwgzdPWnsEII87z\/\/EAB8QAQEAAgEEAwAAAAAAAAAAAAERACFRMUFh8XGB0f\/aAAgBAQABPxC7XAZFUIqF+sQykwS1LqddJOfjGu23UFepyfuegMkpYVYnZV2aYpqydkc5POWLGIaJHRIKrd2Z7XP\/2Q==\" alt=\"Materiais foram encontrados no munic\u00edpio de Ibirapitanga (Foto: Divulga\u00e7\u00e3o \/ SSP)\" \/><picture><img loading=\"lazy\" class=\"image content-media__image progressive-loaded\" title=\"Materiais foram encontrados no munic\u00edpio de Ibirapitanga (Foto: Divulga\u00e7\u00e3o \/ SSP)\" src=\"https:\/\/s2.glbimg.com\/I-vL2pu-GItxWl4ZaW-2LZEprE4=\/0x0:1700x1065\/984x0\/smart\/filters:strip_icc()\/i.s3.glbimg.com\/v1\/AUTH_59edd422c0c84a879bd37670ae4f538a\/internal_photos\/bs\/2018\/t\/0\/2HEMBjTQyAiUEpKuNANw\/e6.jpg\" alt=\"Materiais foram encontrados no munic\u00edpio de Ibirapitanga (Foto: Divulga\u00e7\u00e3o \/ SSP)\" width=\"595\" height=\"372\" data-src=\"https:\/\/s2.glbimg.com\/I-vL2pu-GItxWl4ZaW-2LZEprE4=\/0x0:1700x1065\/984x0\/smart\/filters:strip_icc()\/i.s3.glbimg.com\/v1\/AUTH_59edd422c0c84a879bd37670ae4f538a\/internal_photos\/bs\/2018\/t\/0\/2HEMBjTQyAiUEpKuNANw\/e6.jpg\" \/><\/picture><\/div>\n<\/div>\n<div class=\"content-media__description-centered \">\n<p class=\"content-media__description\"><span class=\"content-media__description__caption\">Materiais foram encontrados no munic\u00edpio de Ibirapitanga (Foto: Divulga\u00e7\u00e3o \/ SSP)<\/span><\/p>\n<\/div>\n<\/div>\n<\/div>\n<div class=\"mc-column content-text active-extra-styles \" data-block-type=\"unstyled\" data-block-weight=\"37\" data-block-id=\"11\">\n<p class=\"content-text__container \" data-track-category=\"Link no Texto\" data-track-links=\"\">De acordo com a Secretaria de Seguran\u00e7a P\u00fablica (SSP), os equipamentos foram localizados em uma resid\u00eancia, ap\u00f3s investiga\u00e7\u00f5es da 7\u00aa Coordenadoria de Pol\u00edcia do Interior (Ilh\u00e9us) e dos setores de Intelig\u00eancia da 61\u00aa CIPM e da Cipe\/Cacaueira.<\/p>\n<\/div>\n<div class=\"mc-column content-text active-extra-styles \" data-block-type=\"unstyled\" data-block-weight=\"23\" data-block-id=\"12\">\n<p class=\"content-text__container \" data-track-category=\"Link no Texto\" data-track-links=\"\">A pol\u00edcia diz que, no momento da abordagem, houve troca de tiros com os bandidos que estavam no local. Os suspeitos conseguiram fugir.<\/p>\n<\/div>\n<div class=\"mc-column content-text active-extra-styles \" data-block-type=\"unstyled\" data-block-weight=\"42\" data-block-id=\"13\">\n<p class=\"content-text__container \" data-track-category=\"Link no Texto\" data-track-links=\"\">Segundo a SSP, foram recuperados o ve\u00edculo e o reboque que eram utilizados para o transporte do material, quatro movie lights, um piano, duas malas de produ\u00e7\u00e3o, um case pelican, um hack de aire, quatro viol\u00f5es e itens de cen\u00e1rios dos shows.<\/p>\n<\/div>\n<div class=\"mc-column content-text active-extra-styles\" data-block-type=\"raw\" data-block-weight=\"1\" data-block-id=\"14\">\n<div class=\"content-intertitle\">\n<h2>Caso<\/h2>\n<\/div>\n<\/div>\n<div class=\"mc-column content-media content-media--normal content-photo\" data-block-type=\"backstage-photo\" data-block-id=\"15\">\n<div class=\"content-media__container\">\n<div class=\"content-media__image-centered\">\n<div class=\"progressive-img can-open-lightbox\" data-min-size=\"1008x1344\" data-min-size-url=\"https:\/\/s2.glbimg.com\/hO_v1GuYcUsK4TgdqTuKMaiui9Q=\/0x0:960x1280\/1008x0\/smart\/filters:strip_icc()\/i.s3.glbimg.com\/v1\/AUTH_59edd422c0c84a879bd37670ae4f538a\/internal_photos\/bs\/2018\/p\/s\/cy0wLmRNOFjzRjtaaFww\/carro-roubado1.jpg\" data-max-size=\"1600x2133\" data-max-size-url=\"https:\/\/s2.glbimg.com\/ACCOM8gIDhdyZiGs6C5HL3G4y7g=\/0x0:960x1280\/1600x0\/smart\/filters:strip_icc()\/i.s3.glbimg.com\/v1\/AUTH_59edd422c0c84a879bd37670ae4f538a\/internal_photos\/bs\/2018\/p\/s\/cy0wLmRNOFjzRjtaaFww\/carro-roubado1.jpg\" data-media-index=\"3\"><img class=\"progressive-draft\" title=\"Carro que transportava equipamento de show de Caetano Veloso foi roubado (Foto: Produ\u00e7\u00e3o\/Caetano Veloso)\" src=\"data:image\/jpeg;base64,\/9j\/4AAQSkZJRgABAQAAAQABAAD\/2wBDAAMCAgMCAgMDAwMEAwMEBQgFBQQEBQoHBwYIDAoMDAsKCwsNDhIQDQ4RDgsLEBYQERMUFRUVDA8XGBYUGBIUFRT\/2wBDAQMEBAUEBQkFBQkUDQsNFBQUFBQUFBQUFBQUFBQUFBQUFBQUFBQUFBQUFBQUFBQUFBQUFBQUFBQUFBQUFBQUFBT\/wgARCAAhABkDASIAAhEBAxEB\/8QAGgAAAgMBAQAAAAAAAAAAAAAABQcABggEA\/\/EABgBAQADAQAAAAAAAAAAAAAAAAIBAwQF\/9oADAMBAAIQAxAAAAFB91jCDqBR9k5ZyPdd6sqlByd6ORfWDUVfky3ED8hX\/8QAIRAAAQMDBAMAAAAAAAAAAAAAAwACBAEGEgURExUQFDL\/2gAIAQEAAQUCaJlXNYGoSAHnhVHF6YhSBsrIxcTiGp9oGkNn25IhtkQsF1B1qMlu5qU21u1+VnRy0X6cmeP\/xAAgEQABAwIHAAAAAAAAAAAAAAABAAIDBBESISNhgdLw\/9oACAEDAQE\/AYpKYMtIzPnsFO6N7tIWHtyi1YUUF\/\/EABsRAAIBBQAAAAAAAAAAAAAAAAABMQIDERIh\/9oACAECAQE\/AXlvhEiuM3EVH\/\/EACsQAAIBAgEKBwEAAAAAAAAAAAECAAMRIRASEyIxM0FDYZMEMjRRcYGRkv\/aAAgBAQAGPwJjn2PtaFdbPzhr2P5N4f5yNQNAK6guHtjLOHLdDNGQwdcNonMgVbghPNXW31L1kuo5iYgy+HQzeUO5CvGWwsds03hF1r7scfieiq9qVI0TJ\/\/EACQQAQACAQMEAQUAAAAAAAAAAAEAESExQYEQYXGxUaHB0fDx\/9oACAEBAAE\/IWogFpffWZ9MahR2feXIi2peE8MAuceHBdu41xFjhk0PUd17qsne\/fExg7sqnUI9jaKgYHwL6cymu47lZ6FeDlHYdDbJUNkVttDfyn9d+Oi1eTPR0\/\/aAAwDAQACAAMAAAAQQI8Ade\/\/xAAdEQEAAgICAwAAAAAAAAAAAAABETEAIVFhEHGB\/9oACAEDAQE\/EBAuwKdXzLcAcdawl7Fq5+MODi\/J\/8QAGxEBAAICAwAAAAAAAAAAAAAAAQAhEDERwfD\/2gAIAQIBAT8QXo6hzTaELgEw2n\/\/xAAkEAEAAgIBAwMFAAAAAAAAAAABESEAMUFRYfCRobEQwdHh8f\/aAAgBAQABPxBJVBQgEU6+2QDBsCDKjDqbCXsxbnyCSOO\/Hrnnf1iKqYILybEJJhDpXAUNTAONyG6xvL6JRiVgWaSwiuLzzDG\/OFaURgSwVTvIxjPiK03aSk1jbpQUN2y2PJ8Z\/BfjJ5yVkk9cORqAEzY8Q98kwE4lVIutKm7jvmn32eB6Z8D7fT\/\/2Q==\" alt=\"Carro que transportava equipamento de show de Caetano Veloso foi roubado (Foto: Produ\u00e7\u00e3o\/Caetano Veloso)\" \/><picture><img loading=\"lazy\" class=\"image content-media__image progressive-loaded\" title=\"Carro que transportava equipamento de show de Caetano Veloso foi roubado (Foto: Produ\u00e7\u00e3o\/Caetano Veloso)\" src=\"https:\/\/s2.glbimg.com\/Arya7W-erSi_423UwL4oGFelJOo=\/0x0:960x1280\/984x0\/smart\/filters:strip_icc()\/i.s3.glbimg.com\/v1\/AUTH_59edd422c0c84a879bd37670ae4f538a\/internal_photos\/bs\/2018\/p\/s\/cy0wLmRNOFjzRjtaaFww\/carro-roubado1.jpg\" alt=\"Carro que transportava equipamento de show de Caetano Veloso foi roubado (Foto: Produ\u00e7\u00e3o\/Caetano Veloso)\" width=\"455\" height=\"607\" data-src=\"https:\/\/s2.glbimg.com\/Arya7W-erSi_423UwL4oGFelJOo=\/0x0:960x1280\/984x0\/smart\/filters:strip_icc()\/i.s3.glbimg.com\/v1\/AUTH_59edd422c0c84a879bd37670ae4f538a\/internal_photos\/bs\/2018\/p\/s\/cy0wLmRNOFjzRjtaaFww\/carro-roubado1.jpg\" \/><\/picture><\/div>\n<\/div>\n<div class=\"content-media__description-centered \">\n<p class=\"content-media__description\"><span class=\"content-media__description__caption\">Carro que transportava equipamento de show de Caetano Veloso foi roubado (Foto: Produ\u00e7\u00e3o\/Caetano Veloso)<\/span><\/p>\n<\/div>\n<\/div>\n<\/div>\n<div class=\"content-ads content-ads--reveal\" data-block-type=\"ads\" data-block-id=\"16\"><\/div>\n<div class=\"mc-column content-text active-extra-styles \" data-block-type=\"unstyled\" data-block-weight=\"29\" data-block-id=\"17\">\n<p class=\"content-text__container \" data-track-category=\"Link no Texto\" data-track-links=\"\"><a href=\"https:\/\/g1.globo.com\/ba\/bahia\/noticia\/equipamento-de-show-de-caetano-velloso-e-roubado-na-bahia.ghtml\">O carro que transportava todo o equipamento de show de Caetano Veloso foi roubado na noite do domingo (14)<\/a>, quando passava pela regi\u00e3o de Itacar\u00e9, no sul da Bahia.<\/p>\n<\/div>\n<div class=\"mc-column content-text active-extra-styles \" data-block-type=\"unstyled\" data-block-weight=\"31\" data-block-id=\"18\">\n<p class=\"content-text__container \" data-track-category=\"Link no Texto\" data-track-links=\"\">\u00c0 \u00e9poca, a produtora e empres\u00e1ria de Caetano, Paula Lavigne, disse ao\u00a0<strong>G1<\/strong>, por telefone, que o motorista que presta servi\u00e7o para equipe parou para jantar em um restaurante em Mara\u00fa.<\/p>\n<\/div>\n<div class=\"mc-column content-text active-extra-styles \" data-block-type=\"unstyled\" data-block-weight=\"32\" data-block-id=\"19\">\n<p class=\"content-text__container \" data-track-category=\"Link no Texto\" data-track-links=\"\">\u201cEle foi abordado por homens fortemente armados. Roubaram o carro, que levava uma esp\u00e9cie de trailer acoplado com todo o equipamento, at\u00e9 o celular dele. Gra\u00e7as a Deus ele est\u00e1 bem\u201d, contou.<\/p>\n<\/div>\n<div class=\"mc-column content-text active-extra-styles \" data-block-type=\"unstyled\" data-block-weight=\"36\" data-block-id=\"20\">\n<p class=\"content-text__container \" data-track-category=\"Link no Texto\" data-track-links=\"\">Na lista dos equipamentos roubados estavam dois viol\u00f5es (sendo um ac\u00fastico Tessarin), um violoncelo, um baixo, um teclado, ilumina\u00e7\u00e3o, tel\u00e3o, figurinos e cen\u00e1rio. \u201cForam roubados equipamentos que t\u00eam valor afetivo, como viol\u00e3o do Caetano\u201d, lamentou Paula.<\/p>\n<\/div>\n<div data-track-category=\"fim do conteudo\" data-track-action=\"ultimo chunk conteudo\" data-track-noninteraction=\"false\" data-track-scroll=\"entrada completa viewport\">\n<div class=\"mc-column content-text active-extra-styles \" data-block-type=\"unstyled\" data-block-weight=\"34\" data-block-id=\"21\">\n<p class=\"content-text__container \" data-track-category=\"Link no Texto\" data-track-links=\"\">Caetano tinha se apresentado na Concha Ac\u00fastica, em Salvador, no s\u00e1bado (13), e o material estava sendo levado para o Rio de Janeiro. O pr\u00f3ximo show do cantor ser\u00e1 no dia 28 de janeiro.<\/p>\n<\/div>\n<\/div>\n<\/article>\n<\/div>\n","protected":false},"excerpt":{"rendered":"<p>Caetano Veloso (Foto: Divulga\u00e7\u00e3o \/ Fernando Young) Ap\u00f3s\u00a0parte dos equipamentos roubados de Caetano Veloso ter sido encontrada pela pol\u00edcia de Ilh\u00e9us, na madrugada deste s\u00e1bado (20), em Ibirapitanga, no sul da Bahia, o m\u00fasico fez uma postagem no Facebook agradecendo \u00e0 pol\u00edcia pelo trabalho e listando outros 19 materiais que permanecem desaparecidos. No post, publicado [&hellip;]<\/p>\n","protected":false},"author":2,"featured_media":0,"comment_status":"open","ping_status":"open","sticky":false,"template":"","format":"standard","meta":{"_links_to":"","_links_to_target":""},"categories":[7,9,8,1,5],"tags":[],"_links":{"self":[{"href":"https:\/\/www.ilheusnoticias.net.br\/v1\/wp-json\/wp\/v2\/posts\/12034"}],"collection":[{"href":"https:\/\/www.ilheusnoticias.net.br\/v1\/wp-json\/wp\/v2\/posts"}],"about":[{"href":"https:\/\/www.ilheusnoticias.net.br\/v1\/wp-json\/wp\/v2\/types\/post"}],"author":[{"embeddable":true,"href":"https:\/\/www.ilheusnoticias.net.br\/v1\/wp-json\/wp\/v2\/users\/2"}],"replies":[{"embeddable":true,"href":"https:\/\/www.ilheusnoticias.net.br\/v1\/wp-json\/wp\/v2\/comments?post=12034"}],"version-history":[{"count":2,"href":"https:\/\/www.ilheusnoticias.net.br\/v1\/wp-json\/wp\/v2\/posts\/12034\/revisions"}],"predecessor-version":[{"id":12038,"href":"https:\/\/www.ilheusnoticias.net.br\/v1\/wp-json\/wp\/v2\/posts\/12034\/revisions\/12038"}],"wp:attachment":[{"href":"https:\/\/www.ilheusnoticias.net.br\/v1\/wp-json\/wp\/v2\/media?parent=12034"}],"wp:term":[{"taxonomy":"category","embeddable":true,"href":"https:\/\/www.ilheusnoticias.net.br\/v1\/wp-json\/wp\/v2\/categories?post=12034"},{"taxonomy":"post_tag","embeddable":true,"href":"https:\/\/www.ilheusnoticias.net.br\/v1\/wp-json\/wp\/v2\/tags?post=12034"}],"curies":[{"name":"wp","href":"https:\/\/api.w.org\/{rel}","templated":true}]}}