{"id":12029,"date":"2018-01-21T11:30:32","date_gmt":"2018-01-21T14:30:32","guid":{"rendered":"http:\/\/www.ilheusnoticias.net.br\/v1\/?p=12029"},"modified":"2018-01-21T11:32:48","modified_gmt":"2018-01-21T14:32:48","slug":"fala-meu-povo-carta-aberta-do-advogado-dr-mesaque-soares-ao-dr-marao","status":"publish","type":"post","link":"https:\/\/www.ilheusnoticias.net.br\/v1\/2018\/01\/21\/fala-meu-povo-carta-aberta-do-advogado-dr-mesaque-soares-ao-dr-marao\/","title":{"rendered":"Fala meu Povo: Carta aberta do advogado Dr. Mesaque Soares ao Dr. Mar\u00e3o."},"content":{"rendered":"<p>Carta ao Prefeito do Munic\u00edpio de Ilh\u00e9us\/Bahia, Excelent\u00edssimo Senhor M\u00e1rio Alexandre Corr\u00eaa de Sousa,<\/p>\n<p>Prezado Prefeito M\u00e1rio, apelidado carinhosamente pelos s<span class=\"text_exposed_show\">eus familiares, amigos e eleitores de apenas &#8220;Mar\u00e3o&#8221;. Mas eu n\u00e3o posso dizer que me encaixo em nenhum dos perfis antes referidos, por isso vou me reportar ao Sr. apenas como Prefeito.<\/span><\/p>\n<div class=\"text_exposed_show\">\n<p>Pois bem.<\/p>\n<p>Vossa Senhoria assumiu a Prefeitura do Munic\u00edpio de Ilh\u00e9us\/Bahia com o desafio e por que n\u00e3o dizer promessa, de recolocar o Munic\u00edpio nos trilhos do desenvolvimento, h\u00e1 muito tempo perdido, na vis\u00e3o pol\u00edtica do seu grupo pol\u00edtico, que segundo este Ilh\u00e9us sofreu 30 anos de atraso.<\/p>\n<p>Dito isto, o Senhor iniciou no ano passado sua campanha eleitoral exitosa.\u00a0<span id=\"u_fetchstream_12_f\" class=\"_ezo\">Parab\u00e9ns<\/span>. O slogan &#8220;Cuida de mim Doutor&#8221; saiu vitorioso. Ufa! A Classe mais abastada da cidade novamente tem um representante no Pal\u00e1cio Paranagu\u00e1.<\/p>\n<p>Que \u00f3timo isso!<\/p>\n<p>A Prefeitura foi ent\u00e3o repassada ao Senhor e sua equipe em Janeiro de 2017. Dinheiro em caixa, sal\u00e1rios e d\u00e9cimo-terceiro sal\u00e1rios de todos os servidores p\u00fablicos quitados, CAUC limpo.<\/p>\n<p>Nomeada a equipe t\u00e9cnica, vossa senhoria iniciou os trabalhos. Usina Asf\u00e1ltica interditada por um motivo inexistente, que mais tarde viria a ser confirmado por laudo t\u00e9cnico. Resultado: cidade esburacada e Superintendente de Meio Ambiente questionado pela popula\u00e7\u00e3o e pela m\u00eddia local; Acordo de Precat\u00f3rios com o TRT5 mal-sucedido, pelo menos na vis\u00e3o dos seus or\u00e1culos (kkkkkk), permita-me os risos. Resultado: O ent\u00e3o Procurador Geral pediu exonera\u00e7\u00e3o e levou junto o Competentissimo Professor Secret\u00e1rio de Finan\u00e7as (Fazenda Municipal), sem adentrar no m\u00e9rito do acordo, porque entendo que para emitir uma opini\u00e3o sobre isso deveria ter acesso aos autos de eventual processo administrativo ou judicial que tratou da mat\u00e9ria; Secret\u00e1ria de Sa\u00fade que pediu exonera\u00e7\u00e3o nos primeiros dias de Governo; C\u00e2mara obediente, salvo as exce\u00e7\u00f5es; Sa\u00fade questionada com o fechamento do Hospital Regional Lu\u00eds Viana Filho. Presente de Natal amargo aos ilheenses: tarifa do transporte p\u00fablico elevada a R$ 3,50 ratificada (confirmada) pelo senhor Prefeito ap\u00f3s a aprova\u00e7\u00e3o do Conselho de Transporte, um dos maiores aumentos dos \u00faltimos anos &#8211; frise-se. E novamente interesses das Empresas de Transportes de Ilh\u00e9us e Empres\u00e1rios permanecem preservados e inc\u00f3lumes, em detrimento \u00f3bvio dos 36 mil ilheenses que o elegeu. Mas o povo n\u00e3o parece ser a sua preocupa\u00e7\u00e3o, permita-me o ju\u00edzo de m\u00e9rito, porque se assim o fosse jamais teria ratificado esse aumento.<\/p>\n<p>Por fim, para coroar a festa, t\u00edtulos de cidad\u00e3os ilheenses s\u00e3o distribu\u00eddos &#8220;a rodo&#8221; a personalidades sem qualquer comprova\u00e7\u00e3o de ter promovido benef\u00edcios no Munic\u00edpio para ser lembrado com tamanha honradez, como se fosse uma liquida\u00e7\u00e3o. Digo isto porque tenho orgulho de ser ilheense. Cito aqui o t\u00edtulo dado ao Prefeito da cidade vizinha-irm\u00e3. Mas tamb\u00e9m comporta exce\u00e7\u00f5es. Mas isso n\u00e3o lhe diz respeito Prefeito, \u00e9 um crit\u00e9rio cameral.<\/p>\n<p>Mas enfim, o Senhor perdeu o apre\u00e7o e considera\u00e7\u00e3o de um dos melhores Advogados da Bahia, que \u00e9 reconhecido pela forte atua\u00e7\u00e3o junto aos Tribunais Superiores, inclusive j\u00e1 advogou ou advoga (carece de confirma\u00e7\u00e3o) para a senhora sua m\u00e3e Deputada naquela opera\u00e7\u00e3o da Pol\u00edcia Federal &#8220;\u00c1guia de Haia&#8221;, lembra?<\/p>\n<p>Concluo dizendo que o Senhor ter\u00e1 um novo ano para decidir que tipo de Prefeito quer ser. Um Prefeito que defende os interesses de 180 mil ilheenses, aproximadamente, ou um Prefeito que quando sair do mandato vai se mudar para um lugar distante por temer receber as diversas cita\u00e7\u00f5es e intima\u00e7\u00f5es judiciais em raz\u00e3o dos in\u00fameros processos a que responde ou mesmo outro Prefeito que era querido entre seus amigos, mas que hoje vai ao Banco escondido sacar seu ordenado, resultado de uma aposentadoria obtida a custo de muito trabalho.<\/p>\n<p>O Senhor decide hoje. Ser aclamado ou odiado pelo povo. O Senhor decide quem ser\u00e1 sua prioridade. Se eventualmente o Senhor ler essa Carta, o que j\u00e1 me deixaria muito feliz, dever\u00e1 estar se perguntando a esta altura &#8220;quem \u00e9 esse cara para falar assim comigo?&#8221; E eu lhe respondo: Sou um cidad\u00e3o, profissional liberal que apenas deseja o melhor para os cidad\u00e3os ilheenses em 2018. Desejo ao Senhor um 2018 diferente e aos ilheenses tamb\u00e9m. Que nenhuma m\u00e3e volte de um Hospital P\u00fablico de Ilh\u00e9us sem um atendimento m\u00e9dico decente para seus filhos! Doutor M\u00e1rio, sei que o Senhor \u00e9 muito querido entre os seus e contagia a todos de alegria por onde passa, desde o seu consult\u00f3rio m\u00e9dico at\u00e9 aquele seu amigo na ro\u00e7a. Mantenha isso, pois n\u00e3o tem pre\u00e7o. Um forte abra\u00e7o Prefeito.<\/p>\n<p>Att,<\/p>\n<p>Mesaque Soares<br \/>\nAdvogado e Cidad\u00e3o<\/p>\n<\/div>\n","protected":false},"excerpt":{"rendered":"<p>Carta ao Prefeito do Munic\u00edpio de Ilh\u00e9us\/Bahia, Excelent\u00edssimo Senhor M\u00e1rio Alexandre Corr\u00eaa de Sousa, Prezado Prefeito M\u00e1rio, apelidado carinhosamente pelos seus familiares, amigos e eleitores de apenas &#8220;Mar\u00e3o&#8221;. Mas eu n\u00e3o posso dizer que me encaixo em nenhum dos perfis antes referidos, por isso vou me reportar ao Sr. apenas como Prefeito. Pois bem. Vossa [&hellip;]<\/p>\n","protected":false},"author":2,"featured_media":0,"comment_status":"open","ping_status":"open","sticky":false,"template":"","format":"standard","meta":{"_links_to":"","_links_to_target":""},"categories":[7,9,8,1],"tags":[],"_links":{"self":[{"href":"https:\/\/www.ilheusnoticias.net.br\/v1\/wp-json\/wp\/v2\/posts\/12029"}],"collection":[{"href":"https:\/\/www.ilheusnoticias.net.br\/v1\/wp-json\/wp\/v2\/posts"}],"about":[{"href":"https:\/\/www.ilheusnoticias.net.br\/v1\/wp-json\/wp\/v2\/types\/post"}],"author":[{"embeddable":true,"href":"https:\/\/www.ilheusnoticias.net.br\/v1\/wp-json\/wp\/v2\/users\/2"}],"replies":[{"embeddable":true,"href":"https:\/\/www.ilheusnoticias.net.br\/v1\/wp-json\/wp\/v2\/comments?post=12029"}],"version-history":[{"count":2,"href":"https:\/\/www.ilheusnoticias.net.br\/v1\/wp-json\/wp\/v2\/posts\/12029\/revisions"}],"predecessor-version":[{"id":12031,"href":"https:\/\/www.ilheusnoticias.net.br\/v1\/wp-json\/wp\/v2\/posts\/12029\/revisions\/12031"}],"wp:attachment":[{"href":"https:\/\/www.ilheusnoticias.net.br\/v1\/wp-json\/wp\/v2\/media?parent=12029"}],"wp:term":[{"taxonomy":"category","embeddable":true,"href":"https:\/\/www.ilheusnoticias.net.br\/v1\/wp-json\/wp\/v2\/categories?post=12029"},{"taxonomy":"post_tag","embeddable":true,"href":"https:\/\/www.ilheusnoticias.net.br\/v1\/wp-json\/wp\/v2\/tags?post=12029"}],"curies":[{"name":"wp","href":"https:\/\/api.w.org\/{rel}","templated":true}]}}