{"id":12022,"date":"2018-01-20T13:04:33","date_gmt":"2018-01-20T16:04:33","guid":{"rendered":"http:\/\/www.ilheusnoticias.net.br\/v1\/?p=12022"},"modified":"2018-01-20T13:04:33","modified_gmt":"2018-01-20T16:04:33","slug":"stj-libera-posse-de-cristiane-brasil-no-ministerio-do-trabalho","status":"publish","type":"post","link":"https:\/\/www.ilheusnoticias.net.br\/v1\/2018\/01\/20\/stj-libera-posse-de-cristiane-brasil-no-ministerio-do-trabalho\/","title":{"rendered":"STJ libera posse de Cristiane Brasil no Minist\u00e9rio do Trabalho"},"content":{"rendered":"<div class=\"title-noticia\">\n<h2>\u00a0<img loading=\"lazy\" class=\"animated fadeIn\" title=\"STJ libera posse de Cristiane Brasil no Minist\u00e9rio do Trabalho\" src=\"https:\/\/www.bocaonews.com.br\/fotos\/bocao_noticias\/196203\/IMAGEM_NOTICIA_0.jpg\" alt=\"[STJ libera posse de Cristiane Brasil no Minist\u00e9rio do Trabalho]\" width=\"599\" height=\"336\" data-load-image=\"\/fotos\/bocao_noticias\/196203\/IMAGEM_NOTICIA_0.jpg\" \/><\/h2>\n<\/div>\n<div class=\"col-esq\">\n<div class=\"noticia-interna\">\n<article>\n<div class=\"desc\"><span class=\"data\">20 de Janeiro de 2018 \u00e0s 12:49<\/span><span class=\"fotografo\">\u00a0Por:\u00a0<b>Reprodu\u00e7\u00e3o<\/b><\/span><span class=\"fotografo\">\u00a0Por:\u00a0<b>Reda\u00e7\u00e3o BNews<\/b><\/span><span class=\"comentatios-q\"><span class=\"total_comentario_facebook\" data-comment-url=\"https:\/\/www.bocaonews.com.br\/noticias\/politica\/politica\/196203,stj-libera-posse-de-cristiane-brasil-no-ministerio-do-trabalho.html\">01<\/span>coment\u00e1rios<\/span><\/p>\n<div class=\"desc-noticia\">\n<p>A assessoria de imprensa do Superior Tribunal de Justi\u00e7a (STJ) informou neste s\u00e1bado (20) que o vice-presidente da corte, Humberto Martins, concedeu decis\u00e3o liminar permitindo a posse da deputada Cristiane Brasil (PTB-RJ) no Minist\u00e9rio do Trabalho.<\/p>\n<p>A decis\u00e3o ainda n\u00e3o consta na tramita\u00e7\u00e3o processual no site do STJ j\u00e1 que, segundo a assessoria, a inclus\u00e3o do despacho ser\u00e1 feita pelo gabinete do pr\u00f3prio ministro.<\/p>\n<p>A decis\u00e3o atende a pedido da Advocacia Geral da Uni\u00e3o (AGU), que representa o governo junto \u00e0 Justi\u00e7a. Anteriormente, o \u00f3rg\u00e3o teve tr\u00eas pedidos semelhantes negados no Tribunal Regional Federal da 2\u00aa Regi\u00e3o (TRF-2), de segunda inst\u00e2ncia.<\/p>\n<\/div>\n<\/div>\n<\/article>\n<\/div>\n<\/div>\n<p>&nbsp;<\/p>\n<p><!--more--><\/p>\n<div class=\"col-esq\">\n<div class=\"noticia-interna\">\n<article>\n<div class=\"desc\">\n<div class=\"desc-noticia\">\n<p>No recurso ao STJ, a AGU contestou a tese de que a nomea\u00e7\u00e3o de Cristiane Brasil contraria o princ\u00edpio da moralidade, determinado pela Constitui\u00e7\u00e3o, por causa de condena\u00e7\u00f5es que ela sofreu na Justi\u00e7a Trabalhista.<\/p>\n<p>Para o \u00f3rg\u00e3o, a a\u00e7\u00e3o n\u00e3o descreve e nem demonstra qualquer dano concreto ao patrim\u00f4nio p\u00fablico, condi\u00e7\u00f5es para impedir uma nomea\u00e7\u00e3o por ofensa \u00e0 moralidade. Al\u00e9m disso, argumentou que a suspens\u00e3o da nomea\u00e7\u00e3o vem impedindo o regular funcionamento do minist\u00e9rio.<\/p>\n<p>\u201cA decis\u00e3o em combate vem interferindo drasticamente no Poder Executivo Federal, provocando danos \u00e0 gest\u00e3o governamental, na medida em que coloca em risco o Minist\u00e9rio do Trabalho ao deixar a pasta sem comando, impedindo, via de consequ\u00eancia, a normal tramita\u00e7\u00e3o de importantes a\u00e7\u00f5es governamentais e sociais\u201d, afirmou a AGU.<\/p>\n<\/div>\n<\/div>\n<\/article>\n<\/div>\n<\/div>\n","protected":false},"excerpt":{"rendered":"<p>\u00a0 20 de Janeiro de 2018 \u00e0s 12:49\u00a0Por:\u00a0Reprodu\u00e7\u00e3o\u00a0Por:\u00a0Reda\u00e7\u00e3o BNews01coment\u00e1rios A assessoria de imprensa do Superior Tribunal de Justi\u00e7a (STJ) informou neste s\u00e1bado (20) que o vice-presidente da corte, Humberto Martins, concedeu decis\u00e3o liminar permitindo a posse da deputada Cristiane Brasil (PTB-RJ) no Minist\u00e9rio do Trabalho. A decis\u00e3o ainda n\u00e3o consta na tramita\u00e7\u00e3o processual no site [&hellip;]<\/p>\n","protected":false},"author":2,"featured_media":0,"comment_status":"open","ping_status":"open","sticky":false,"template":"","format":"standard","meta":{"_links_to":"","_links_to_target":""},"categories":[7,9,8,1],"tags":[],"_links":{"self":[{"href":"https:\/\/www.ilheusnoticias.net.br\/v1\/wp-json\/wp\/v2\/posts\/12022"}],"collection":[{"href":"https:\/\/www.ilheusnoticias.net.br\/v1\/wp-json\/wp\/v2\/posts"}],"about":[{"href":"https:\/\/www.ilheusnoticias.net.br\/v1\/wp-json\/wp\/v2\/types\/post"}],"author":[{"embeddable":true,"href":"https:\/\/www.ilheusnoticias.net.br\/v1\/wp-json\/wp\/v2\/users\/2"}],"replies":[{"embeddable":true,"href":"https:\/\/www.ilheusnoticias.net.br\/v1\/wp-json\/wp\/v2\/comments?post=12022"}],"version-history":[{"count":1,"href":"https:\/\/www.ilheusnoticias.net.br\/v1\/wp-json\/wp\/v2\/posts\/12022\/revisions"}],"predecessor-version":[{"id":12023,"href":"https:\/\/www.ilheusnoticias.net.br\/v1\/wp-json\/wp\/v2\/posts\/12022\/revisions\/12023"}],"wp:attachment":[{"href":"https:\/\/www.ilheusnoticias.net.br\/v1\/wp-json\/wp\/v2\/media?parent=12022"}],"wp:term":[{"taxonomy":"category","embeddable":true,"href":"https:\/\/www.ilheusnoticias.net.br\/v1\/wp-json\/wp\/v2\/categories?post=12022"},{"taxonomy":"post_tag","embeddable":true,"href":"https:\/\/www.ilheusnoticias.net.br\/v1\/wp-json\/wp\/v2\/tags?post=12022"}],"curies":[{"name":"wp","href":"https:\/\/api.w.org\/{rel}","templated":true}]}}