{"id":12008,"date":"2018-01-20T12:19:29","date_gmt":"2018-01-20T15:19:29","guid":{"rendered":"http:\/\/www.ilheusnoticias.net.br\/v1\/?p=12008"},"modified":"2018-01-20T12:19:29","modified_gmt":"2018-01-20T15:19:29","slug":"acordo-entre-governo-da-bahia-e-prefeitura-de-ilheus-preve-200-profissionais-de-saude-e-policlinica-da-conquista-aberta-24-horas","status":"publish","type":"post","link":"https:\/\/www.ilheusnoticias.net.br\/v1\/2018\/01\/20\/acordo-entre-governo-da-bahia-e-prefeitura-de-ilheus-preve-200-profissionais-de-saude-e-policlinica-da-conquista-aberta-24-horas\/","title":{"rendered":". Acordo entre Governo da Bahia e Prefeitura de Ilh\u00e9us prev\u00ea 200 profissionais de sa\u00fade e policl\u00ednica da Conquista aberta 24 horas"},"content":{"rendered":"<div class=\"Post\"><\/div>\n<div class=\"Post\">\n<div class=\"Post-body\">\n<div class=\"Post-inner article\">\n<div class=\"PostHeaderIcons metadata-icons\"><\/div>\n<div class=\"PostContent\">\n<div id=\"attachment_40175\" class=\"wp-caption aligncenter\"><a class=\"gallery_colorbox cboxElement\" href=\"http:\/\/www.agravo.blog.br\/wp-content\/uploads\/2015\/07\/Prefeito-Jabes-Ribeiro-entregou-obra-de-reforma-da-da-Policl%C3%ADnica-Halil-Medauar-no-bairro-da-Conquista-Foto-Alfredo-Filho-Secom-Ilh%C3%A9us-2.jpg\"><img loading=\"lazy\" class=\" wp-image-40175\" src=\"http:\/\/www.agravo.blog.br\/wp-content\/uploads\/2015\/07\/Prefeito-Jabes-Ribeiro-entregou-obra-de-reforma-da-da-Policl%C3%ADnica-Halil-Medauar-no-bairro-da-Conquista-Foto-Alfredo-Filho-Secom-Ilh%C3%A9us-2.jpg\" sizes=\"(max-width: 501px) 100vw, 501px\" srcset=\"http:\/\/www.agravo.blog.br\/wp-content\/uploads\/2015\/07\/Prefeito-Jabes-Ribeiro-entregou-obra-de-reforma-da-da-Policl\u00ednica-Halil-Medauar-no-bairro-da-Conquista-Foto-Alfredo-Filho-Secom-Ilh\u00e9us-2.jpg 920w, http:\/\/www.agravo.blog.br\/wp-content\/uploads\/2015\/07\/Prefeito-Jabes-Ribeiro-entregou-obra-de-reforma-da-da-Policl\u00ednica-Halil-Medauar-no-bairro-da-Conquista-Foto-Alfredo-Filho-Secom-Ilh\u00e9us-2-300x200.jpg 300w\" alt=\"\" width=\"501\" height=\"334\" \/><\/a><\/p>\n<p class=\"wp-caption-text\"><strong>O funcionamento ser\u00e1 24 horas para pacientes cl\u00ednicos e pequenos procedimentos cir\u00fargicos, com servidores estaduais cedidos pela Sesab.<\/strong><\/p>\n<\/div>\n<p>Um acordo firmado entre a Secretaria da Sa\u00fade do Estado da Bahia (Sesab) e a prefeitura de Ilhe\u0301us nesta sexta-feira (19), durante a visita do governador Rui Costa ao munic\u00edpio, garantir\u00e1 a abertura de duas unidades de urg\u00eancia e emerg\u00eancia, com funcionamento 24 horas. Al\u00e9m de ceder cerca de 200 profissionais de sa\u00fade para o fortalecimento da rede de aten\u00e7\u00e3o municipal, o Governo do Estado construir\u00e1 uma Unidade de Pronto Atendimento (UPA), no bairro do Malhado, e iniciar\u00e1 em mar\u00e7o a reforma e amplia\u00e7\u00e3o do hospital Regional Luiz Viana Filho, que ser\u00e1 transformado em uma unidade materno-infantil.<\/p>\n<\/div>\n<\/div>\n<\/div>\n<\/div>\n<p><!--more--><\/p>\n<div class=\"Post\">\n<div class=\"Post-body\">\n<div class=\"Post-inner article\">\n<div class=\"PostContent\">\n<p>De modo imediato, o Governo do Estado est\u00e1 auxiliando o munic\u00edpio de Ilh\u00e9us a ampliar significativamente a cobertura de postos de sa\u00fade, seja atrav\u00e9s da constru\u00e7\u00e3o de novas unidades, seja por meio da cess\u00e3o de servidores estaduais. Entre as novidades est\u00e1 a instala\u00e7\u00e3o de uma unidade de emerg\u00eancia onde hoje funciona a policl\u00ednica Municipal Halil Medauar. \u201cA unidade ser\u00e1 reformada e totalmente equipada, incluindo uma sala de suporte avan\u00e7ado de vida. O funcionamento ser\u00e1 24 horas para pacientes cl\u00ednicos e pequenos procedimentos cir\u00fargicos, com servidores estaduais cedidos pela Sesab\u201d, garante o secret\u00e1rio da Sa\u00fade do Estado, F\u00e1bio Vilas-Boas, ao pontuar que o atual pronto atendimento da zona sul ter\u00e1 a equipe refor\u00e7ada, com pediatras e ortopedistas, al\u00e9m de novos equipamentos.<\/p>\n<p>O secret\u00e1rio tamb\u00e9m pontuou que o governador Rui Costa tamb\u00e9m se ofereceu para apoiar financeiramente o munic\u00edpio na conclus\u00e3o das reformas de cinco Unidades B\u00e1sicas de Sa\u00fade (UBS) que est\u00e3o fechadas.<\/p>\n<p>Ainda de acordo com Vilas-Boas, ser\u00e3o investidos cerca de R$ 14 milh\u00f5es entre obras e equipamentos para transformar o hospital Regional Luiz Viana Filho em uma maternidade de refer\u00eancia de alto risco. \u201cEle contar\u00e1 com UTI neonatal e pedi\u00e1trica, al\u00e9m de um moderno centro cir\u00fargico e obst\u00e9trico\u201d, garante Vilas-Boas.<\/p>\n<p>Outra novidade \u00e9 a constru\u00e7\u00e3o de uma UPA no munic\u00edpio. \u201cO processo de implanta\u00e7\u00e3o est\u00e1 em fase avan\u00e7ada, visto que os recursos do Minist\u00e9rio da Sa\u00fade est\u00e3o garantidos. O prazo para conclus\u00e3o \u00e9 de um ano\u201d, detalha o titular da pasta estadual da Sa\u00fade<\/p>\n<\/div>\n<\/div>\n<\/div>\n<\/div>\n","protected":false},"excerpt":{"rendered":"<p>O funcionamento ser\u00e1 24 horas para pacientes cl\u00ednicos e pequenos procedimentos cir\u00fargicos, com servidores estaduais cedidos pela Sesab. Um acordo firmado entre a Secretaria da Sa\u00fade do Estado da Bahia (Sesab) e a prefeitura de Ilhe\u0301us nesta sexta-feira (19), durante a visita do governador Rui Costa ao munic\u00edpio, garantir\u00e1 a abertura de duas unidades de [&hellip;]<\/p>\n","protected":false},"author":2,"featured_media":0,"comment_status":"open","ping_status":"open","sticky":false,"template":"","format":"standard","meta":{"_links_to":"","_links_to_target":""},"categories":[7,9,8,1],"tags":[],"_links":{"self":[{"href":"https:\/\/www.ilheusnoticias.net.br\/v1\/wp-json\/wp\/v2\/posts\/12008"}],"collection":[{"href":"https:\/\/www.ilheusnoticias.net.br\/v1\/wp-json\/wp\/v2\/posts"}],"about":[{"href":"https:\/\/www.ilheusnoticias.net.br\/v1\/wp-json\/wp\/v2\/types\/post"}],"author":[{"embeddable":true,"href":"https:\/\/www.ilheusnoticias.net.br\/v1\/wp-json\/wp\/v2\/users\/2"}],"replies":[{"embeddable":true,"href":"https:\/\/www.ilheusnoticias.net.br\/v1\/wp-json\/wp\/v2\/comments?post=12008"}],"version-history":[{"count":1,"href":"https:\/\/www.ilheusnoticias.net.br\/v1\/wp-json\/wp\/v2\/posts\/12008\/revisions"}],"predecessor-version":[{"id":12009,"href":"https:\/\/www.ilheusnoticias.net.br\/v1\/wp-json\/wp\/v2\/posts\/12008\/revisions\/12009"}],"wp:attachment":[{"href":"https:\/\/www.ilheusnoticias.net.br\/v1\/wp-json\/wp\/v2\/media?parent=12008"}],"wp:term":[{"taxonomy":"category","embeddable":true,"href":"https:\/\/www.ilheusnoticias.net.br\/v1\/wp-json\/wp\/v2\/categories?post=12008"},{"taxonomy":"post_tag","embeddable":true,"href":"https:\/\/www.ilheusnoticias.net.br\/v1\/wp-json\/wp\/v2\/tags?post=12008"}],"curies":[{"name":"wp","href":"https:\/\/api.w.org\/{rel}","templated":true}]}}