{"id":11997,"date":"2018-01-20T12:04:02","date_gmt":"2018-01-20T15:04:02","guid":{"rendered":"http:\/\/www.ilheusnoticias.net.br\/v1\/?p=11997"},"modified":"2018-01-20T12:04:02","modified_gmt":"2018-01-20T15:04:02","slug":"rui-entrega-restauracao-da-fortaleza-do-morro-de-sao-paulo-e-recebe-titulo-de-cidadao-de-cairu","status":"publish","type":"post","link":"https:\/\/www.ilheusnoticias.net.br\/v1\/2018\/01\/20\/rui-entrega-restauracao-da-fortaleza-do-morro-de-sao-paulo-e-recebe-titulo-de-cidadao-de-cairu\/","title":{"rendered":"Rui entrega restaura\u00e7\u00e3o da Fortaleza do Morro de S\u00e3o Paulo e recebe t\u00edtulo de cidad\u00e3o de Cairu"},"content":{"rendered":"<p><img loading=\"lazy\" class=\"\" src=\"https:\/\/attachment.outlook.office.net\/owa\/laudiceacarvalho62@hotmail.com\/service.svc\/s\/GetAttachmentThumbnail?id=AQMkADAwATYwMAItY2MANTgtODQxNC0wMAItMDAKAEYAAANqOYr2uMN4Qoz6pFp%2FhFoeBwAsxvM0hWqyT6EfSeQ8%2BPgA8AAAAgEMAAAALMbzNIVqsk%2BhH0nkPPj4APAAAVltTA8AAAABEgAQAHM69RhmrCdOrjqo49R4qpo%3D&amp;thumbnailType=2&amp;X-OWA-CANARY=rjUkhHoON0SRbluFYrvVcyD6V9kWYNUYJhQ8GfKKErdETHh6PQXG45MkKRNm0WmXzsYIWuis3MQ.&amp;token=eyJ0eXAiOiJKV1QiLCJhbGciOiJSUzI1NiIsIng1dCI6ImVuaDlCSnJWUFU1aWpWMXFqWmpWLWZMMmJjbyJ9.eyJ2ZXIiOiJFeGNoYW5nZS5DYWxsYmFjay5WMSIsImFwcGN0eHNlbmRlciI6Ik93YURvd25sb2FkQDg0ZGY5ZTdmLWU5ZjYtNDBhZi1iNDM1LWFhYWFhYWFhYWFhYSIsImFwcGN0eCI6IntcIm1zZXhjaHByb3RcIjpcIm93YVwiLFwicHJpbWFyeXNpZFwiOlwiUy0xLTI4MjctMzkzMjE2LTM0MjgzNTMwNDRcIixcInB1aWRcIjpcIjE2ODg4NTMyODg2MTY5ODBcIixcIm9pZFwiOlwiMDAwNjAwMDAtY2M1OC04NDE0LTAwMDAtMDAwMDAwMDAwMDAwXCIsXCJzY29wZVwiOlwiT3dhRG93bmxvYWRcIn0iLCJpc3MiOiIwMDAwMDAwMi0wMDAwLTBmZjEtY2UwMC0wMDAwMDAwMDAwMDBAODRkZjllN2YtZTlmNi00MGFmLWI0MzUtYWFhYWFhYWFhYWFhIiwiYXVkIjoiMDAwMDAwMDItMDAwMC0wZmYxLWNlMDAtMDAwMDAwMDAwMDAwL2F0dGFjaG1lbnQub3V0bG9vay5vZmZpY2UubmV0QDg0ZGY5ZTdmLWU5ZjYtNDBhZi1iNDM1LWFhYWFhYWFhYWFhYSIsImV4cCI6MTUxNjQ2MTE1MiwibmJmIjoxNTE2NDYwNTUyfQ.2HUDmzLN6GhTnqaXxj9zPkvm6ai0LBsOkUM-XoR3Q0tk8cUfC0jM0zhe2F6UcygIZu7wdo7a7gvOQdWXhaT_sZG5pKiKdOB3GB5hsvEbd-wEPQuF5VeMbe5Y2L2nH7p1G9y84HO50aQ6lLb3J5041Q1ffC3z-BjboS4Gua-mF6uleekOeVnQbdzYNkYNwUvKKgHBZHFYsNPXV4FxL-820sPTLYI6UQvVAbbC6SFfjStGZikYdtlFcUKApZ0oT2xA9AeMOc78XDCuq5KullkMKNNAW4vKLOHmHRbUM1GyVU-hfWOnd4z24vuUbG1jNIWXr6zTToQmORo1Z8W8iJPgCQ&amp;owa=outlook.live.com&amp;isc=1\" alt=\"\" width=\"452\" height=\"301\" \/><\/p>\n<div><b>\u00a0<\/b><\/div>\n<div>\nBel\u00edssimo e concorrido destino tur\u00edstico do estado, Morro de S\u00e3o Paulo, na Ilha de Tinhar\u00e9, em Cair\u00fa, faz parte da hist\u00f3ria do pa\u00eds. Descoberto em 1531, foi palco da Segunda Guerra Mundial, onde nazistas naufragaram navios. Neste s\u00e1bado (20), o governador Rui Costa participou da solenidade de entrega da restaura\u00e7\u00e3o da Fortaleza de Morro de S\u00e3o Paulo, constru\u00edda em 1630 para proteger o povoado das invas\u00f5es na barra falsa da Ba\u00eda de Todos os Santos. Importante atrativo local, o monumento \u00e9 procurado, inclusive, por quem quer apreciar o por do sol. Tombado pelo Instituto do Patrim\u00f4nio Hist\u00f3rico e Art\u00edstico Nacional (Iphan) desde 1938, a obra teve investimento total de R$ 14,4 milh\u00f5es.<\/div>\n<div><\/div>\n<p><!--more--><\/p>\n<div><\/div>\n<div>\n<div>\n<p class=\"x_MsoNormal\">\u201cEsse patrim\u00f4nio soma-se a toda uma hist\u00f3ria e est\u00e1 vinculado, assim como outros equipamentos na Bahia, \u00e0 independ\u00eancia do pa\u00eds. \u00c9 importante que a gente destaque esses equipamentos, que, ao longo da exist\u00eancia e da consolida\u00e7\u00e3o do Brasil como na\u00e7\u00e3o, serviram como nossa defesa. E foi isso que fizemos aqui na Fortaleza de Morro de S\u00e3o Paulo. E ainda vamos elaborar um plano de uso e gest\u00e3o, para que ele seja auto-sustent\u00e1vel, como acontece em outros lugares do mundo\u201d, revelou Rui.<\/p>\n<\/div>\n<p>A restaura\u00e7\u00e3o come\u00e7ou com a recupera\u00e7\u00e3o estrutural da muralha. Na etapa seguinte, abrangeu o Portal\u00f3, o Corpo da Guarda, o Forte da Ponta e o caminho ao longo da muralha. O conjunto de baterias e fortes possui 2.335 m2. O local abriga agora uma exposi\u00e7\u00e3o permanente, anfiteatro e \u00e1rea para eventos.<\/p><\/div>\n<div>\n<b>Cidad\u00e3o cairuense<\/b><\/div>\n<div><b><\/b><br \/>\nNa ocasi\u00e3o, o governador recebeu tamb\u00e9m o t\u00edtulo de Cidad\u00e3o de Cairu.<\/p>\n<div>\u201cOs vereadores da cidade decidiram, por unanimidade, conceder esse t\u00edtulo ao governador, pela excelente gest\u00e3o que vem fazendo \u00e0 frente do Governo do Estado, por ter revolucionado a sa\u00fade na Bahia, e por todas as a\u00e7\u00f5es que contribuem para o desenvolvimento econ\u00f4mico e social da popula\u00e7\u00e3o baiana, al\u00e9m das entregas de obras importantes aqui no munic\u00edpio e regi\u00e3o&#8221;, afirmou o presidente da C\u00e2mara de Vereadores de Cairu, Abdon Ch\u00e9.<\/div>\n<\/div>\n<p>&nbsp;<\/p>\n","protected":false},"excerpt":{"rendered":"<p>\u00a0 Bel\u00edssimo e concorrido destino tur\u00edstico do estado, Morro de S\u00e3o Paulo, na Ilha de Tinhar\u00e9, em Cair\u00fa, faz parte da hist\u00f3ria do pa\u00eds. Descoberto em 1531, foi palco da Segunda Guerra Mundial, onde nazistas naufragaram navios. Neste s\u00e1bado (20), o governador Rui Costa participou da solenidade de entrega da restaura\u00e7\u00e3o da Fortaleza de Morro [&hellip;]<\/p>\n","protected":false},"author":2,"featured_media":0,"comment_status":"open","ping_status":"open","sticky":false,"template":"","format":"standard","meta":{"_links_to":"","_links_to_target":""},"categories":[7,9,8,1],"tags":[],"_links":{"self":[{"href":"https:\/\/www.ilheusnoticias.net.br\/v1\/wp-json\/wp\/v2\/posts\/11997"}],"collection":[{"href":"https:\/\/www.ilheusnoticias.net.br\/v1\/wp-json\/wp\/v2\/posts"}],"about":[{"href":"https:\/\/www.ilheusnoticias.net.br\/v1\/wp-json\/wp\/v2\/types\/post"}],"author":[{"embeddable":true,"href":"https:\/\/www.ilheusnoticias.net.br\/v1\/wp-json\/wp\/v2\/users\/2"}],"replies":[{"embeddable":true,"href":"https:\/\/www.ilheusnoticias.net.br\/v1\/wp-json\/wp\/v2\/comments?post=11997"}],"version-history":[{"count":1,"href":"https:\/\/www.ilheusnoticias.net.br\/v1\/wp-json\/wp\/v2\/posts\/11997\/revisions"}],"predecessor-version":[{"id":11998,"href":"https:\/\/www.ilheusnoticias.net.br\/v1\/wp-json\/wp\/v2\/posts\/11997\/revisions\/11998"}],"wp:attachment":[{"href":"https:\/\/www.ilheusnoticias.net.br\/v1\/wp-json\/wp\/v2\/media?parent=11997"}],"wp:term":[{"taxonomy":"category","embeddable":true,"href":"https:\/\/www.ilheusnoticias.net.br\/v1\/wp-json\/wp\/v2\/categories?post=11997"},{"taxonomy":"post_tag","embeddable":true,"href":"https:\/\/www.ilheusnoticias.net.br\/v1\/wp-json\/wp\/v2\/tags?post=11997"}],"curies":[{"name":"wp","href":"https:\/\/api.w.org\/{rel}","templated":true}]}}