{"id":11991,"date":"2018-01-19T07:06:37","date_gmt":"2018-01-19T10:06:37","guid":{"rendered":"http:\/\/www.ilheusnoticias.net.br\/v1\/?p=11991"},"modified":"2018-01-19T07:06:37","modified_gmt":"2018-01-19T10:06:37","slug":"pista-de-acesso-a-nova-ponte-comeca-a-ser-tracada-na-av-soares-lopes","status":"publish","type":"post","link":"https:\/\/www.ilheusnoticias.net.br\/v1\/2018\/01\/19\/pista-de-acesso-a-nova-ponte-comeca-a-ser-tracada-na-av-soares-lopes\/","title":{"rendered":"Pista de acesso \u00e0 nova ponte come\u00e7a a ser tra\u00e7ada na Av. Soares Lopes."},"content":{"rendered":"<h2 class=\"PostHeaderIcon-wrapper\"><\/h2>\n<div class=\"PostContent\">\n<div id=\"attachment_73375\" class=\"wp-caption aligncenter\"><a class=\"gallery_colorbox cboxElement\" href=\"http:\/\/www.agravo.blog.br\/wp-content\/uploads\/2018\/01\/IMG_20180118_121706760-500x375.jpg\"><img loading=\"lazy\" class=\"size-full wp-image-73375\" src=\"http:\/\/www.agravo.blog.br\/wp-content\/uploads\/2018\/01\/IMG_20180118_121706760-500x375.jpg\" sizes=\"(max-width: 500px) 100vw, 500px\" srcset=\"http:\/\/www.agravo.blog.br\/wp-content\/uploads\/2018\/01\/IMG_20180118_121706760-500x375.jpg 500w, http:\/\/www.agravo.blog.br\/wp-content\/uploads\/2018\/01\/IMG_20180118_121706760-500x375-300x225.jpg 300w\" alt=\"\" width=\"500\" height=\"375\" \/><\/a><\/p>\n<p class=\"wp-caption-text\"><strong>Esse local ser\u00e1 o retorno para quem for para o Pontal. Daqui a quinze dias, essa \u00e1rea servir\u00e1 para entrada de caminh\u00f5es\u00a0 da OAS\u00a0 na obra. Foto Jamesson Ara\u00fajo.<\/strong><\/p>\n<\/div>\n<p>Na manh\u00e3 desta quinta\u2013feira (18) o Blog Agravo esteve juntamente com o vice-prefeito de Ilh\u00e9us, Jos\u00e9 Nazal, no local tra\u00e7ado para implanta\u00e7\u00e3o da nova pista da Av Soares Lopes, extens\u00e3o da nova ponte, que vai se estender at\u00e9 o local em que hoje est\u00e1 instalada a Feira ExpoIlh\u00e9us.<\/p>\n<div id=\"attachment_73377\" class=\"wp-caption aligncenter\"><a class=\"gallery_colorbox cboxElement\" href=\"http:\/\/www.agravo.blog.br\/wp-content\/uploads\/2018\/01\/trajeto-ponte-1.jpg\"><img loading=\"lazy\" class=\"size-full wp-image-73377\" src=\"http:\/\/www.agravo.blog.br\/wp-content\/uploads\/2018\/01\/trajeto-ponte-1.jpg\" sizes=\"(max-width: 523px) 100vw, 523px\" srcset=\"http:\/\/www.agravo.blog.br\/wp-content\/uploads\/2018\/01\/trajeto-ponte-1.jpg 523w, http:\/\/www.agravo.blog.br\/wp-content\/uploads\/2018\/01\/trajeto-ponte-1-300x260.jpg 300w\" alt=\"\" width=\"523\" height=\"453\" \/><\/a><\/p>\n<p class=\"wp-caption-text\"><strong>Imagem ilustrativa feita pelo Blog Agravo baseado na explica\u00e7\u00e3o de Nazal.<\/strong><\/p>\n<\/div>\n<p>Nazal explicou ao Blog Agravo, que os quiosques de \u00e1gua de coco v\u00e3o ser retirados, e no local ser\u00e1 o retorno dos ve\u00edculos que v\u00e3o sentido Pontal.<\/p>\n<div id=\"attachment_73374\" class=\"wp-caption aligncenter\"><a class=\"gallery_colorbox cboxElement\" href=\"http:\/\/www.agravo.blog.br\/wp-content\/uploads\/2018\/01\/IMG_20180118_121700516-500x375.jpg\"><img loading=\"lazy\" class=\"wp-image-73374 size-full\" src=\"http:\/\/www.agravo.blog.br\/wp-content\/uploads\/2018\/01\/IMG_20180118_121700516-500x375.jpg\" sizes=\"(max-width: 500px) 100vw, 500px\" srcset=\"http:\/\/www.agravo.blog.br\/wp-content\/uploads\/2018\/01\/IMG_20180118_121700516-500x375.jpg 500w, http:\/\/www.agravo.blog.br\/wp-content\/uploads\/2018\/01\/IMG_20180118_121700516-500x375-300x225.jpg 300w\" alt=\"\" width=\"500\" height=\"375\" \/><\/a><\/p>\n<p class=\"wp-caption-text\"><strong>Trajeto da ponte ser\u00e1 feita nesse local sentido porto do Malhado. D\u00e1 para ver j\u00e1 a estrada de barro no antigo Velhos Marinheiros<\/strong><\/p>\n<\/div>\n<p>Segundo Nazal tamb\u00e9m haver\u00e1 outra entrada para a ponte sentido Pontal, na Av. Dois de Julho.<\/p>\n<p>Est\u00e1 prevista em at\u00e9 quinze dias a implanta\u00e7\u00e3o nesse trajeto, com pista de barro. A entrada da obra para caminh\u00f5es ser\u00e1 feita pelo estacionamento na beira da praia, ao lado dos Quiosques.<\/p>\n<div id=\"attachment_73373\" class=\"wp-caption aligncenter\"><a class=\"gallery_colorbox cboxElement\" href=\"http:\/\/www.agravo.blog.br\/wp-content\/uploads\/2018\/01\/IMG_20180118_121841349-500x666.jpg\"><img loading=\"lazy\" class=\"wp-image-73373 size-full\" src=\"http:\/\/www.agravo.blog.br\/wp-content\/uploads\/2018\/01\/IMG_20180118_121841349-500x666-e1516324477509.jpg\" sizes=\"(max-width: 499px) 100vw, 499px\" srcset=\"http:\/\/www.agravo.blog.br\/wp-content\/uploads\/2018\/01\/IMG_20180118_121841349-500x666-e1516324477509.jpg 499w, http:\/\/www.agravo.blog.br\/wp-content\/uploads\/2018\/01\/IMG_20180118_121841349-500x666-e1516324477509-300x236.jpg 300w\" alt=\"\" width=\"499\" height=\"392\" \/><\/a><\/p>\n<p class=\"wp-caption-text\"><strong>Quiosques v\u00e3o ser retirados para dar lugar ao retorno da ponte.<\/strong><\/p>\n<\/div>\n<p>Acompanhado pelo vice-prefeito Jos\u00e9 Nazal Soub, o governador da Bahia, Rui Costa, estar\u00e1 em Ilh\u00e9us na manh\u00e3 desta sexta-feira, 19 de janeiro, quando far\u00e1 uma vistoria na obra de constru\u00e7\u00e3o da nova ponte entre o centro da cidade e o Pontal, que beneficiar\u00e1 tamb\u00e9m outros bairros da zona sul. A visita est\u00e1 programada para \u00e0s 10 horas, no canteiro de obras, na Praia do Cristo.<\/p>\n<p><b>Blog Agravo<\/b><\/p>\n<\/div>\n","protected":false},"excerpt":{"rendered":"<p>Esse local ser\u00e1 o retorno para quem for para o Pontal. Daqui a quinze dias, essa \u00e1rea servir\u00e1 para entrada de caminh\u00f5es\u00a0 da OAS\u00a0 na obra. Foto Jamesson Ara\u00fajo. Na manh\u00e3 desta quinta\u2013feira (18) o Blog Agravo esteve juntamente com o vice-prefeito de Ilh\u00e9us, Jos\u00e9 Nazal, no local tra\u00e7ado para implanta\u00e7\u00e3o da nova pista da [&hellip;]<\/p>\n","protected":false},"author":2,"featured_media":0,"comment_status":"open","ping_status":"open","sticky":false,"template":"","format":"standard","meta":{"_links_to":"","_links_to_target":""},"categories":[7,9,8,1],"tags":[],"_links":{"self":[{"href":"https:\/\/www.ilheusnoticias.net.br\/v1\/wp-json\/wp\/v2\/posts\/11991"}],"collection":[{"href":"https:\/\/www.ilheusnoticias.net.br\/v1\/wp-json\/wp\/v2\/posts"}],"about":[{"href":"https:\/\/www.ilheusnoticias.net.br\/v1\/wp-json\/wp\/v2\/types\/post"}],"author":[{"embeddable":true,"href":"https:\/\/www.ilheusnoticias.net.br\/v1\/wp-json\/wp\/v2\/users\/2"}],"replies":[{"embeddable":true,"href":"https:\/\/www.ilheusnoticias.net.br\/v1\/wp-json\/wp\/v2\/comments?post=11991"}],"version-history":[{"count":1,"href":"https:\/\/www.ilheusnoticias.net.br\/v1\/wp-json\/wp\/v2\/posts\/11991\/revisions"}],"predecessor-version":[{"id":11992,"href":"https:\/\/www.ilheusnoticias.net.br\/v1\/wp-json\/wp\/v2\/posts\/11991\/revisions\/11992"}],"wp:attachment":[{"href":"https:\/\/www.ilheusnoticias.net.br\/v1\/wp-json\/wp\/v2\/media?parent=11991"}],"wp:term":[{"taxonomy":"category","embeddable":true,"href":"https:\/\/www.ilheusnoticias.net.br\/v1\/wp-json\/wp\/v2\/categories?post=11991"},{"taxonomy":"post_tag","embeddable":true,"href":"https:\/\/www.ilheusnoticias.net.br\/v1\/wp-json\/wp\/v2\/tags?post=11991"}],"curies":[{"name":"wp","href":"https:\/\/api.w.org\/{rel}","templated":true}]}}