{"id":11989,"date":"2018-01-19T07:02:48","date_gmt":"2018-01-19T10:02:48","guid":{"rendered":"http:\/\/www.ilheusnoticias.net.br\/v1\/?p=11989"},"modified":"2018-01-19T07:02:48","modified_gmt":"2018-01-19T10:02:48","slug":"atropelamento-em-copacabana-deixa-um-morto-e-16-feridos","status":"publish","type":"post","link":"https:\/\/www.ilheusnoticias.net.br\/v1\/2018\/01\/19\/atropelamento-em-copacabana-deixa-um-morto-e-16-feridos\/","title":{"rendered":"Atropelamento em Copacabana deixa um morto e 16 feridos"},"content":{"rendered":"<div id=\"content-header\"><\/div>\n<div id=\"content-area\">\n<div class=\"region region-content\">\n<div id=\"block-system-main\" class=\"block block-system block-odd clearfix\">\n<div class=\"content\">\n<article id=\"node-1105118\" class=\"node node-noticia node-odd\">\n<div class=\"content\">\n<figure class=\"teaser\"><img loading=\"lazy\" class=\"Image img__fid__116008 img__view_mode__teaser attr__format__teaser\" title=\"\" src=\"http:\/\/agenciabrasil.ebc.com.br\/sites\/_agenciabrasil2013\/files\/styles\/interna_grande\/public\/atropelamento_em_copacabana_deixa_um_bebe_morto_-_foto_antonio_lacerda-_agencia_efe.jpg\" alt=\"Atropelamento mata beb\u00ea em Copacabana - Foto Antonio Lacerda\/Ag\u00eancia EFE\" width=\"580\" height=\"388\" \/><figcaption>Atropelamento mata beb\u00ea em Copacabana &#8211; Foto Antonio Lacerda\/Ag\u00eancia EFE<span class=\"author\">Antonio Lacerda\/Ag\u00eancia EFE<\/span><\/p>\n<\/figcaption><\/figure>\n<p>O carro que invadiu o cal\u00e7ad\u00e3o de Copacabana, na zona sul do Rio de Janeiro, deixou um beb\u00ea de oito meses morto e 16 pessoas feridas. Antonio Almeida Anaquim dirigia pela Avenida Atl\u00e2ntica e, por volta das 20h30 de ontem (18), atropelou as pessoas que caminhavam pelo cal\u00e7ad\u00e3o, pr\u00f3ximo \u00e0 Rua Figueiredo de Magalh\u00e3es.<\/p>\n<p>O motorista seria epil\u00e9tico e teria sofrido um ataque, por isso perdeu o controle do ve\u00edculo. Segundo o Departamento de Tr\u00e2nsito (Detran), Antonio de Almeida Anaquim estava com a habilita\u00e7\u00e3o suspensa desde maio de 2014.<\/p>\n<\/div>\n<\/article>\n<\/div>\n<\/div>\n<\/div>\n<\/div>\n<p><!--more--><\/p>\n<div id=\"content-area\">\n<div class=\"region region-content\">\n<div id=\"block-system-main\" class=\"block block-system block-odd clearfix\">\n<div class=\"content\">\n<article id=\"node-1105118\" class=\"node node-noticia node-odd\">\n<div class=\"content\">\n<p>O motorista, de acordo com o Detran, n\u00e3o cumpriu a exig\u00eancia de devolu\u00e7\u00e3o da habilita\u00e7\u00e3o. Por ter cometido crime de tr\u00e2nsito e dirigido com a carteira suspensa, Anaquim ter\u00e1 sua documenta\u00e7\u00e3o cassada.<\/p>\n<p>Darlan Rocha, de 27 anos, pai do beb\u00ea que morreu no incidente, disse que a m\u00e3e da crian\u00e7a tamb\u00e9m foi atropelada e seu estado de sa\u00fade \u00e9 grave. \u201cComo uma pessoa que sofre de epilepsia tem carteira de motorista? N\u00e3o era para ter carteira de motorista e nem estar na rua. Matou minha filha, como vou ficar agora?\u201d, lamentou.<\/p>\n<p>Segundo a Secretaria Municipal de Sa\u00fade, entre os feridos h\u00e1 um australiano, que est\u00e1 em estado grave no Hospital Municipal Souza Aguiar.<\/p>\n<\/div>\n<\/article>\n<\/div>\n<\/div>\n<\/div>\n<\/div>\n","protected":false},"excerpt":{"rendered":"<p>Atropelamento mata beb\u00ea em Copacabana &#8211; Foto Antonio Lacerda\/Ag\u00eancia EFEAntonio Lacerda\/Ag\u00eancia EFE O carro que invadiu o cal\u00e7ad\u00e3o de Copacabana, na zona sul do Rio de Janeiro, deixou um beb\u00ea de oito meses morto e 16 pessoas feridas. Antonio Almeida Anaquim dirigia pela Avenida Atl\u00e2ntica e, por volta das 20h30 de ontem (18), atropelou as [&hellip;]<\/p>\n","protected":false},"author":2,"featured_media":0,"comment_status":"open","ping_status":"open","sticky":false,"template":"","format":"standard","meta":{"_links_to":"","_links_to_target":""},"categories":[7,9,8,1],"tags":[],"_links":{"self":[{"href":"https:\/\/www.ilheusnoticias.net.br\/v1\/wp-json\/wp\/v2\/posts\/11989"}],"collection":[{"href":"https:\/\/www.ilheusnoticias.net.br\/v1\/wp-json\/wp\/v2\/posts"}],"about":[{"href":"https:\/\/www.ilheusnoticias.net.br\/v1\/wp-json\/wp\/v2\/types\/post"}],"author":[{"embeddable":true,"href":"https:\/\/www.ilheusnoticias.net.br\/v1\/wp-json\/wp\/v2\/users\/2"}],"replies":[{"embeddable":true,"href":"https:\/\/www.ilheusnoticias.net.br\/v1\/wp-json\/wp\/v2\/comments?post=11989"}],"version-history":[{"count":1,"href":"https:\/\/www.ilheusnoticias.net.br\/v1\/wp-json\/wp\/v2\/posts\/11989\/revisions"}],"predecessor-version":[{"id":11990,"href":"https:\/\/www.ilheusnoticias.net.br\/v1\/wp-json\/wp\/v2\/posts\/11989\/revisions\/11990"}],"wp:attachment":[{"href":"https:\/\/www.ilheusnoticias.net.br\/v1\/wp-json\/wp\/v2\/media?parent=11989"}],"wp:term":[{"taxonomy":"category","embeddable":true,"href":"https:\/\/www.ilheusnoticias.net.br\/v1\/wp-json\/wp\/v2\/categories?post=11989"},{"taxonomy":"post_tag","embeddable":true,"href":"https:\/\/www.ilheusnoticias.net.br\/v1\/wp-json\/wp\/v2\/tags?post=11989"}],"curies":[{"name":"wp","href":"https:\/\/api.w.org\/{rel}","templated":true}]}}