{"id":11985,"date":"2018-01-19T06:58:28","date_gmt":"2018-01-19T09:58:28","guid":{"rendered":"http:\/\/www.ilheusnoticias.net.br\/v1\/?p=11985"},"modified":"2018-01-19T06:58:28","modified_gmt":"2018-01-19T09:58:28","slug":"samu-tem-40-vagas-para-medicos-inscricoes-termina-hoje19-de-janeiro","status":"publish","type":"post","link":"https:\/\/www.ilheusnoticias.net.br\/v1\/2018\/01\/19\/samu-tem-40-vagas-para-medicos-inscricoes-termina-hoje19-de-janeiro\/","title":{"rendered":"Samu tem 40 vagas para m\u00e9dicos; inscri\u00e7\u00f5es termina hoje,19 de janeiro"},"content":{"rendered":"<div class=\"row content-head\"><\/div>\n<div class=\"row content-share-bar\">\n<div class=\"column medium-centered medium-22 large-20 content-share-bar__container\">\n<div id=\"share-bar\" class=\"share-bar share-bar-container share-theme-minimal share-bar-container share-theme-minimal\" data-url=\"https:\/\/g1.globo.com\/ba\/bahia\/noticia\/samu-de-feira-de-santana-tem-40-vagas-para-medicos-inscricoes-vao-ate-19-de-janeiro.ghtml\" data-title=\"Samu de Feira de Santana tem 40 vagas para m\u00e9dicos; inscri\u00e7\u00f5es v\u00e3o at\u00e9 19 de janeiro\" data-image-url=\"https:\/\/s2.glbimg.com\/0OL3q4JHuPIdiwUKYr8UUWVQrbU=\/1200x\/smart\/filters:cover():strip_icc()\/i.s3.glbimg.com\/v1\/AUTH_59edd422c0c84a879bd37670ae4f538a\/internal_photos\/bs\/2018\/I\/Y\/OVyxLPQPq0rkIybF3S6Q\/samu1.jpg\"><\/div>\n<\/div>\n<\/div>\n<div class=\"mc-article-body\">\n<article>\n<div class=\"mc-column content-media content-media--normal  content-photo\" data-block-type=\"backstage-photo\" data-block-id=\"0\">\n<div class=\"content-media__container\">\n<div class=\"content-media__image-centered\">\n<div class=\"progressive-img can-open-lightbox\" data-min-size=\"1008x676\" data-min-size-url=\"https:\/\/s2.glbimg.com\/PGmsc7obXRo-P3Yx19N2dhMqxfA=\/0x0:1455x977\/1008x0\/smart\/filters:strip_icc()\/i.s3.glbimg.com\/v1\/AUTH_59edd422c0c84a879bd37670ae4f538a\/internal_photos\/bs\/2018\/I\/Y\/OVyxLPQPq0rkIybF3S6Q\/samu1.jpg\" data-max-size=\"1600x1074\" data-max-size-url=\"https:\/\/s2.glbimg.com\/UGGkYXTn1zUQOeep31vYN8tKwhk=\/0x0:1455x977\/1600x0\/smart\/filters:strip_icc()\/i.s3.glbimg.com\/v1\/AUTH_59edd422c0c84a879bd37670ae4f538a\/internal_photos\/bs\/2018\/I\/Y\/OVyxLPQPq0rkIybF3S6Q\/samu1.jpg\" data-media-index=\"0\"><img class=\"progressive-draft\" title=\"Samu tem vagas para m\u00e9dicos em Feira de Santana (Foto: Reprodu\u00e7\u00e3o)\" src=\"data:image\/jpeg;base64,\/9j\/4AAQSkZJRgABAQAAAQABAAD\/2wBDAAMCAgMCAgMDAwMEAwMEBQgFBQQEBQoHBwYIDAoMDAsKCwsNDhIQDQ4RDgsLEBYQERMUFRUVDA8XGBYUGBIUFRT\/2wBDAQMEBAUEBQkFBQkUDQsNFBQUFBQUFBQUFBQUFBQUFBQUFBQUFBQUFBQUFBQUFBQUFBQUFBQUFBQUFBQUFBQUFBT\/wgARCAARABkDASIAAhEBAxEB\/8QAGwAAAQQDAAAAAAAAAAAAAAAAAAIEBQcBAwb\/xAAWAQEBAQAAAAAAAAAAAAAAAAAEAwX\/2gAMAwEAAhADEAAAAYSP6LaRdWR9trrNDcJvbZBGX\/\/EAB8QAAAGAgMBAAAAAAAAAAAAAAABAgMEBQYVEBMxM\/\/aAAgBAQABBQKjqNq45g9gcmVi8xA0MwHFWhL9Yt8JhWDSem0En4n4fH\/\/xAAgEQAABQMFAAAAAAAAAAAAAAAAAQIREgMEEDEyUbHw\/9oACAEDAQE\/AVUYk6yEG17F1sL3OP\/EABsRAAIBBQAAAAAAAAAAAAAAAAACAxAhIjJB\/9oACAECAQE\/AVVFsphwj2p\/\/8QAKBAAAgECAwYHAAAAAAAAAAAAAQIDABEEEiIQExQhkaExMjNSc+Hw\/9oACAEBAAY\/ApY+KSB1GkBb5v3KihxmDDeNjML9KJiPEwe8cq8nem3uMnnjVL5ZGDACl1R6RZSGAIpwMVFIGN8sgU9xXqQdPupPjNDb\/8QAIxABAQABAgQHAAAAAAAAAAAAAREAMXEQIUFhUZGhsdHw8f\/aAAgBAQABPyE2wNK6tlT9dsQWSrPVkbOmRBK0YZrnceb4wdYq5Wmk2m2XaaJUJCJzyufmkdweB30Hg56Q9uL\/2gAMAwEAAgADAAAAENc4YP\/EABwRAQADAAIDAAAAAAAAAAAAAAEAESExcZGx8P\/aAAgBAwEBPxATQLxVJ5uZCDT5g107PWgn\/8QAGxEAAwACAwAAAAAAAAAAAAAAAAERMVGR8PH\/2gAIAQIBAT8QfRu7krN0+PDL3Qz\/xAAdEAEBAQACAgMAAAAAAAAAAAABESEAMRBRQfDx\/9oACAEBAAE\/EFX6VKIs0EWXG9aMw7bEhZVBJ6Zx56U+hSLVBulMvjsD7hx4U7EBBsfPADemf6CCD3bxqkwxhrVYL7dRXn5TwKfbenO54\/\/Z\" alt=\"Samu tem vagas para m\u00e9dicos em Feira de Santana (Foto: Reprodu\u00e7\u00e3o)\" \/><picture><source srcset=\"https:\/\/s2.glbimg.com\/wRy6GLzGL5k_ohWep1r53xWodAc=\/0x0:1455x977\/600x0\/smart\/filters:strip_icc()\/i.s3.glbimg.com\/v1\/AUTH_59edd422c0c84a879bd37670ae4f538a\/internal_photos\/bs\/2018\/I\/Y\/OVyxLPQPq0rkIybF3S6Q\/samu1.jpg 1x, https:\/\/s2.glbimg.com\/3JavLmpv4XogWLhvMbxpgvZR5VA=\/0x0:1455x977\/1200x0\/smart\/filters:strip_icc()\/i.s3.glbimg.com\/v1\/AUTH_59edd422c0c84a879bd37670ae4f538a\/internal_photos\/bs\/2018\/I\/Y\/OVyxLPQPq0rkIybF3S6Q\/samu1.jpg 2x\" media=\"(max-width: 1024px)\" data-src=\"https:\/\/s2.glbimg.com\/wRy6GLzGL5k_ohWep1r53xWodAc=\/0x0:1455x977\/600x0\/smart\/filters:strip_icc()\/i.s3.glbimg.com\/v1\/AUTH_59edd422c0c84a879bd37670ae4f538a\/internal_photos\/bs\/2018\/I\/Y\/OVyxLPQPq0rkIybF3S6Q\/samu1.jpg 1x, https:\/\/s2.glbimg.com\/3JavLmpv4XogWLhvMbxpgvZR5VA=\/0x0:1455x977\/1200x0\/smart\/filters:strip_icc()\/i.s3.glbimg.com\/v1\/AUTH_59edd422c0c84a879bd37670ae4f538a\/internal_photos\/bs\/2018\/I\/Y\/OVyxLPQPq0rkIybF3S6Q\/samu1.jpg 2x\" \/><source srcset=\"https:\/\/s2.glbimg.com\/kizEYWiQht5gGrnx452PjoI552c=\/0x0:1455x977\/640x0\/smart\/filters:strip_icc()\/i.s3.glbimg.com\/v1\/AUTH_59edd422c0c84a879bd37670ae4f538a\/internal_photos\/bs\/2018\/I\/Y\/OVyxLPQPq0rkIybF3S6Q\/samu1.jpg 1x, https:\/\/s2.glbimg.com\/UHAo3a1_m5zwgSLJplBaFMgvN-w=\/0x0:1455x977\/1280x0\/smart\/filters:strip_icc()\/i.s3.glbimg.com\/v1\/AUTH_59edd422c0c84a879bd37670ae4f538a\/internal_photos\/bs\/2018\/I\/Y\/OVyxLPQPq0rkIybF3S6Q\/samu1.jpg 2x\" media=\"(max-width: 1280px)\" data-src=\"https:\/\/s2.glbimg.com\/kizEYWiQht5gGrnx452PjoI552c=\/0x0:1455x977\/640x0\/smart\/filters:strip_icc()\/i.s3.glbimg.com\/v1\/AUTH_59edd422c0c84a879bd37670ae4f538a\/internal_photos\/bs\/2018\/I\/Y\/OVyxLPQPq0rkIybF3S6Q\/samu1.jpg 1x, https:\/\/s2.glbimg.com\/UHAo3a1_m5zwgSLJplBaFMgvN-w=\/0x0:1455x977\/1280x0\/smart\/filters:strip_icc()\/i.s3.glbimg.com\/v1\/AUTH_59edd422c0c84a879bd37670ae4f538a\/internal_photos\/bs\/2018\/I\/Y\/OVyxLPQPq0rkIybF3S6Q\/samu1.jpg 2x\" \/><source srcset=\"https:\/\/s2.glbimg.com\/0fnYvsYYBgqlQ2hkKDW0D09IWUc=\/0x0:1455x977\/984x0\/smart\/filters:strip_icc()\/i.s3.glbimg.com\/v1\/AUTH_59edd422c0c84a879bd37670ae4f538a\/internal_photos\/bs\/2018\/I\/Y\/OVyxLPQPq0rkIybF3S6Q\/samu1.jpg 1x, https:\/\/s2.glbimg.com\/hC5XqO65sb1ew2hKmWneI5KDYUM=\/0x0:1455x977\/1968x0\/smart\/filters:strip_icc()\/i.s3.glbimg.com\/v1\/AUTH_59edd422c0c84a879bd37670ae4f538a\/internal_photos\/bs\/2018\/I\/Y\/OVyxLPQPq0rkIybF3S6Q\/samu1.jpg 2x\" media=\"(max-width: 1360px)\" data-src=\"https:\/\/s2.glbimg.com\/0fnYvsYYBgqlQ2hkKDW0D09IWUc=\/0x0:1455x977\/984x0\/smart\/filters:strip_icc()\/i.s3.glbimg.com\/v1\/AUTH_59edd422c0c84a879bd37670ae4f538a\/internal_photos\/bs\/2018\/I\/Y\/OVyxLPQPq0rkIybF3S6Q\/samu1.jpg 1x, https:\/\/s2.glbimg.com\/hC5XqO65sb1ew2hKmWneI5KDYUM=\/0x0:1455x977\/1968x0\/smart\/filters:strip_icc()\/i.s3.glbimg.com\/v1\/AUTH_59edd422c0c84a879bd37670ae4f538a\/internal_photos\/bs\/2018\/I\/Y\/OVyxLPQPq0rkIybF3S6Q\/samu1.jpg 2x\" \/><source srcset=\"https:\/\/s2.glbimg.com\/mCzx7H9ea7UpzinjZPpMIUibGBk=\/0x0:1455x977\/1000x0\/smart\/filters:strip_icc()\/i.s3.glbimg.com\/v1\/AUTH_59edd422c0c84a879bd37670ae4f538a\/internal_photos\/bs\/2018\/I\/Y\/OVyxLPQPq0rkIybF3S6Q\/samu1.jpg 1x, https:\/\/s2.glbimg.com\/54JtSCCmuZgL5fUvOeIGO_qUcps=\/0x0:1455x977\/2000x0\/smart\/filters:strip_icc()\/i.s3.glbimg.com\/v1\/AUTH_59edd422c0c84a879bd37670ae4f538a\/internal_photos\/bs\/2018\/I\/Y\/OVyxLPQPq0rkIybF3S6Q\/samu1.jpg 2x\" media=\"(min-width: 1361px)\" data-src=\"https:\/\/s2.glbimg.com\/mCzx7H9ea7UpzinjZPpMIUibGBk=\/0x0:1455x977\/1000x0\/smart\/filters:strip_icc()\/i.s3.glbimg.com\/v1\/AUTH_59edd422c0c84a879bd37670ae4f538a\/internal_photos\/bs\/2018\/I\/Y\/OVyxLPQPq0rkIybF3S6Q\/samu1.jpg 1x, https:\/\/s2.glbimg.com\/54JtSCCmuZgL5fUvOeIGO_qUcps=\/0x0:1455x977\/2000x0\/smart\/filters:strip_icc()\/i.s3.glbimg.com\/v1\/AUTH_59edd422c0c84a879bd37670ae4f538a\/internal_photos\/bs\/2018\/I\/Y\/OVyxLPQPq0rkIybF3S6Q\/samu1.jpg 2x\" \/><source srcset=\"https:\/\/s2.glbimg.com\/0fnYvsYYBgqlQ2hkKDW0D09IWUc=\/0x0:1455x977\/984x0\/smart\/filters:strip_icc()\/i.s3.glbimg.com\/v1\/AUTH_59edd422c0c84a879bd37670ae4f538a\/internal_photos\/bs\/2018\/I\/Y\/OVyxLPQPq0rkIybF3S6Q\/samu1.jpg\" data-src=\"https:\/\/s2.glbimg.com\/0fnYvsYYBgqlQ2hkKDW0D09IWUc=\/0x0:1455x977\/984x0\/smart\/filters:strip_icc()\/i.s3.glbimg.com\/v1\/AUTH_59edd422c0c84a879bd37670ae4f538a\/internal_photos\/bs\/2018\/I\/Y\/OVyxLPQPq0rkIybF3S6Q\/samu1.jpg\" \/><img class=\"image content-media__image progressive-loaded\" title=\"Samu tem vagas para m\u00e9dicos em Feira de Santana (Foto: Reprodu\u00e7\u00e3o)\" src=\"https:\/\/s2.glbimg.com\/0fnYvsYYBgqlQ2hkKDW0D09IWUc=\/0x0:1455x977\/984x0\/smart\/filters:strip_icc()\/i.s3.glbimg.com\/v1\/AUTH_59edd422c0c84a879bd37670ae4f538a\/internal_photos\/bs\/2018\/I\/Y\/OVyxLPQPq0rkIybF3S6Q\/samu1.jpg\" alt=\"Samu tem vagas para m\u00e9dicos em Feira de Santana (Foto: Reprodu\u00e7\u00e3o)\" data-src=\"https:\/\/s2.glbimg.com\/0fnYvsYYBgqlQ2hkKDW0D09IWUc=\/0x0:1455x977\/984x0\/smart\/filters:strip_icc()\/i.s3.glbimg.com\/v1\/AUTH_59edd422c0c84a879bd37670ae4f538a\/internal_photos\/bs\/2018\/I\/Y\/OVyxLPQPq0rkIybF3S6Q\/samu1.jpg\" \/><\/picture><\/div>\n<\/div>\n<div class=\"content-media__description-centered \">\n<p class=\"content-media__description\"><i class=\"content-media__description__icon theme-color-primary\"><\/i><span class=\"content-media__description__caption\">Samu tem vagas para m\u00e9dicos em Feira de Santana (Foto: Reprodu\u00e7\u00e3o)<\/span><\/p>\n<p class=\"content-media__description\">O Samu de Feira de Santana, cidade a 100 quil\u00f4metros, est\u00e1 com vagas abertas para o processo seletivo de m\u00e9dicos. S\u00e3o 40 vagas. As inscri\u00e7\u00f5es devem ser feitas apenas pela internet no site da prefeitura (<a href=\"http:\/\/www.feiradesantana.ba.gov.br\/\" target=\"_blank\">www.feiradesantana.ba.gov.br<\/a>) at\u00e9 23 horas e 59 minutos do dia 19 de janeiro.<\/p>\n<\/div>\n<\/div>\n<\/div>\n<div class=\"mc-column content-text active-extra-styles \" data-block-type=\"unstyled\" data-block-weight=\"37\" data-block-id=\"3\">\n<p class=\"content-text__container \" data-track-category=\"Link no Texto\" data-track-links=\"\">S\u00e3o 40 vagas, sendo 26 de ampla concorr\u00eancia, duas para pessoas com defici\u00eancia e 12 para pessoas que se autodeclararem afrodescendentes. A taxa de inscri\u00e7\u00e3o \u00e9 de R$ 50 e os sal\u00e1rios podem chegar at\u00e9 R$ 6.986,19.<\/p>\n<\/div>\n<div data-track-category=\"fim do conteudo\" data-track-action=\"ultimo chunk conteudo\" data-track-noninteraction=\"false\" data-track-scroll=\"entrada completa viewport\">\n<div class=\"mc-column content-text active-extra-styles \" data-block-type=\"unstyled\" data-block-weight=\"23\" data-block-id=\"4\">\n<p class=\"content-text__container \" data-track-category=\"Link no Texto\" data-track-links=\"\">Segundo o edital, a sele\u00e7\u00e3o vai ser realizada em duas etapas, com avalia\u00e7\u00e3o de t\u00edtulos e capacita\u00e7\u00e3o inicial com carga de 40 horas.<\/p>\n<\/div>\n<\/div>\n<\/article>\n<\/div>\n","protected":false},"excerpt":{"rendered":"<p>Samu tem vagas para m\u00e9dicos em Feira de Santana (Foto: Reprodu\u00e7\u00e3o) O Samu de Feira de Santana, cidade a 100 quil\u00f4metros, est\u00e1 com vagas abertas para o processo seletivo de m\u00e9dicos. S\u00e3o 40 vagas. As inscri\u00e7\u00f5es devem ser feitas apenas pela internet no site da prefeitura (www.feiradesantana.ba.gov.br) at\u00e9 23 horas e 59 minutos do dia [&hellip;]<\/p>\n","protected":false},"author":2,"featured_media":0,"comment_status":"open","ping_status":"open","sticky":false,"template":"","format":"standard","meta":{"_links_to":"","_links_to_target":""},"categories":[7,9,8,1],"tags":[],"_links":{"self":[{"href":"https:\/\/www.ilheusnoticias.net.br\/v1\/wp-json\/wp\/v2\/posts\/11985"}],"collection":[{"href":"https:\/\/www.ilheusnoticias.net.br\/v1\/wp-json\/wp\/v2\/posts"}],"about":[{"href":"https:\/\/www.ilheusnoticias.net.br\/v1\/wp-json\/wp\/v2\/types\/post"}],"author":[{"embeddable":true,"href":"https:\/\/www.ilheusnoticias.net.br\/v1\/wp-json\/wp\/v2\/users\/2"}],"replies":[{"embeddable":true,"href":"https:\/\/www.ilheusnoticias.net.br\/v1\/wp-json\/wp\/v2\/comments?post=11985"}],"version-history":[{"count":1,"href":"https:\/\/www.ilheusnoticias.net.br\/v1\/wp-json\/wp\/v2\/posts\/11985\/revisions"}],"predecessor-version":[{"id":11986,"href":"https:\/\/www.ilheusnoticias.net.br\/v1\/wp-json\/wp\/v2\/posts\/11985\/revisions\/11986"}],"wp:attachment":[{"href":"https:\/\/www.ilheusnoticias.net.br\/v1\/wp-json\/wp\/v2\/media?parent=11985"}],"wp:term":[{"taxonomy":"category","embeddable":true,"href":"https:\/\/www.ilheusnoticias.net.br\/v1\/wp-json\/wp\/v2\/categories?post=11985"},{"taxonomy":"post_tag","embeddable":true,"href":"https:\/\/www.ilheusnoticias.net.br\/v1\/wp-json\/wp\/v2\/tags?post=11985"}],"curies":[{"name":"wp","href":"https:\/\/api.w.org\/{rel}","templated":true}]}}