{"id":11983,"date":"2018-01-19T06:55:46","date_gmt":"2018-01-19T09:55:46","guid":{"rendered":"http:\/\/www.ilheusnoticias.net.br\/v1\/?p=11983"},"modified":"2018-01-19T06:55:46","modified_gmt":"2018-01-19T09:55:46","slug":"mulher-e-ferida-apos-bandido-atirar-durante-assalto-a-carro-acao-registrada-em-video-dura-menos-de-20-segundos","status":"publish","type":"post","link":"https:\/\/www.ilheusnoticias.net.br\/v1\/2018\/01\/19\/mulher-e-ferida-apos-bandido-atirar-durante-assalto-a-carro-acao-registrada-em-video-dura-menos-de-20-segundos\/","title":{"rendered":"Mulher \u00e9 ferida ap\u00f3s bandido atirar durante assalto a carro; a\u00e7\u00e3o registrada em v\u00eddeo dura menos de 20 segundos"},"content":{"rendered":"<div class=\"row content-head\"><\/div>\n<div class=\"row content-share-bar\">\n<div class=\"column medium-centered medium-22 large-20 content-share-bar__container\">\n<div id=\"share-bar\" class=\"share-bar share-bar-container share-theme-minimal share-bar-container share-theme-minimal\" data-url=\"https:\/\/g1.globo.com\/ba\/bahia\/noticia\/mulher-tem-carro-roubado-e-fica-ferida-apos-bandido-atirar-acao-registrada-em-video-dura-menos-de-20-segundos.ghtml\" data-title=\"Mulher \u00e9 ferida ap\u00f3s bandido atirar durante assalto a carro; a\u00e7\u00e3o registrada em v\u00eddeo dura menos de 20 segundos \" data-image-url=\"https:\/\/s2.glbimg.com\/CP2vBE2hSO3v7t5W0Xckh-1QPVQ=\/1200x\/smart\/filters:cover():strip_icc()\/s01.video.glbimg.com\/x720\/6432132.jpg\"><\/div>\n<\/div>\n<\/div>\n<div class=\"mc-article-body\">\n<article>\n<div class=\"mc-column content-media content-media--normal content-video\" data-block-type=\"backstage-video\" data-block-id=\"0\">\n<div class=\"content-media__container content-media__container--loaded\">\n<div class=\"content-video__placeholder\" data-video-id=\"6432132\"><img loading=\"lazy\" class=\"content-video__placeholder__thumb\" title=\"Mulher de 49 anos \u00e9 assaltada e recebe tiro de rasp\u00e3o em Vit\u00f3ria da Conquista\" src=\"https:\/\/s01.video.glbimg.com\/x720\/6432132.jpg\" alt=\"Mulher de 49 anos \u00e9 assaltada e recebe tiro de rasp\u00e3o em Vit\u00f3ria da Conquista\" width=\"350\" height=\"197\" \/><\/div>\n<\/div>\n<div class=\"content-media__description-centered\">\n<p class=\"content-media__description\"><span class=\"content-media__description__caption\">Mulher de 49 anos \u00e9 assaltada e recebe tiro de rasp\u00e3o em Vit\u00f3ria da Conquista<\/span><\/p>\n<p class=\"content-media__description\">Uma mulher de 49 anos, que n\u00e3o teve a identidade revelada, foi surpreendida por um tiro durante assalto ao carro em que ela dirigia em Vit\u00f3ria da Conquista, sudoeste da Bahia, nesta quinta-feira (18). C\u00e2meras de seguran\u00e7a registraram toda a a\u00e7\u00e3o dos bandidos.\u00a0<em>[Veja v\u00eddeo acima]<\/em><\/p>\n<\/div>\n<\/div>\n<\/article>\n<\/div>\n<p class=\"content-media__description\"><!--more--><\/p>\n<div class=\"mc-article-body\">\n<article>\n<div class=\"mc-column content-text active-extra-styles \" data-block-type=\"unstyled\" data-block-weight=\"30\" data-block-id=\"3\">\n<p class=\"content-text__container \" data-track-category=\"Link no Texto\" data-track-links=\"\">O crime aconteceu na Avenida Braulino Santos, no bairro Candeias. A v\u00edtima deixava uma loja de fardamentos quando, logo depois de entrar no ve\u00edculo, ela foi abordada com um disparo.<\/p>\n<\/div>\n<div class=\"mc-column content-text active-extra-styles \" data-block-type=\"unstyled\" data-block-weight=\"51\" data-block-id=\"4\">\n<p class=\"content-text__container \" data-track-category=\"Link no Texto\" data-track-links=\"\">As imagens mostram o momento em que o bandido tenta abrir a porta do motorista e, pouco tempo depois, ela sai do carro e entrega celular e chaves. Ap\u00f3s a a\u00e7\u00e3o, a mulher deixou o local do crime caminhando. Neste momento, outro assaltante se aproximou e eles levaram o carro dela.<\/p>\n<\/div>\n<div data-track-category=\"fim do conteudo\" data-track-action=\"ultimo chunk conteudo\" data-track-noninteraction=\"false\" data-track-scroll=\"entrada completa viewport\">\n<div class=\"mc-column content-text active-extra-styles \" data-block-type=\"unstyled\" data-block-weight=\"35\" data-block-id=\"5\">\n<p class=\"content-text__container \" data-track-category=\"Link no Texto\" data-track-links=\"\">A mulher sofreu alguns ferimentos no rosto por causa dos estilha\u00e7os, mas foi socorrida por uma equipe do Samu, que a levou para um hospital particular de Vit\u00f3ria da Conquista. Ela foi atendida e liberada.<\/p>\n<\/div>\n<\/div>\n<\/article>\n<\/div>\n","protected":false},"excerpt":{"rendered":"<p>Mulher de 49 anos \u00e9 assaltada e recebe tiro de rasp\u00e3o em Vit\u00f3ria da Conquista Uma mulher de 49 anos, que n\u00e3o teve a identidade revelada, foi surpreendida por um tiro durante assalto ao carro em que ela dirigia em Vit\u00f3ria da Conquista, sudoeste da Bahia, nesta quinta-feira (18). C\u00e2meras de seguran\u00e7a registraram toda a [&hellip;]<\/p>\n","protected":false},"author":2,"featured_media":0,"comment_status":"open","ping_status":"open","sticky":false,"template":"","format":"standard","meta":{"_links_to":"","_links_to_target":""},"categories":[7,9,8,1,5],"tags":[],"_links":{"self":[{"href":"https:\/\/www.ilheusnoticias.net.br\/v1\/wp-json\/wp\/v2\/posts\/11983"}],"collection":[{"href":"https:\/\/www.ilheusnoticias.net.br\/v1\/wp-json\/wp\/v2\/posts"}],"about":[{"href":"https:\/\/www.ilheusnoticias.net.br\/v1\/wp-json\/wp\/v2\/types\/post"}],"author":[{"embeddable":true,"href":"https:\/\/www.ilheusnoticias.net.br\/v1\/wp-json\/wp\/v2\/users\/2"}],"replies":[{"embeddable":true,"href":"https:\/\/www.ilheusnoticias.net.br\/v1\/wp-json\/wp\/v2\/comments?post=11983"}],"version-history":[{"count":1,"href":"https:\/\/www.ilheusnoticias.net.br\/v1\/wp-json\/wp\/v2\/posts\/11983\/revisions"}],"predecessor-version":[{"id":11984,"href":"https:\/\/www.ilheusnoticias.net.br\/v1\/wp-json\/wp\/v2\/posts\/11983\/revisions\/11984"}],"wp:attachment":[{"href":"https:\/\/www.ilheusnoticias.net.br\/v1\/wp-json\/wp\/v2\/media?parent=11983"}],"wp:term":[{"taxonomy":"category","embeddable":true,"href":"https:\/\/www.ilheusnoticias.net.br\/v1\/wp-json\/wp\/v2\/categories?post=11983"},{"taxonomy":"post_tag","embeddable":true,"href":"https:\/\/www.ilheusnoticias.net.br\/v1\/wp-json\/wp\/v2\/tags?post=11983"}],"curies":[{"name":"wp","href":"https:\/\/api.w.org\/{rel}","templated":true}]}}