{"id":11977,"date":"2018-01-19T06:47:37","date_gmt":"2018-01-19T09:47:37","guid":{"rendered":"http:\/\/www.ilheusnoticias.net.br\/v1\/?p=11977"},"modified":"2018-01-19T06:47:37","modified_gmt":"2018-01-19T09:47:37","slug":"ilheus-tem-novo-secretario-de-cultura-nome-certo-na-pasta-certa-parabens-marao","status":"publish","type":"post","link":"https:\/\/www.ilheusnoticias.net.br\/v1\/2018\/01\/19\/ilheus-tem-novo-secretario-de-cultura-nome-certo-na-pasta-certa-parabens-marao\/","title":{"rendered":"Ilh\u00e9us tem novo secret\u00e1rio de Cultura: Nome certo na pasta certa. Parab\u00e9ns Mar\u00e3o"},"content":{"rendered":"<p><img loading=\"lazy\" class=\"\" src=\"https:\/\/attachment.outlook.office.net\/owa\/laudiceacarvalho62@hotmail.com\/service.svc\/s\/GetAttachmentThumbnail?id=AQMkADAwATYwMAItY2MANTgtODQxNC0wMAItMDAKAEYAAANqOYr2uMN4Qoz6pFp%2FhFoeBwAsxvM0hWqyT6EfSeQ8%2BPgA8AAAAgEMAAAALMbzNIVqsk%2BhH0nkPPj4APAAAVgO5AwAAAABEgAQAArZzBTCEaZAhxNL%2FvWPmbo%3D&amp;thumbnailType=2&amp;X-OWA-CANARY=WqsAz4_jkUyQNSGlcScuv3AbomwhX9UY6b3bxT08ZESP1Ru3qMSwrWd94IJsYg3iFECqLTu6sdk.&amp;token=eyJ0eXAiOiJKV1QiLCJhbGciOiJSUzI1NiIsIng1dCI6ImVuaDlCSnJWUFU1aWpWMXFqWmpWLWZMMmJjbyJ9.eyJ2ZXIiOiJFeGNoYW5nZS5DYWxsYmFjay5WMSIsImFwcGN0eHNlbmRlciI6Ik93YURvd25sb2FkQDg0ZGY5ZTdmLWU5ZjYtNDBhZi1iNDM1LWFhYWFhYWFhYWFhYSIsImFwcGN0eCI6IntcIm1zZXhjaHByb3RcIjpcIm93YVwiLFwicHJpbWFyeXNpZFwiOlwiUy0xLTI4MjctMzkzMjE2LTM0MjgzNTMwNDRcIixcInB1aWRcIjpcIjE2ODg4NTMyODg2MTY5ODBcIixcIm9pZFwiOlwiMDAwNjAwMDAtY2M1OC04NDE0LTAwMDAtMDAwMDAwMDAwMDAwXCIsXCJzY29wZVwiOlwiT3dhRG93bmxvYWRcIn0iLCJpc3MiOiIwMDAwMDAwMi0wMDAwLTBmZjEtY2UwMC0wMDAwMDAwMDAwMDBAODRkZjllN2YtZTlmNi00MGFmLWI0MzUtYWFhYWFhYWFhYWFhIiwiYXVkIjoiMDAwMDAwMDItMDAwMC0wZmYxLWNlMDAtMDAwMDAwMDAwMDAwL2F0dGFjaG1lbnQub3V0bG9vay5vZmZpY2UubmV0QDg0ZGY5ZTdmLWU5ZjYtNDBhZi1iNDM1LWFhYWFhYWFhYWFhYSIsImV4cCI6MTUxNjM1NTY1NiwibmJmIjoxNTE2MzU1MDU2fQ.2Fv2FxQg0Y7p-PdW127lA2SuXFbLFHY5V3A1_yqkGuWzRJRbHuVx1J3cRhBHERPoSf5J8xP9B_dEznnotOwcT2PfVTVnXgKKgB8YHvAnMwLB5Z8aAAXOGu7NMqvp0r8EJN727rW-pirrYQBwYx9CJDgDrlNseVbiOfsI5QZqfE2awMPaFjB4Wc5iHSGYWt_GgZANKVFsrDY6g2CyqeVhvOomw5Ic6tJofF1PpPLCV55hrHADjRbylkWKV5YJ7nbAKRs4SYAs_jDqYB9H4IVSCafUlcg5tL7FaM1KOUMoy6i_e9_fwv-yfwEkuU-M5wCm3HewyozMpR-DNfr3Fq925Q&amp;owa=outlook.live.com&amp;isc=1\" alt=\"\" width=\"439\" height=\"311\" \/><\/p>\n<p class=\"x_MsoNormal\">O escritor, dramaturgo e servidor p\u00fablico Pawlo Cidade foi empossado, nesta quarta-feira, 17, no comando da secretaria municipal de Cultura de Ilh\u00e9us, por ato do prefeito M\u00e1rio Alexandre. A cerim\u00f4nia aconteceu no Teatro Municipal, prestigiado por autoridades civis e religiosas, al\u00e9m dos principais representantes do segmento cultural. Compareceram tamb\u00e9m o vice-prefeito e secret\u00e1rio de Planejamento e Desenvolvimento Sustent\u00e1vel, Jos\u00e9 Nazal Soub, o secret\u00e1rio de Turismo e Esportes, Roberto Lob\u00e3o, que ocupava a pasta da Cultura interinamente, o pr\u00f3-reitor de gradua\u00e7\u00e3o da UESC (Universidade Estadual de Santa Cruz), e o vereador Abr\u00e3ao Oliveira, representando a C\u00e2mara de Vereadores.<\/p>\n<p class=\"x_MsoNormal\"><!--more--><\/p>\n<p class=\"x_MsoNormal\">\n<p class=\"x_MsoNormal\">O prefeito destacou as qualidades do novo secret\u00e1rio e ressaltou sua capacidade de trabalho na luta em prol da cultura ilheense e, especialmente, pela identidade afro-baiana. M\u00e1rio Alexandre disse que \u00e9 preciso ter criatividade na gest\u00e3o de pol\u00edticas p\u00fablicas nesse momento de crise econ\u00f4mica que enfrentam os munic\u00edpios. \u201cO que estamos presenciando hoje \u00e9 tamb\u00e9m um ato de valoriza\u00e7\u00e3o do servidor municipal. Estamos em um momento que precisamos aprender a fazer mais com menos. E a participa\u00e7\u00e3o dos servidores tem sido fundamental para a comunidade\u201d, sublinhou o prefeito.<\/p>\n<p class=\"x_MsoNormal\">\n<p class=\"x_MsoNormal\"><b>Di\u00e1logo<\/b>\u00a0\u2013 Para a plateia lotada por atores, m\u00fasicos e agentes culturais, Pawlo Cidade, que tamb\u00e9m \u00e9 pedagogo e poeta, prometeu uma gest\u00e3o de di\u00e1logo e transpar\u00eancia. \u201cTemos condi\u00e7\u00f5es de estabelecer parcerias e, sobretudo, contar com a criatividade dos atores sociais, culturais, e juntar todas as classes art\u00edsticas e todas as linguagens, a fim de promover um fortalecimento da arte em nossa cidade\u201d, disse. E ressaltou. \u201cEssa cadeira pertence a voc\u00eas. Represento um segmento, mas, acima de tudo, este setor caminha atrav\u00e9s da transversalidade de poder construir um caminho com vistas na igualdade e no respeito\u201d.<\/p>\n<p class=\"x_MsoNormal\">\n<p class=\"x_MsoNormal\">Nascido em Ilh\u00e9uso novo secret\u00e1rio disse que pretende fazer uma gest\u00e3o para atender todas as categorias do segmento cultural, imbu\u00eddo da transversalidade, na possibilidade de instituir, na pr\u00e1tica do fazer arte, uma analogia entre aprender conhecimentos sobre a realidade e as quest\u00f5es da vida real.<\/p>\n<p class=\"x_MsoNormal\">\n<p class=\"x_MsoNormal\">\n<p class=\"x_MsoNormal\">A solenidade contou com as participa\u00e7\u00f5es art\u00edsticas do Grupo Afro e Bal\u00e9 Dilazenze, do Bloco Iorub\u00e1; da cantora ilheense Jack Barreto e do ator e poeta, Z\u00e9 Delmo.\u00a0 E foi prestigiada ainda pela presidente do Conselho Municipal de Cultura, Janete Lainha; o representante do F\u00f3rum de Agentes, Empreendedores e Gestores Culturais do Litoral Sul (FAEGSUL), Jos\u00e9 Carlos Neg\u00e3o, o vereador Pastor Matos, o Procurador Geral do Munic\u00edpio, M\u00e1rcio Cunha, al\u00e9m dos secret\u00e1rios de Comunica\u00e7\u00e3o, Alcides Kruschewsky; de Ind\u00fastria e Com\u00e9rcio, Paulo S\u00e9rgio; de Governo, Alisson Mendon\u00e7a; de Agricultura e Pesca, Valmir Freitas; de Educa\u00e7\u00e3o, Eliane Oliveira; o presidente do Conselho de Entidades Afroculturais, Ney Rodrigues; dos conselheiros de Cultura, Jackes Rodrigues, Junior C\u00e9sar Cotias, Djalma Fernandes e Eliane Fonseca; da Associa\u00e7\u00e3o dos Ministros Evang\u00e9licos de Ilh\u00e9us (AMEI), Pr. Roberto Cerqueira; da Academia Grapi\u00fana e Associa\u00e7\u00e3o Cultural Amigos do Teatro (ACAT), Eva Lima; do presidente da OAB, Marcos Fl\u00e1vio; do presidente do Instituto Hist\u00f3rico, Euzner Teles; do presidente da Academia de Letras de Ilh\u00e9us, Andr\u00e9 Rosa Ribeiro; do coordenador do Departamento de Letras e Artes da UESC (DLA); da diretora do Conselho Estadual de Cultura da Bahia, Isamar Oliveira; do Professor e historiador, Arleo Barbosa e do Cacique Ramon.<\/p>\n<p class=\"x_MsoNormal\">\n<p class=\"x_MsoNormal\">\n<p class=\"x_MsoNormal\">\n","protected":false},"excerpt":{"rendered":"<p>O escritor, dramaturgo e servidor p\u00fablico Pawlo Cidade foi empossado, nesta quarta-feira, 17, no comando da secretaria municipal de Cultura de Ilh\u00e9us, por ato do prefeito M\u00e1rio Alexandre. A cerim\u00f4nia aconteceu no Teatro Municipal, prestigiado por autoridades civis e religiosas, al\u00e9m dos principais representantes do segmento cultural. Compareceram tamb\u00e9m o vice-prefeito e secret\u00e1rio de Planejamento [&hellip;]<\/p>\n","protected":false},"author":2,"featured_media":0,"comment_status":"open","ping_status":"open","sticky":false,"template":"","format":"standard","meta":{"_links_to":"","_links_to_target":""},"categories":[7,9,8,1],"tags":[],"_links":{"self":[{"href":"https:\/\/www.ilheusnoticias.net.br\/v1\/wp-json\/wp\/v2\/posts\/11977"}],"collection":[{"href":"https:\/\/www.ilheusnoticias.net.br\/v1\/wp-json\/wp\/v2\/posts"}],"about":[{"href":"https:\/\/www.ilheusnoticias.net.br\/v1\/wp-json\/wp\/v2\/types\/post"}],"author":[{"embeddable":true,"href":"https:\/\/www.ilheusnoticias.net.br\/v1\/wp-json\/wp\/v2\/users\/2"}],"replies":[{"embeddable":true,"href":"https:\/\/www.ilheusnoticias.net.br\/v1\/wp-json\/wp\/v2\/comments?post=11977"}],"version-history":[{"count":1,"href":"https:\/\/www.ilheusnoticias.net.br\/v1\/wp-json\/wp\/v2\/posts\/11977\/revisions"}],"predecessor-version":[{"id":11978,"href":"https:\/\/www.ilheusnoticias.net.br\/v1\/wp-json\/wp\/v2\/posts\/11977\/revisions\/11978"}],"wp:attachment":[{"href":"https:\/\/www.ilheusnoticias.net.br\/v1\/wp-json\/wp\/v2\/media?parent=11977"}],"wp:term":[{"taxonomy":"category","embeddable":true,"href":"https:\/\/www.ilheusnoticias.net.br\/v1\/wp-json\/wp\/v2\/categories?post=11977"},{"taxonomy":"post_tag","embeddable":true,"href":"https:\/\/www.ilheusnoticias.net.br\/v1\/wp-json\/wp\/v2\/tags?post=11977"}],"curies":[{"name":"wp","href":"https:\/\/api.w.org\/{rel}","templated":true}]}}