{"id":11973,"date":"2018-01-19T06:43:00","date_gmt":"2018-01-19T09:43:00","guid":{"rendered":"http:\/\/www.ilheusnoticias.net.br\/v1\/?p=11973"},"modified":"2018-01-19T06:43:00","modified_gmt":"2018-01-19T09:43:00","slug":"governador-anuncia-nova-turma-para-o-programa-partiu-estagio","status":"publish","type":"post","link":"https:\/\/www.ilheusnoticias.net.br\/v1\/2018\/01\/19\/governador-anuncia-nova-turma-para-o-programa-partiu-estagio\/","title":{"rendered":"Governador anuncia nova turma para o Programa Partiu Est\u00e1gio"},"content":{"rendered":"<p><img loading=\"lazy\" class=\"\" src=\"https:\/\/attachment.outlook.office.net\/owa\/laudiceacarvalho62@hotmail.com\/service.svc\/s\/GetAttachmentThumbnail?id=AQMkADAwATYwMAItY2MANTgtODQxNC0wMAItMDAKAEYAAANqOYr2uMN4Qoz6pFp%2FhFoeBwAsxvM0hWqyT6EfSeQ8%2BPgA8AAAAgEMAAAALMbzNIVqsk%2BhH0nkPPj4APAAAVgO5BIAAAABEgAQAFKkSwngzQVFidaGRlQfmtg%3D&amp;thumbnailType=2&amp;X-OWA-CANARY=caI38GOuBE2LPxYT8EECqDAhesggX9UYg8qm3TPrI3DYoW-Gll-s9tD0EItHUWVVCLpoVw0nbWY.&amp;token=eyJ0eXAiOiJKV1QiLCJhbGciOiJSUzI1NiIsIng1dCI6ImVuaDlCSnJWUFU1aWpWMXFqWmpWLWZMMmJjbyJ9.eyJ2ZXIiOiJFeGNoYW5nZS5DYWxsYmFjay5WMSIsImFwcGN0eHNlbmRlciI6Ik93YURvd25sb2FkQDg0ZGY5ZTdmLWU5ZjYtNDBhZi1iNDM1LWFhYWFhYWFhYWFhYSIsImFwcGN0eCI6IntcIm1zZXhjaHByb3RcIjpcIm93YVwiLFwicHJpbWFyeXNpZFwiOlwiUy0xLTI4MjctMzkzMjE2LTM0MjgzNTMwNDRcIixcInB1aWRcIjpcIjE2ODg4NTMyODg2MTY5ODBcIixcIm9pZFwiOlwiMDAwNjAwMDAtY2M1OC04NDE0LTAwMDAtMDAwMDAwMDAwMDAwXCIsXCJzY29wZVwiOlwiT3dhRG93bmxvYWRcIn0iLCJpc3MiOiIwMDAwMDAwMi0wMDAwLTBmZjEtY2UwMC0wMDAwMDAwMDAwMDBAODRkZjllN2YtZTlmNi00MGFmLWI0MzUtYWFhYWFhYWFhYWFhIiwiYXVkIjoiMDAwMDAwMDItMDAwMC0wZmYxLWNlMDAtMDAwMDAwMDAwMDAwL2F0dGFjaG1lbnQub3V0bG9vay5vZmZpY2UubmV0QDg0ZGY5ZTdmLWU5ZjYtNDBhZi1iNDM1LWFhYWFhYWFhYWFhYSIsImV4cCI6MTUxNjM1NTM1NiwibmJmIjoxNTE2MzU0NzU2fQ.Fnlgsp6UqFYRTYLhenJNnbgdXUHmp9Rr2Vh_VE9HaMa2xfJCxAVUuWfi46RnmOJkejDp3p0ozrxe7TI39YqbQrzwCGsV_b1uyvn6QBxBSgcHu57oV3Bs8ohCD8Wpn1DQWP50zU_TLFiQIs7VaY3NsPtg3CG0_yzj_3AbhJzBmX2nLfQdDXWDnppQWi7mWZ9G5ip9IYCCNcLd8sYMdaewuFg6nQLU7BoT8giZ7VM9kqPukUAkvOWkK573gNJVhkWixUXy4cYDiH9FzsFOHaatbHgQXgxKNoY8YW4a4OWgfhHz-XO5cHpE0GYYNMVt2rFiW0zbXDDWGI8CBZSgmp0ZVg&amp;owa=outlook.live.com&amp;isc=1\" alt=\"\" width=\"571\" height=\"380\" \/><\/p>\n<div align=\"center\"><\/div>\n<p>Ser\u00e1 publicada nesta quinta-feira (18), a partir das 14h, no site da Secretaria da Administra\u00e7\u00e3o do Estado (<a id=\"LPlnk736484\" class=\"x_OWAAutoLink\" href=\"http:\/\/www.saeb.ba.gov.br\/\" target=\"_blank\" rel=\"noopener noreferrer\">www.saeb.ba.gov.br<\/a>), mais uma convoca\u00e7\u00e3o para universit\u00e1rios inscritos no Programa Partiu Est\u00e1gio. O an\u00fancio foi feito pelo governador Rui Costa durante o #PapoCorreria, transmitido ao vivo pelas redes sociais (<a id=\"LPlnk11293\" class=\"x_OWAAutoLink\" href=\"http:\/\/goo.gl\/ZwJXQX\" target=\"_blank\" rel=\"noopener noreferrer\">goo.gl\/ZwJXQX<\/a>).<\/p>\n<p>&#8220;A sele\u00e7\u00e3o foi feita com base nas inscri\u00e7\u00f5es j\u00e1 realizadas pela internet&#8221;, afirmou Rui. A lista contar\u00e1 com 305 estudantes, que dever\u00e3o se apresentar ao \u00f3rg\u00e3o ou entidade em que ir\u00e3o estagiar em at\u00e9 dez dias \u00fateis: o prazo para apresenta\u00e7\u00e3o termina no dia 31 de janeiro. O governador acrescentou que &#8220;em breve, vamos publicar e abrir novas inscri\u00e7\u00f5es para 2018. As novas vagas ser\u00e3o anunciadas nos pr\u00f3ximos programas do #PapoCorreria\u201d.<\/p>\n<p><!--more--><\/p>\n<p>Os 305 estudantes convocados ser\u00e3o comunicados por e-mail, o mesmo cadastrado no ato da inscri\u00e7\u00e3o. O prazo para comparecimento no local de est\u00e1gio se inicia no dia do recebimento deste e-mail. Desde o lan\u00e7amento do programa, em abril do ano passado, j\u00e1 foram lan\u00e7ados dois editais e contratados 4.399 jovens para cumprirem est\u00e1gio no servi\u00e7o p\u00fablico.<\/p>\n<p>Para assegurar o est\u00e1gio no Governo do Estado, \u00e9 necess\u00e1rio que o universit\u00e1rio apresente toda a documenta\u00e7\u00e3o exigida, dentro do prazo estipulado. De acordo com o edital do programa, aquele que n\u00e3o apresentar os documentos ou n\u00e3o comparecer ao \u00f3rg\u00e3o ou entidade, perder\u00e1 a vaga de est\u00e1gio. O contrato dos jovens selecionados tem dura\u00e7\u00e3o de um ano, sem possibilidade de prorroga\u00e7\u00e3o.<\/p>\n<p>As atividades que ser\u00e3o desenvolvidas estar\u00e3o previstas no Plano de Est\u00e1gio, documento que ser\u00e1 assinado pelo estudante, pela institui\u00e7\u00e3o de ensino superior e pelo \u00f3rg\u00e3o contratante no ato da contrata\u00e7\u00e3o, juntamente com o Termo de Compromisso de Est\u00e1gio. A carga hor\u00e1ria de atividade \u00e9 de 4 horas di\u00e1rias e 20 horas semanais. Durante a vig\u00eancia do est\u00e1gio, o estudante ter\u00e1 direito a bolsa mensal, aux\u00edlio-transporte e recesso remunerado proporcional.<\/p>\n<p><b>N\u00fameros\u00a0<\/b><\/p>\n<p>Mais de 43,5 mil universit\u00e1rios se candidataram aos dois editais lan\u00e7ados pelo Partiu Est\u00e1gio em 2017. O primeiro, publicado em abril, alcan\u00e7ou 20.108 inscritos e o segundo, veiculado em agosto, registrou 23.405 interessados. No primeiro edital, foram realizadas 1.947 contrata\u00e7\u00f5es, divididas em quatro convoca\u00e7\u00f5es. At\u00e9 o momento, o segundo edital j\u00e1 contratou 2.452 estagi\u00e1rios, distribu\u00eddos entre tr\u00eas convoca\u00e7\u00f5es. O chamamento desta quinta-feira (18) \u00e9 o quarto.<\/p>\n<p>Gerido pela Saeb, o programa \u00e9 uma iniciativa da administra\u00e7\u00e3o estadual baiana que garante acesso a oportunidades de forma\u00e7\u00e3o em sua \u00e1rea de gradua\u00e7\u00e3o a jovens universit\u00e1rios que ainda n\u00e3o conseguiram se inserir no mercado de trabalho. \u00c9 priorit\u00e1rio para estudantes inscritos no Cad\u00danico e para aqueles que tenham estudado todo o ensino m\u00e9dio em escola p\u00fablica ou com bolsa integral na rede privada.<\/p>\n<p>Podem participar universit\u00e1rios regularmente matriculados em cursos presenciais de institui\u00e7\u00f5es estaduais, federais e privadas com sede na Bahia. \u00c9 necess\u00e1rio ainda que o universit\u00e1rio tenha idade m\u00ednima de 16 anos e que tenha cumprido pelo menos 50% do seu curso de forma\u00e7\u00e3o.<\/p>\n<p><b>Confira abaixo a lista com todos os documentos necess\u00e1rios para o est\u00e1gio:<\/b><\/p>\n<p>&#8211; Comprovante de resid\u00eancia<br \/>\n&#8211; Original e c\u00f3pia da Carteira de Identidade<br \/>\n&#8211; Original e c\u00f3pia do Cadastro de Pessoa F\u00edsica \u2013 CPF<br \/>\n&#8211; Original e c\u00f3pia de carteira de identidade do representante legal ou do termo de guarda expedida por autoridade judicial, se for o caso<br \/>\n&#8211; Declara\u00e7\u00e3o da institui\u00e7\u00e3o de ensino informando o semestre letivo, o turno de estudo, o curso de forma\u00e7\u00e3o e sua natureza presencial e a conclus\u00e3o de, no m\u00ednimo, 50% do curso<br \/>\n&#8211; Comprovante de matr\u00edcula e frequ\u00eancia na institui\u00e7\u00e3o de ensino<br \/>\n&#8211; Declara\u00e7\u00e3o pr\u00f3pria de que n\u00e3o exerce atividade remunerada em \u00f3rg\u00e3o p\u00fablico<br \/>\n&#8211; Original e c\u00f3pia do t\u00edtulo de eleitor, se for o caso<br \/>\n&#8211; Original e c\u00f3pia do certificado de reservista, se for o caso<br \/>\n&#8211; Carteira de Trabalho e Previd\u00eancia Social \u2013 CTPS<br \/>\n&#8211; Comprova\u00e7\u00e3o de inscri\u00e7\u00e3o no Cad\u00danico, se for o caso<br \/>\n&#8211; Hist\u00f3rico escolar do Ensino M\u00e9dio<br \/>\n&#8211; Declara\u00e7\u00e3o da escola em que cursou o ensino m\u00e9dio, como bolsista integral, se for o caso<br \/>\n&#8211; E-mail convocat\u00f3rio emitido pelo sistema<\/p>\n","protected":false},"excerpt":{"rendered":"<p>Ser\u00e1 publicada nesta quinta-feira (18), a partir das 14h, no site da Secretaria da Administra\u00e7\u00e3o do Estado (www.saeb.ba.gov.br), mais uma convoca\u00e7\u00e3o para universit\u00e1rios inscritos no Programa Partiu Est\u00e1gio. O an\u00fancio foi feito pelo governador Rui Costa durante o #PapoCorreria, transmitido ao vivo pelas redes sociais (goo.gl\/ZwJXQX). &#8220;A sele\u00e7\u00e3o foi feita com base nas inscri\u00e7\u00f5es j\u00e1 [&hellip;]<\/p>\n","protected":false},"author":2,"featured_media":0,"comment_status":"open","ping_status":"open","sticky":false,"template":"","format":"standard","meta":{"_links_to":"","_links_to_target":""},"categories":[7,9,8,1],"tags":[],"_links":{"self":[{"href":"https:\/\/www.ilheusnoticias.net.br\/v1\/wp-json\/wp\/v2\/posts\/11973"}],"collection":[{"href":"https:\/\/www.ilheusnoticias.net.br\/v1\/wp-json\/wp\/v2\/posts"}],"about":[{"href":"https:\/\/www.ilheusnoticias.net.br\/v1\/wp-json\/wp\/v2\/types\/post"}],"author":[{"embeddable":true,"href":"https:\/\/www.ilheusnoticias.net.br\/v1\/wp-json\/wp\/v2\/users\/2"}],"replies":[{"embeddable":true,"href":"https:\/\/www.ilheusnoticias.net.br\/v1\/wp-json\/wp\/v2\/comments?post=11973"}],"version-history":[{"count":1,"href":"https:\/\/www.ilheusnoticias.net.br\/v1\/wp-json\/wp\/v2\/posts\/11973\/revisions"}],"predecessor-version":[{"id":11974,"href":"https:\/\/www.ilheusnoticias.net.br\/v1\/wp-json\/wp\/v2\/posts\/11973\/revisions\/11974"}],"wp:attachment":[{"href":"https:\/\/www.ilheusnoticias.net.br\/v1\/wp-json\/wp\/v2\/media?parent=11973"}],"wp:term":[{"taxonomy":"category","embeddable":true,"href":"https:\/\/www.ilheusnoticias.net.br\/v1\/wp-json\/wp\/v2\/categories?post=11973"},{"taxonomy":"post_tag","embeddable":true,"href":"https:\/\/www.ilheusnoticias.net.br\/v1\/wp-json\/wp\/v2\/tags?post=11973"}],"curies":[{"name":"wp","href":"https:\/\/api.w.org\/{rel}","templated":true}]}}