{"id":11968,"date":"2018-01-19T06:38:48","date_gmt":"2018-01-19T09:38:48","guid":{"rendered":"http:\/\/www.ilheusnoticias.net.br\/v1\/?p=11968"},"modified":"2018-01-19T06:38:48","modified_gmt":"2018-01-19T09:38:48","slug":"governador-e-homenageado-em-missa-na-igreja-do-senhor-do-bonfim","status":"publish","type":"post","link":"https:\/\/www.ilheusnoticias.net.br\/v1\/2018\/01\/19\/governador-e-homenageado-em-missa-na-igreja-do-senhor-do-bonfim\/","title":{"rendered":"Governador \u00e9 homenageado em missa na Igreja do Senhor do Bonfim"},"content":{"rendered":"<div align=\"center\"><a href=\"http:\/\/www.ilheusnoticias.net.br\/v1\/wp-content\/uploads\/2018\/01\/gov-familia.jpeg\" rel=\"attachment wp-att-11969\"><img loading=\"lazy\" class=\"aligncenter  wp-image-11969\" src=\"http:\/\/www.ilheusnoticias.net.br\/v1\/wp-content\/uploads\/2018\/01\/gov-familia.jpeg\" alt=\"gov familia\" width=\"543\" height=\"362\" srcset=\"https:\/\/www.ilheusnoticias.net.br\/v1\/wp-content\/uploads\/2018\/01\/gov-familia.jpeg 1026w, https:\/\/www.ilheusnoticias.net.br\/v1\/wp-content\/uploads\/2018\/01\/gov-familia-300x200.jpeg 300w, https:\/\/www.ilheusnoticias.net.br\/v1\/wp-content\/uploads\/2018\/01\/gov-familia-1024x683.jpeg 1024w\" sizes=\"(max-width: 543px) 100vw, 543px\" \/><\/a><\/div>\n<p>Na data em que comemora 55 anos, o governador Rui Costa foi homenageado com uma missa em a\u00e7\u00e3o de gra\u00e7as, na tarde desta quinta-feira (18). A celebra\u00e7\u00e3o aconteceu na tradicional Bas\u00edlica Santu\u00e1rio do Senhor do Bonfim, em Salvador.<\/p>\n<p>Acompanhado pela primeira-dama, Aline Peixoto, e pelos filhos, Rui comentou sobre a emo\u00e7\u00e3o de participar de uma missa especial em um templo t\u00e3o simb\u00f3lico. &#8220;Nasci na Cidade Baixa, no bairro da Liberdade, e sempre tive a vida aqui. Tenho uma f\u00e9 muito grande em Deus e no Senhor do Bonfim. Pe\u00e7o ajuda para seguir com coragem, sa\u00fade e for\u00e7a, para que o nosso trabalho permita que a Bahia continue a servir de refer\u00eancia para todo o Brasil&#8221;, afirmou.<\/p>\n<p>A missa foi conduzida pelo padre Edson Menezes, reitor da Bas\u00edlica do Senhor do Bonfim. &#8220;Agradecemos a Deus o dom da vida do nosso governador Rui Costa. \u00c9 um costume do baiano subir a ladeira da Colina Sagrada, na data do anivers\u00e1rio, para agradecer, e \u00e9 isso que ele veio fazer aqui&#8221;, destacou o padre. Secret\u00e1rios estaduais e outras autoridades tamb\u00e9m estiveram presentes.<\/p>\n","protected":false},"excerpt":{"rendered":"<p>Na data em que comemora 55 anos, o governador Rui Costa foi homenageado com uma missa em a\u00e7\u00e3o de gra\u00e7as, na tarde desta quinta-feira (18). A celebra\u00e7\u00e3o aconteceu na tradicional Bas\u00edlica Santu\u00e1rio do Senhor do Bonfim, em Salvador. Acompanhado pela primeira-dama, Aline Peixoto, e pelos filhos, Rui comentou sobre a emo\u00e7\u00e3o de participar de uma [&hellip;]<\/p>\n","protected":false},"author":2,"featured_media":0,"comment_status":"open","ping_status":"open","sticky":false,"template":"","format":"standard","meta":{"_links_to":"","_links_to_target":""},"categories":[7,9,8,1],"tags":[],"_links":{"self":[{"href":"https:\/\/www.ilheusnoticias.net.br\/v1\/wp-json\/wp\/v2\/posts\/11968"}],"collection":[{"href":"https:\/\/www.ilheusnoticias.net.br\/v1\/wp-json\/wp\/v2\/posts"}],"about":[{"href":"https:\/\/www.ilheusnoticias.net.br\/v1\/wp-json\/wp\/v2\/types\/post"}],"author":[{"embeddable":true,"href":"https:\/\/www.ilheusnoticias.net.br\/v1\/wp-json\/wp\/v2\/users\/2"}],"replies":[{"embeddable":true,"href":"https:\/\/www.ilheusnoticias.net.br\/v1\/wp-json\/wp\/v2\/comments?post=11968"}],"version-history":[{"count":1,"href":"https:\/\/www.ilheusnoticias.net.br\/v1\/wp-json\/wp\/v2\/posts\/11968\/revisions"}],"predecessor-version":[{"id":11970,"href":"https:\/\/www.ilheusnoticias.net.br\/v1\/wp-json\/wp\/v2\/posts\/11968\/revisions\/11970"}],"wp:attachment":[{"href":"https:\/\/www.ilheusnoticias.net.br\/v1\/wp-json\/wp\/v2\/media?parent=11968"}],"wp:term":[{"taxonomy":"category","embeddable":true,"href":"https:\/\/www.ilheusnoticias.net.br\/v1\/wp-json\/wp\/v2\/categories?post=11968"},{"taxonomy":"post_tag","embeddable":true,"href":"https:\/\/www.ilheusnoticias.net.br\/v1\/wp-json\/wp\/v2\/tags?post=11968"}],"curies":[{"name":"wp","href":"https:\/\/api.w.org\/{rel}","templated":true}]}}