{"id":11961,"date":"2018-01-18T10:33:56","date_gmt":"2018-01-18T13:33:56","guid":{"rendered":"http:\/\/www.ilheusnoticias.net.br\/v1\/?p=11961"},"modified":"2018-01-18T10:33:56","modified_gmt":"2018-01-18T13:33:56","slug":"pelo-2o-ano-seguido-taxistas-de-salvador-recusam-aumentar-tarifa-por-conta-da-concorrencia-com-aplicativos","status":"publish","type":"post","link":"https:\/\/www.ilheusnoticias.net.br\/v1\/2018\/01\/18\/pelo-2o-ano-seguido-taxistas-de-salvador-recusam-aumentar-tarifa-por-conta-da-concorrencia-com-aplicativos\/","title":{"rendered":"Pelo 2\u00ba ano seguido, taxistas de Salvador recusam aumentar tarifa por conta da concorr\u00eancia com aplicativos"},"content":{"rendered":"<div class=\"row content-head\"><\/div>\n<div class=\"row content-share-bar\">\n<div class=\"column medium-centered medium-22 large-20 content-share-bar__container\">\n<div id=\"share-bar\" class=\"share-bar share-bar-container share-theme-minimal share-bar-container share-theme-minimal\" data-url=\"https:\/\/g1.globo.com\/ba\/bahia\/noticia\/pelo-2-ano-seguido-taxistas-de-salvador-recusam-aumentar-tarifa-por-conta-da-concorrencia-com-aplicativos.ghtml\" data-title=\"Pelo 2\u00ba ano seguido, taxistas de Salvador recusam aumentar tarifa por conta da concorr\u00eancia com aplicativos\" data-image-url=\"https:\/\/s2.glbimg.com\/nB3we-EH9yFTU8PIXoyEKTwQA7E=\/1200x\/smart\/filters:cover():strip_icc()\/s02.video.glbimg.com\/x720\/6429009.jpg\"><\/div>\n<\/div>\n<\/div>\n<div class=\"mc-article-body\">\n<article>\n<div class=\"mc-column content-media content-media--normal content-video\" data-block-type=\"backstage-video\" data-block-id=\"0\">\n<div class=\"content-media__container content-media__container--loaded\">\n<div class=\"content-video__placeholder\" data-video-id=\"6429009\"><img loading=\"lazy\" class=\"content-video__placeholder__thumb\" title=\"Ap\u00f3s enquete, taxistas de Salvador decidem n\u00e3o aumentar tarifa do servi\u00e7o este ano\" src=\"https:\/\/s02.video.glbimg.com\/x720\/6429009.jpg\" alt=\"Ap\u00f3s enquete, taxistas de Salvador decidem n\u00e3o aumentar tarifa do servi\u00e7o este ano\" width=\"414\" height=\"233\" \/><\/div>\n<\/div>\n<div class=\"content-media__description-centered\">\n<p class=\"content-media__description\"><span class=\"content-media__description__caption\">Ap\u00f3s enquete, taxistas de Salvador decidem n\u00e3o aumentar tarifa do servi\u00e7o este ano<\/span><\/p>\n<div class=\"mc-column content-text active-extra-styles active-capital-letter\" data-block-type=\"unstyled\" data-block-weight=\"21\" data-block-id=\"2\">\n<p class=\"content-text__container theme-color-primary-first-letter\" data-track-category=\"Link no Texto\" data-track-links=\"\">elo segundo ano seguido, os taxistas de Salvador recusaram aumentar o valor da tarifa, cujo reajuste ocorre todo m\u00eas de janeiro.<\/p>\n<\/div>\n<div class=\"mc-column content-text active-extra-styles \" data-block-type=\"unstyled\" data-block-weight=\"38\" data-block-id=\"3\">\n<p class=\"content-text__container \" data-track-category=\"Link no Texto\" data-track-links=\"\">A decis\u00e3o, que foi tomada ap\u00f3s enquete da Associa\u00e7\u00e3o Geral dos Taxistas, \u00e9 por causa da concorr\u00eancia com aplicativos de transporte particular, como o Uber e o 99 Pop, que geralmente cobram pre\u00e7os mais em conta pelas corridas.<\/p>\n<\/div>\n<\/div>\n<\/div>\n<\/article>\n<\/div>\n<p class=\"content-text__container \" data-track-category=\"Link no Texto\" data-track-links=\"\"><!--more--><\/p>\n<div class=\"mc-article-body\">\n<article>\n<div class=\"mc-column content-media content-media--normal content-video\" data-block-type=\"backstage-video\" data-block-id=\"0\">\n<div class=\"content-media__description-centered\">\n<div class=\"mc-column content-text active-extra-styles \" data-block-type=\"unstyled\" data-block-weight=\"32\" data-block-id=\"4\">\n<p class=\"content-text__container \" data-track-category=\"Link no Texto\" data-track-links=\"\">Ao todo, 1.492 foram contra o reajuste, enquanto 931 a favor. A maioria dos condutores temem que o aumento da tarifa pudesse resultar em perda ainda maior dos clientes para os concorrentes.<\/p>\n<\/div>\n<div class=\"mc-column content-media content-media--normal  content-photo\" data-block-type=\"backstage-photo\" data-block-id=\"5\">\n<div class=\"content-media__container\">\n<div class=\"content-media__image-centered\">\n<div class=\"progressive-img can-open-lightbox\" data-min-size=\"1008x631\" data-min-size-url=\"https:\/\/s2.glbimg.com\/JRpnUzyAS1GjY6BfUdvZfZzKxss=\/0x0:1700x1065\/1008x0\/smart\/filters:strip_icc()\/s.glbimg.com\/jo\/g1\/f\/original\/2015\/07\/06\/taxistas-protesto_joa_souza_estadao_conteudo_aat20150706005.jpg\" data-max-size=\"1600x1002\" data-max-size-url=\"https:\/\/s2.glbimg.com\/t8XrgNbjQWuvOR9CEtxu90O38do=\/0x0:1700x1065\/1600x0\/smart\/filters:strip_icc()\/s.glbimg.com\/jo\/g1\/f\/original\/2015\/07\/06\/taxistas-protesto_joa_souza_estadao_conteudo_aat20150706005.jpg\" data-media-index=\"0\"><img class=\"progressive-draft\" title=\"Taxistas de Salvador recusaram aumentar tarifa pelo segundo ano consecutivo. (Foto: Jo\u00e1 Souza\/Ag\u00eancia O Dia\/Estad\u00e3o Conte\u00fado)\" src=\"data:image\/jpeg;base64,\/9j\/4AAQSkZJRgABAQAAAQABAAD\/2wBDAAMCAgMCAgMDAwMEAwMEBQgFBQQEBQoHBwYIDAoMDAsKCwsNDhIQDQ4RDgsLEBYQERMUFRUVDA8XGBYUGBIUFRT\/2wBDAQMEBAUEBQkFBQkUDQsNFBQUFBQUFBQUFBQUFBQUFBQUFBQUFBQUFBQUFBQUFBQUFBQUFBQUFBQUFBQUFBQUFBT\/wgARCAAQABkDASIAAhEBAxEB\/8QAGAAAAwEBAAAAAAAAAAAAAAAAAwYHBAX\/xAAVAQEBAAAAAAAAAAAAAAAAAAADAf\/aAAwDAQACEAMQAAABwCc+cdEnWKWKf\/\/EABwQAAICAwEBAAAAAAAAAAAAAAMEAgUAARQGFv\/aAAgBAQABBQJEJtDHWFYFaAislwCzrmHLV24dHH21XNP6Xef\/xAAWEQEBAQAAAAAAAAAAAAAAAAABABH\/2gAIAQMBAT8BRkdv\/8QAGBEBAAMBAAAAAAAAAAAAAAAAAQACA0H\/2gAIAQIBAT8BCsK59J\/\/xAAqEAABAwMBBQkBAAAAAAAAAAABAgMRAAQSISIxNWGSBRQVQUJUkdPj8P\/aAAgBAQAGPwIIEpUB1f3Opeaeu2x7RvLaiCCat2fCbh30yzpu85CTXCO1uv8AOilm3t8gYKniTMcqxV3VKA6h0YjLQbxrV0l27Fg+qcUq2FgEaVx975H2V\/\/EABwQAAICAgMAAAAAAAAAAAAAAAERITEAURBBYf\/aAAgBAQABPyE4SWi7hwDMtPTH2UU0aBKAerwaTWZ6eEC644DFVY\/USl61hAA\/Dng4oGBesG5AHggY7DPGr\/\/aAAwDAQACAAMAAAAQ4R\/\/xAAXEQEBAQEAAAAAAAAAAAAAAAABABEx\/9oACAEDAQE\/EHucm6G\/\/8QAFxEBAQEBAAAAAAAAAAAAAAAAAREAIf\/aAAgBAgEBPxBkWuR0bv\/EABwQAQEBAQACAwAAAAAAAAAAAAERIQAQUTFB8f\/aAAgBAQABPxAlqER3L3gOFqHwcRTaVc0gBJTX1I8CB3Dmh0UqNtW5e\/P9fj\/QEFGFFWtGs5frB2UdOMFFEw8HUE\/T1LBqRIoN8Mv\/2Q==\" alt=\"Taxistas de Salvador recusaram aumentar tarifa pelo segundo ano consecutivo. (Foto: Jo\u00e1 Souza\/Ag\u00eancia O Dia\/Estad\u00e3o Conte\u00fado)\" \/><picture><img class=\"image content-media__image progressive-loaded\" title=\"Taxistas de Salvador recusaram aumentar tarifa pelo segundo ano consecutivo. (Foto: Jo\u00e1 Souza\/Ag\u00eancia O Dia\/Estad\u00e3o Conte\u00fado)\" src=\"https:\/\/s2.glbimg.com\/hXPpVA_19jij5brw7pjWE_5lX7g=\/0x0:1700x1065\/984x0\/smart\/filters:strip_icc()\/s.glbimg.com\/jo\/g1\/f\/original\/2015\/07\/06\/taxistas-protesto_joa_souza_estadao_conteudo_aat20150706005.jpg\" alt=\"Taxistas de Salvador recusaram aumentar tarifa pelo segundo ano consecutivo. (Foto: Jo\u00e1 Souza\/Ag\u00eancia O Dia\/Estad\u00e3o Conte\u00fado)\" data-src=\"https:\/\/s2.glbimg.com\/hXPpVA_19jij5brw7pjWE_5lX7g=\/0x0:1700x1065\/984x0\/smart\/filters:strip_icc()\/s.glbimg.com\/jo\/g1\/f\/original\/2015\/07\/06\/taxistas-protesto_joa_souza_estadao_conteudo_aat20150706005.jpg\" \/><\/picture><\/div>\n<\/div>\n<div class=\"content-media__description-centered \">\n<p class=\"content-media__description\"><span class=\"content-media__description__caption\">Taxistas de Salvador recusaram aumentar tarifa pelo segundo ano consecutivo. (Foto: Jo\u00e1 Souza\/Ag\u00eancia O Dia\/Estad\u00e3o Conte\u00fado)<\/span><\/p>\n<\/div>\n<\/div>\n<\/div>\n<div class=\"mc-column content-text active-extra-styles \" data-block-type=\"unstyled\" data-block-weight=\"40\" data-block-id=\"6\">\n<p class=\"content-text__container \" data-track-category=\"Link no Texto\" data-track-links=\"\">Ao todo, 7.200 taxistas rodam em Salvador. Ap\u00f3s a decis\u00e3o, eles informaram que comunicariam \u00e0 Secretaria de Mobilidade Urbana (Semob) que est\u00e3o dispensando o reajuste, que \u00e9 com base na varia\u00e7\u00e3o do \u00cdndice Nacional de Pre\u00e7os ao Consumidor Amplo (IPCA).<\/p>\n<\/div>\n<div class=\"mc-column content-text active-extra-styles \" data-block-type=\"unstyled\" data-block-weight=\"14\" data-block-id=\"7\">\n<p class=\"content-text__container \" data-track-category=\"Link no Texto\" data-track-links=\"\">Em<a href=\"http:\/\/g1.globo.com\/bahia\/noticia\/2017\/01\/para-nao-perder-clientes-taxistas-de-salvador-recusam-reajuste-de-tarifa.html\">\u00a0janeiro de 2017, o reajuste seria de 7%, mas os taxistas tamb\u00e9m recusaram<\/a>.<\/p>\n<\/div>\n<div class=\"mc-column content-text active-extra-styles \" data-block-type=\"unstyled\" data-block-weight=\"61\" data-block-id=\"8\">\n<p class=\"content-text__container \" data-track-category=\"Link no Texto\" data-track-links=\"\">O\u00a0<a href=\"http:\/\/g1.globo.com\/bahia\/transito\/noticia\/2016\/01\/tarifa-dos-taxis-de-salvador-aumenta-partir-de-1048-nesta-terca-feira-12.html\">\u00faltimo aumento na tarifa de t\u00e1xis ocorreu no in\u00edcio de 2016, quando foi aprovado aumento de 10,48%<\/a>. Na ocasi\u00e3o, a bandeirada passou de R$ 4,35 para os atuais R$ 4,81. A bandeira 1 subiu para R$ 2,42 por km rodado, e a bandeira 2 para R$ 3,38 por km rodado. O valor para hora parada passou a custar R$ 24,12.<\/p>\n<\/div>\n<\/div>\n<\/div>\n<\/article>\n<\/div>\n<p class=\"content-media__description\">\n<p class=\"content-media__description\">\n<p class=\"content-media__description\">\n<p class=\"content-media__description\">\n","protected":false},"excerpt":{"rendered":"<p>Ap\u00f3s enquete, taxistas de Salvador decidem n\u00e3o aumentar tarifa do servi\u00e7o este ano elo segundo ano seguido, os taxistas de Salvador recusaram aumentar o valor da tarifa, cujo reajuste ocorre todo m\u00eas de janeiro. A decis\u00e3o, que foi tomada ap\u00f3s enquete da Associa\u00e7\u00e3o Geral dos Taxistas, \u00e9 por causa da concorr\u00eancia com aplicativos de transporte [&hellip;]<\/p>\n","protected":false},"author":2,"featured_media":0,"comment_status":"open","ping_status":"open","sticky":false,"template":"","format":"standard","meta":{"_links_to":"","_links_to_target":""},"categories":[7,9,8,1],"tags":[],"_links":{"self":[{"href":"https:\/\/www.ilheusnoticias.net.br\/v1\/wp-json\/wp\/v2\/posts\/11961"}],"collection":[{"href":"https:\/\/www.ilheusnoticias.net.br\/v1\/wp-json\/wp\/v2\/posts"}],"about":[{"href":"https:\/\/www.ilheusnoticias.net.br\/v1\/wp-json\/wp\/v2\/types\/post"}],"author":[{"embeddable":true,"href":"https:\/\/www.ilheusnoticias.net.br\/v1\/wp-json\/wp\/v2\/users\/2"}],"replies":[{"embeddable":true,"href":"https:\/\/www.ilheusnoticias.net.br\/v1\/wp-json\/wp\/v2\/comments?post=11961"}],"version-history":[{"count":1,"href":"https:\/\/www.ilheusnoticias.net.br\/v1\/wp-json\/wp\/v2\/posts\/11961\/revisions"}],"predecessor-version":[{"id":11962,"href":"https:\/\/www.ilheusnoticias.net.br\/v1\/wp-json\/wp\/v2\/posts\/11961\/revisions\/11962"}],"wp:attachment":[{"href":"https:\/\/www.ilheusnoticias.net.br\/v1\/wp-json\/wp\/v2\/media?parent=11961"}],"wp:term":[{"taxonomy":"category","embeddable":true,"href":"https:\/\/www.ilheusnoticias.net.br\/v1\/wp-json\/wp\/v2\/categories?post=11961"},{"taxonomy":"post_tag","embeddable":true,"href":"https:\/\/www.ilheusnoticias.net.br\/v1\/wp-json\/wp\/v2\/tags?post=11961"}],"curies":[{"name":"wp","href":"https:\/\/api.w.org\/{rel}","templated":true}]}}