{"id":11957,"date":"2018-01-18T10:21:27","date_gmt":"2018-01-18T13:21:27","guid":{"rendered":"http:\/\/www.ilheusnoticias.net.br\/v1\/?p=11957"},"modified":"2018-01-18T10:21:27","modified_gmt":"2018-01-18T13:21:27","slug":"portaria-que-reajusta-aposentadorias-acima-do-minimo-sai-no-diario-oficial","status":"publish","type":"post","link":"https:\/\/www.ilheusnoticias.net.br\/v1\/2018\/01\/18\/portaria-que-reajusta-aposentadorias-acima-do-minimo-sai-no-diario-oficial\/","title":{"rendered":"Portaria que reajusta aposentadorias acima do m\u00ednimo sai no Di\u00e1rio Oficial"},"content":{"rendered":"<div id=\"content-header\">\n<h1 class=\"title\"><\/h1>\n<\/div>\n<div id=\"content-area\">\n<div class=\"region region-content\">\n<div id=\"block-system-main\" class=\"block block-system block-odd clearfix\">\n<div class=\"content\">\n<article id=\"node-1105008\" class=\"node node-noticia node-odd\">\n<header>\n<div class=\"node-info\"><strong>Paulo Laboissi\u00e8re &#8211; Rep\u00f3rter da Ag\u00eancia Brasil<\/strong><\/div>\n<\/header>\n<div class=\"content\">\n<p>A partir de 1\u00ba de janeiro de 2018, segurados da Previd\u00eancia que recebem acima do sal\u00e1rio m\u00ednimo passam a ter o benef\u00edcio reajustado em 2,07%, conforme portaria do Minist\u00e9rio da Fazenda publicada nessa quarta-feira (17) no\u00a0<a href=\"http:\/\/pesquisa.in.gov.br\/imprensa\/jsp\/visualiza\/index.jsp?data=17\/01\/2018&amp;jornal=515&amp;pagina=28&amp;totalArquivos=168\" target=\"_blank\"><em>Di\u00e1rio Oficial da Uni\u00e3o<\/em><\/a>. O teto previdenci\u00e1rio passa a ser R$ 5.645,80.<\/p>\n<p>O texto tamb\u00e9m estabelece novas faixas de contribui\u00e7\u00e3o do Instituto Nacional do Seguro Social (INSS) de trabalhadores empregados, dom\u00e9sticos e avulsos. S\u00e3o elas: 8% para os que ganham at\u00e9 R$ 1.693,72; 9% para quem ganha entre R$ 1.693,73 e R$ 2.822,90; e 11% para os que ganham entre R$ 2.822,91 e R$ 5.645,80. As al\u00edquotas \u2013 relativas aos sal\u00e1rios pagos em janeiro \u2013 devem ser recolhidas apenas em fevereiro.<\/p>\n<p>O valor m\u00ednimo dos benef\u00edcios pagos pelo INSS \u2013 aposentadoria, aux\u00edlio-doen\u00e7a, pens\u00e3o por morte \u2013, das aposentadorias dos aeronautas e das pens\u00f5es especiais pagas \u00e0s v\u00edtimas da s\u00edndrome da talidomida ser\u00e1 de R$ 954.<\/p>\n<p>Tamb\u00e9m ter\u00e3o o valor de R$ 954 os benef\u00edcios da Lei Org\u00e2nica da Assist\u00eancia Social (Loas) para idosos e portadores de defici\u00eancia, para a renda mensal vital\u00edcia e para as pens\u00f5es especiais pagas aos dependentes das v\u00edtimas de hemodi\u00e1lise da cidade de Caruaru (PE). J\u00e1 o benef\u00edcio pago aos seringueiros e seus dependentes, com base na Lei n\u00ba 7.986\/89, ter\u00e1 valor de R$ 1.908,00.<\/p>\n<p>A cota do sal\u00e1rio-fam\u00edlia passa a ser de R$ 45 para o segurado com remunera\u00e7\u00e3o mensal n\u00e3o superior a R$ 877,67 e de R$ 31,71 para o segurado com remunera\u00e7\u00e3o mensal superior a R$ 877,67 e igual ou inferior a R$ 1.319,18.<\/p>\n<p>O Minist\u00e9rio da Fazenda informou que os recolhimentos feitos em janeiro \u2013 relativos aos sal\u00e1rios de dezembro passado \u2013 ainda seguem a tabela anterior.<\/p>\n<\/div>\n<\/article>\n<\/div>\n<\/div>\n<\/div>\n<\/div>\n","protected":false},"excerpt":{"rendered":"<p>Paulo Laboissi\u00e8re &#8211; Rep\u00f3rter da Ag\u00eancia Brasil A partir de 1\u00ba de janeiro de 2018, segurados da Previd\u00eancia que recebem acima do sal\u00e1rio m\u00ednimo passam a ter o benef\u00edcio reajustado em 2,07%, conforme portaria do Minist\u00e9rio da Fazenda publicada nessa quarta-feira (17) no\u00a0Di\u00e1rio Oficial da Uni\u00e3o. O teto previdenci\u00e1rio passa a ser R$ 5.645,80. O [&hellip;]<\/p>\n","protected":false},"author":2,"featured_media":0,"comment_status":"open","ping_status":"open","sticky":false,"template":"","format":"standard","meta":{"_links_to":"","_links_to_target":""},"categories":[7,9,8,1],"tags":[],"_links":{"self":[{"href":"https:\/\/www.ilheusnoticias.net.br\/v1\/wp-json\/wp\/v2\/posts\/11957"}],"collection":[{"href":"https:\/\/www.ilheusnoticias.net.br\/v1\/wp-json\/wp\/v2\/posts"}],"about":[{"href":"https:\/\/www.ilheusnoticias.net.br\/v1\/wp-json\/wp\/v2\/types\/post"}],"author":[{"embeddable":true,"href":"https:\/\/www.ilheusnoticias.net.br\/v1\/wp-json\/wp\/v2\/users\/2"}],"replies":[{"embeddable":true,"href":"https:\/\/www.ilheusnoticias.net.br\/v1\/wp-json\/wp\/v2\/comments?post=11957"}],"version-history":[{"count":1,"href":"https:\/\/www.ilheusnoticias.net.br\/v1\/wp-json\/wp\/v2\/posts\/11957\/revisions"}],"predecessor-version":[{"id":11958,"href":"https:\/\/www.ilheusnoticias.net.br\/v1\/wp-json\/wp\/v2\/posts\/11957\/revisions\/11958"}],"wp:attachment":[{"href":"https:\/\/www.ilheusnoticias.net.br\/v1\/wp-json\/wp\/v2\/media?parent=11957"}],"wp:term":[{"taxonomy":"category","embeddable":true,"href":"https:\/\/www.ilheusnoticias.net.br\/v1\/wp-json\/wp\/v2\/categories?post=11957"},{"taxonomy":"post_tag","embeddable":true,"href":"https:\/\/www.ilheusnoticias.net.br\/v1\/wp-json\/wp\/v2\/tags?post=11957"}],"curies":[{"name":"wp","href":"https:\/\/api.w.org\/{rel}","templated":true}]}}