{"id":11946,"date":"2018-01-18T10:05:16","date_gmt":"2018-01-18T13:05:16","guid":{"rendered":"http:\/\/www.ilheusnoticias.net.br\/v1\/?p=11946"},"modified":"2018-01-18T10:05:16","modified_gmt":"2018-01-18T13:05:16","slug":"em-ilheus-sesau-divulga-postos-de-vacinacao-contra-a-febre-amarela","status":"publish","type":"post","link":"https:\/\/www.ilheusnoticias.net.br\/v1\/2018\/01\/18\/em-ilheus-sesau-divulga-postos-de-vacinacao-contra-a-febre-amarela\/","title":{"rendered":"Em Ilh\u00e9us, Sesau divulga postos de vacina\u00e7\u00e3o contra a febre amarela"},"content":{"rendered":"<h2 class=\"PostHeaderIcon-wrapper\"><\/h2>\n<div class=\"PostContent\">\n<div id=\"attachment_64493\" class=\"wp-caption alignleft\"><a class=\"gallery_colorbox cboxElement\" href=\"http:\/\/www.agravo.blog.br\/wp-content\/uploads\/2017\/06\/vacina.jpg\"><img loading=\"lazy\" class=\"size-full wp-image-64493\" src=\"http:\/\/www.agravo.blog.br\/wp-content\/uploads\/2017\/06\/vacina.jpg\" alt=\"\" width=\"277\" height=\"160\" \/><\/a><\/p>\n<p class=\"wp-caption-text\">Foto: T\u00e2nia R\u00eago\/Ag\u00eancia Brasil<\/p>\n<\/div>\n<p>Com o objetivo de ampliar as a\u00e7\u00f5es preventivas contra a febre amarela no munic\u00edpio, a secretaria de Sa\u00fade de Ilh\u00e9us (Sesau) divulgou os locais onde se encontram dispon\u00edvel as vacinas. No per\u00edodo da manh\u00e3, nas unidades de sa\u00fade Almiro Vinhaes, localizada na Avenida Princesa Isabel, no posto Centro Social Urbano (CSU), no Bairro da Barra, e no povoado de Vila Cachoeira, localizado \u00e0 margem da Rodovia Ilh\u00e9us-Itabuna, j\u00e1 disp\u00f5em de salas de vacina.<\/p>\n<\/div>\n<p>&nbsp;<\/p>\n<p>&nbsp;<\/p>\n<p><!--more--><\/p>\n<div class=\"PostContent\">\n<p>J\u00e1 no per\u00edodo da tarde, nos postos do Centro de Atendimento Especializado\u00a0(CAE III), no pr\u00e9dio da antiga sede da Funda\u00e7\u00e3o Sesp, na Avenida Canavieiras, no centro da cidade; e na unidade do Programa Sa\u00fade da Fam\u00edlia (PSF) situada no bairro da Conquista. No per\u00edodo da noite, as vacinas est\u00e3o dispon\u00edveis nas unidades do PSF dos bairros Ilh\u00e9us II e Hernani S\u00e1 (Urbis).<\/p>\n<p>\u201cN\u00e3o h\u00e1 registro de filas nem de movimento anormal nos postos de sa\u00fade. Uma s\u00f3 dose \u00e9 necess\u00e1ria para imuniza\u00e7\u00e3o\u201d, diz a coordenadora de Imuniza\u00e7\u00e3o da Sesau, Walk\u00edria Cardeal.\u00a0 Ela disse que o objetivo da a\u00e7\u00e3o \u00e9 refor\u00e7ar a preven\u00e7\u00e3o contra os riscos da febre amarela. E refor\u00e7ou: \u201cQuem nunca recebeu a vacina, a exemplo de pessoas acima de 60 anos de idade e que desejam viajar para \u00e1reas de recomenda\u00e7\u00e3o tamb\u00e9m devem procurar seu m\u00e9dico para avalia\u00e7\u00e3o\u201d, explicou.<\/p>\n<\/div>\n","protected":false},"excerpt":{"rendered":"<p>Foto: T\u00e2nia R\u00eago\/Ag\u00eancia Brasil Com o objetivo de ampliar as a\u00e7\u00f5es preventivas contra a febre amarela no munic\u00edpio, a secretaria de Sa\u00fade de Ilh\u00e9us (Sesau) divulgou os locais onde se encontram dispon\u00edvel as vacinas. No per\u00edodo da manh\u00e3, nas unidades de sa\u00fade Almiro Vinhaes, localizada na Avenida Princesa Isabel, no posto Centro Social Urbano (CSU), [&hellip;]<\/p>\n","protected":false},"author":2,"featured_media":0,"comment_status":"open","ping_status":"open","sticky":false,"template":"","format":"standard","meta":{"_links_to":"","_links_to_target":""},"categories":[7,9,8,1],"tags":[],"_links":{"self":[{"href":"https:\/\/www.ilheusnoticias.net.br\/v1\/wp-json\/wp\/v2\/posts\/11946"}],"collection":[{"href":"https:\/\/www.ilheusnoticias.net.br\/v1\/wp-json\/wp\/v2\/posts"}],"about":[{"href":"https:\/\/www.ilheusnoticias.net.br\/v1\/wp-json\/wp\/v2\/types\/post"}],"author":[{"embeddable":true,"href":"https:\/\/www.ilheusnoticias.net.br\/v1\/wp-json\/wp\/v2\/users\/2"}],"replies":[{"embeddable":true,"href":"https:\/\/www.ilheusnoticias.net.br\/v1\/wp-json\/wp\/v2\/comments?post=11946"}],"version-history":[{"count":1,"href":"https:\/\/www.ilheusnoticias.net.br\/v1\/wp-json\/wp\/v2\/posts\/11946\/revisions"}],"predecessor-version":[{"id":11947,"href":"https:\/\/www.ilheusnoticias.net.br\/v1\/wp-json\/wp\/v2\/posts\/11946\/revisions\/11947"}],"wp:attachment":[{"href":"https:\/\/www.ilheusnoticias.net.br\/v1\/wp-json\/wp\/v2\/media?parent=11946"}],"wp:term":[{"taxonomy":"category","embeddable":true,"href":"https:\/\/www.ilheusnoticias.net.br\/v1\/wp-json\/wp\/v2\/categories?post=11946"},{"taxonomy":"post_tag","embeddable":true,"href":"https:\/\/www.ilheusnoticias.net.br\/v1\/wp-json\/wp\/v2\/tags?post=11946"}],"curies":[{"name":"wp","href":"https:\/\/api.w.org\/{rel}","templated":true}]}}