{"id":11944,"date":"2018-01-18T10:04:07","date_gmt":"2018-01-18T13:04:07","guid":{"rendered":"http:\/\/www.ilheusnoticias.net.br\/v1\/?p=11944"},"modified":"2018-01-18T10:04:07","modified_gmt":"2018-01-18T13:04:07","slug":"hoje-resultado-do-enem-2017-sera-divulgado","status":"publish","type":"post","link":"https:\/\/www.ilheusnoticias.net.br\/v1\/2018\/01\/18\/hoje-resultado-do-enem-2017-sera-divulgado\/","title":{"rendered":"Hoje: Resultado do Enem 2017 ser\u00e1 divulgado"},"content":{"rendered":"<h2 class=\"PostHeaderIcon-wrapper\"><\/h2>\n<div class=\"PostContent\">\n<div class=\"mc-column content-text active-extra-styles active-capital-letter\" data-block-type=\"unstyled\" data-block-weight=\"66\" data-block-id=\"2\">\n<p class=\"content-text__container theme-color-primary-first-letter\" data-track-category=\"Link no Texto\" data-track-links=\"\"><a class=\"gallery_colorbox cboxElement\" href=\"http:\/\/www.agravo.blog.br\/wp-content\/uploads\/2017\/05\/Enem-inep-2017.jpg\"><img loading=\"lazy\" class=\"aligncenter size-full wp-image-61812\" src=\"http:\/\/www.agravo.blog.br\/wp-content\/uploads\/2017\/05\/Enem-inep-2017.jpg\" sizes=\"(max-width: 448px) 100vw, 448px\" srcset=\"http:\/\/www.agravo.blog.br\/wp-content\/uploads\/2017\/05\/Enem-inep-2017.jpg 448w, http:\/\/www.agravo.blog.br\/wp-content\/uploads\/2017\/05\/Enem-inep-2017-300x225.jpg 300w\" alt=\"\" width=\"448\" height=\"336\" \/><\/a><\/p>\n<p class=\"content-text__container theme-color-primary-first-letter\" data-track-category=\"Link no Texto\" data-track-links=\"\">Os candidatos que fizeram a edi\u00e7\u00e3o do ano passado do Exame Nacional do Ensino M\u00e9dio (Enem 2017) v\u00e3o poder ver suas notas na manh\u00e3 desta quinta-feira (18). Segundo o Instituto Nacional de Estudos e Pesquisas Educacionais An\u00edsio Teixeira (Inep), o resultado ser\u00e1 divulgado \u00e0s 11h desta quinta, quando come\u00e7a a entrevista coletiva da presidente do Inep, Maria In\u00eas Fini, e do ministro da Educa\u00e7\u00e3o, Mendon\u00e7a Filho.<\/p>\n<\/div>\n<div class=\"mc-column content-text active-extra-styles \" data-block-type=\"unstyled\" data-block-weight=\"26\" data-block-id=\"3\">\n<p class=\"content-text__container \" data-track-category=\"Link no Texto\" data-track-links=\"\">Ainda segundo o Inep, devem ser divulgadas tamb\u00e9m as notas m\u00e1ximas e m\u00ednimas em cada prova objetiva, e detalhes sobre as notas da prova de reda\u00e7\u00e3o.<\/p>\n<\/div>\n<div class=\"mc-column content-text active-extra-styles \" data-block-type=\"unstyled\" data-block-weight=\"15\" data-block-id=\"4\">\n<p class=\"content-text__container \" data-track-category=\"Link no Texto\" data-track-links=\"\">A vista do espelho da reda\u00e7\u00e3o, usado para fins pedag\u00f3gico, n\u00e3o ser\u00e1 divulgada nesta quinta.<\/p>\n<\/div>\n<div class=\"mc-column content-text active-extra-styles\" data-block-type=\"raw\" data-block-weight=\"4\" data-block-id=\"6\">\n<div class=\"content-intertitle\">\n<h2>Consulta individual pela internet<\/h2>\n<\/div>\n<\/div>\n<div class=\"mc-column content-text active-extra-styles \" data-block-type=\"unstyled\" data-block-weight=\"32\" data-block-id=\"7\">\n<p class=\"content-text__container \" data-track-category=\"Link no Texto\" data-track-links=\"\">A nota do Enem 2017 s\u00f3 pode ser consultada individualmente. Para isso, os candidatos que fizeram o exame devem acessar a\u00a0<a href=\"https:\/\/enem.inep.gov.br\/participante\/\" target=\"_blank\" rel=\"noopener noreferrer\">P\u00e1gina do Participante<\/a>\u00a0e incluir seu CPF e a senha cadastrada.<\/p>\n<\/div>\n<div class=\"mc-column content-text active-extra-styles \" data-block-type=\"unstyled\" data-block-weight=\"34\" data-block-id=\"8\">\n<p class=\"content-text__container \" data-track-category=\"Link no Texto\" data-track-links=\"\">Entre os dias 1\u00ba e 15 de janeiro,\u00a0<a href=\"https:\/\/g1.globo.com\/educacao\/noticia\/em-janeiro-300-mil-candidatos-ja-trocaram-a-senha-do-enem-2017-veja-como-recuperar-a-sua.ghtml\">300 mil candidatos do Enem trocaram sua senha<\/a>\u00a0no sistema, segundo informou\u00a0Camilo Mussi, diretor de Tecnologia e Dissemina\u00e7\u00e3o de Informa\u00e7\u00f5es Educacionais do Inep.<\/p>\n<p class=\"content-text__container \" data-track-category=\"Link no Texto\" data-track-links=\"\"><em>*Com informa\u00e7\u00f5es do G1 Bahia<\/em><\/p>\n<\/div>\n<\/div>\n","protected":false},"excerpt":{"rendered":"<p>Os candidatos que fizeram a edi\u00e7\u00e3o do ano passado do Exame Nacional do Ensino M\u00e9dio (Enem 2017) v\u00e3o poder ver suas notas na manh\u00e3 desta quinta-feira (18). Segundo o Instituto Nacional de Estudos e Pesquisas Educacionais An\u00edsio Teixeira (Inep), o resultado ser\u00e1 divulgado \u00e0s 11h desta quinta, quando come\u00e7a a entrevista coletiva da presidente do [&hellip;]<\/p>\n","protected":false},"author":2,"featured_media":0,"comment_status":"open","ping_status":"open","sticky":false,"template":"","format":"standard","meta":{"_links_to":"","_links_to_target":""},"categories":[7,9,8,1],"tags":[],"_links":{"self":[{"href":"https:\/\/www.ilheusnoticias.net.br\/v1\/wp-json\/wp\/v2\/posts\/11944"}],"collection":[{"href":"https:\/\/www.ilheusnoticias.net.br\/v1\/wp-json\/wp\/v2\/posts"}],"about":[{"href":"https:\/\/www.ilheusnoticias.net.br\/v1\/wp-json\/wp\/v2\/types\/post"}],"author":[{"embeddable":true,"href":"https:\/\/www.ilheusnoticias.net.br\/v1\/wp-json\/wp\/v2\/users\/2"}],"replies":[{"embeddable":true,"href":"https:\/\/www.ilheusnoticias.net.br\/v1\/wp-json\/wp\/v2\/comments?post=11944"}],"version-history":[{"count":1,"href":"https:\/\/www.ilheusnoticias.net.br\/v1\/wp-json\/wp\/v2\/posts\/11944\/revisions"}],"predecessor-version":[{"id":11945,"href":"https:\/\/www.ilheusnoticias.net.br\/v1\/wp-json\/wp\/v2\/posts\/11944\/revisions\/11945"}],"wp:attachment":[{"href":"https:\/\/www.ilheusnoticias.net.br\/v1\/wp-json\/wp\/v2\/media?parent=11944"}],"wp:term":[{"taxonomy":"category","embeddable":true,"href":"https:\/\/www.ilheusnoticias.net.br\/v1\/wp-json\/wp\/v2\/categories?post=11944"},{"taxonomy":"post_tag","embeddable":true,"href":"https:\/\/www.ilheusnoticias.net.br\/v1\/wp-json\/wp\/v2\/tags?post=11944"}],"curies":[{"name":"wp","href":"https:\/\/api.w.org\/{rel}","templated":true}]}}