{"id":11942,"date":"2018-01-18T10:00:21","date_gmt":"2018-01-18T13:00:21","guid":{"rendered":"http:\/\/www.ilheusnoticias.net.br\/v1\/?p=11942"},"modified":"2018-01-18T10:00:21","modified_gmt":"2018-01-18T13:00:21","slug":"mutirao-encaminha-jovens-para-primeiro-emprego-em-ilheus","status":"publish","type":"post","link":"https:\/\/www.ilheusnoticias.net.br\/v1\/2018\/01\/18\/mutirao-encaminha-jovens-para-primeiro-emprego-em-ilheus\/","title":{"rendered":"Mutir\u00e3o encaminha jovens para Primeiro Emprego em Ilh\u00e9us"},"content":{"rendered":"<div align=\"center\"><\/div>\n<p><img loading=\"lazy\" class=\"\" src=\"https:\/\/attachment.outlook.office.net\/owa\/laudiceacarvalho62@hotmail.com\/service.svc\/s\/GetAttachmentThumbnail?id=AQMkADAwATYwMAItY2MANTgtODQxNC0wMAItMDAKAEYAAANqOYr2uMN4Qoz6pFp%2FhFoeBwAsxvM0hWqyT6EfSeQ8%2BPgA8AAAAgEMAAAALMbzNIVqsk%2BhH0nkPPj4APAAAVaZYcUAAAABEgAQADFeB%2BQXHIFJla62%2FwKwtZc%3D&amp;thumbnailType=2&amp;X-OWA-CANARY=_JhRJY-kO0-tIbMU_gvadEA5zjpzXtUYpQ77sEhXEIH6XLl88quadKS9xTeEsyMlbL2xuoK93NU.&amp;token=eyJ0eXAiOiJKV1QiLCJhbGciOiJSUzI1NiIsIng1dCI6ImVuaDlCSnJWUFU1aWpWMXFqWmpWLWZMMmJjbyJ9.eyJ2ZXIiOiJFeGNoYW5nZS5DYWxsYmFjay5WMSIsImFwcGN0eHNlbmRlciI6Ik93YURvd25sb2FkQDg0ZGY5ZTdmLWU5ZjYtNDBhZi1iNDM1LWFhYWFhYWFhYWFhYSIsImFwcGN0eCI6IntcIm1zZXhjaHByb3RcIjpcIm93YVwiLFwicHJpbWFyeXNpZFwiOlwiUy0xLTI4MjctMzkzMjE2LTM0MjgzNTMwNDRcIixcInB1aWRcIjpcIjE2ODg4NTMyODg2MTY5ODBcIixcIm9pZFwiOlwiMDAwNjAwMDAtY2M1OC04NDE0LTAwMDAtMDAwMDAwMDAwMDAwXCIsXCJzY29wZVwiOlwiT3dhRG93bmxvYWRcIn0iLCJpc3MiOiIwMDAwMDAwMi0wMDAwLTBmZjEtY2UwMC0wMDAwMDAwMDAwMDBAODRkZjllN2YtZTlmNi00MGFmLWI0MzUtYWFhYWFhYWFhYWFhIiwiYXVkIjoiMDAwMDAwMDItMDAwMC0wZmYxLWNlMDAtMDAwMDAwMDAwMDAwL2F0dGFjaG1lbnQub3V0bG9vay5vZmZpY2UubmV0QDg0ZGY5ZTdmLWU5ZjYtNDBhZi1iNDM1LWFhYWFhYWFhYWFhYSIsImV4cCI6MTUxNjI4MDcxNywibmJmIjoxNTE2MjgwMTE3fQ.S7_yq4pmdvQ8ClAmZ8O1yCDNcRpHizO6X7Uf_7msvXxSdQ9kfzkUeiTyOSXfRCujVUMluvXUi3dDmgS1DRr_H07kXVWFdcCm0fP8NjSGr_f53nGhN21aFT-nWsLRDDQDmCt-hLqEjnYRwLvOp2iemx1KofryD4rDUg08ua8V6j7IIah8KnUB_aofcXhr001TL_2TUt3K8vYh6YEcQm7W8nRbNpqrXOSPYkZIxpGl9vacMT194sTLMObu1d33NyI9UvulbqEJMXvg6SWe_193qFqvbdBdakW0OQOk80HUcKYMjdyOEvY43Gw-YSeUGhnLiq9HA3Xr3F4oI9TR06e8hA&amp;owa=outlook.live.com&amp;isc=1\" alt=\"\" width=\"355\" height=\"191\" \/><br \/>\nCom objetivo de agilizar a inser\u00e7\u00e3o de egressos da Educa\u00e7\u00e3o Profissional da rede p\u00fablica estadual no Primeiro Emprego, o Governo do Estado promoveu um mutir\u00e3o, nesta quarta-feira (17), para atualiza\u00e7\u00e3o cadastral e encaminhamento para contrata\u00e7\u00e3o dos interessados em vagas do programa, no munic\u00edpio de Ilh\u00e9us, no sul da Bahia.<\/p>\n<p>Com mais de 500 participantes, oriundos dos 57 cursos oferecidos no Territ\u00f3rio de Identidade Litoral Sul, a a\u00e7\u00e3o foi realizada no audit\u00f3rio da Universidade Estadual de Santa Cruz (Uesc), com a presen\u00e7a de representantes das secretarias estaduais da Educa\u00e7\u00e3o, do Trabalho, Emprego e Renda (Setre) e da Administra\u00e7\u00e3o (Saeb), al\u00e9m da Casa Civil e da Funda\u00e7\u00e3o Lu\u00eds Eduardo Magalh\u00e3es (Flem).<\/p>\n<p><!--more--><\/p>\n<p>Na ocasi\u00e3o, o superintendente da Educa\u00e7\u00e3o Profissional e Tecnol\u00f3gica, Durval Lib\u00e2nio Netto Mello, fez um balan\u00e7o da iniciativa. \u201cA a\u00e7\u00e3o foi interessante porque pudemos perceber a demanda pelos empregos e os candidatos tiveram a oportunidade de conferir a uma apresenta\u00e7\u00e3o para conhecer melhor o programa. O mutir\u00e3o foi de extrema import\u00e2ncia, pois conseguimos tamb\u00e9m avaliar as necessidades dos cargos dispon\u00edveis para o encaminhamento que podemos realizar, de acordo com a procura por vagas\u201d, destacou.<\/p>\n<p>No caso de serem eleg\u00edveis para a vaga, os candidatos ter\u00e3o a carteira de trabalho assinada, com todos os direitos garantidos. O contrato tem dura\u00e7\u00e3o de 24 meses no Estado. A remunera\u00e7\u00e3o nas institui\u00e7\u00f5es privadas \u00e9 a partir de um sal\u00e1rio m\u00ednimo; j\u00e1 nos \u00f3rg\u00e3os estaduais, o contemplado ter\u00e1, al\u00e9m de sal\u00e1rio m\u00ednimo, plano de sa\u00fade (Planserv), alimenta\u00e7\u00e3o, vale transporte e processo formativo vinculado \u00e0 \u00e1rea e ao servi\u00e7o p\u00fablico. Para aqueles que conclu\u00edram as disciplinas, mas n\u00e3o finalizaram o est\u00e1gio obrigat\u00f3rio, poder\u00e1 haver encaminhamento para est\u00e1gio remunerado em \u00f3rg\u00e3os p\u00fablicos.<\/p>\n<p><b>Programa Primeiro Emprego\u00a0<\/b><\/p>\n<p>Trata-se de uma a\u00e7\u00e3o social de combate ao desemprego dos jovens, promovido pelo Governo do Estado, para inserir egressos e estudantes da Educa\u00e7\u00e3o Profissional no mercado de trabalho, al\u00e9m de estimular uma maior dedica\u00e7\u00e3o na sala de aula, justamente por contemplar aqueles com melhores resultados.<\/p>\n<p>Para que os estudantes e egressos sejam contatados, em caso de sele\u00e7\u00e3o, \u00e9 importante que estejam com os dados cadastrais atualizados no banco de dados da Secretaria da Educa\u00e7\u00e3o do Estado.<\/p>\n","protected":false},"excerpt":{"rendered":"<p>Com objetivo de agilizar a inser\u00e7\u00e3o de egressos da Educa\u00e7\u00e3o Profissional da rede p\u00fablica estadual no Primeiro Emprego, o Governo do Estado promoveu um mutir\u00e3o, nesta quarta-feira (17), para atualiza\u00e7\u00e3o cadastral e encaminhamento para contrata\u00e7\u00e3o dos interessados em vagas do programa, no munic\u00edpio de Ilh\u00e9us, no sul da Bahia. Com mais de 500 participantes, oriundos [&hellip;]<\/p>\n","protected":false},"author":2,"featured_media":0,"comment_status":"open","ping_status":"open","sticky":false,"template":"","format":"standard","meta":{"_links_to":"","_links_to_target":""},"categories":[7,9,8,1],"tags":[],"_links":{"self":[{"href":"https:\/\/www.ilheusnoticias.net.br\/v1\/wp-json\/wp\/v2\/posts\/11942"}],"collection":[{"href":"https:\/\/www.ilheusnoticias.net.br\/v1\/wp-json\/wp\/v2\/posts"}],"about":[{"href":"https:\/\/www.ilheusnoticias.net.br\/v1\/wp-json\/wp\/v2\/types\/post"}],"author":[{"embeddable":true,"href":"https:\/\/www.ilheusnoticias.net.br\/v1\/wp-json\/wp\/v2\/users\/2"}],"replies":[{"embeddable":true,"href":"https:\/\/www.ilheusnoticias.net.br\/v1\/wp-json\/wp\/v2\/comments?post=11942"}],"version-history":[{"count":1,"href":"https:\/\/www.ilheusnoticias.net.br\/v1\/wp-json\/wp\/v2\/posts\/11942\/revisions"}],"predecessor-version":[{"id":11943,"href":"https:\/\/www.ilheusnoticias.net.br\/v1\/wp-json\/wp\/v2\/posts\/11942\/revisions\/11943"}],"wp:attachment":[{"href":"https:\/\/www.ilheusnoticias.net.br\/v1\/wp-json\/wp\/v2\/media?parent=11942"}],"wp:term":[{"taxonomy":"category","embeddable":true,"href":"https:\/\/www.ilheusnoticias.net.br\/v1\/wp-json\/wp\/v2\/categories?post=11942"},{"taxonomy":"post_tag","embeddable":true,"href":"https:\/\/www.ilheusnoticias.net.br\/v1\/wp-json\/wp\/v2\/tags?post=11942"}],"curies":[{"name":"wp","href":"https:\/\/api.w.org\/{rel}","templated":true}]}}