{"id":11925,"date":"2018-01-17T08:53:49","date_gmt":"2018-01-17T11:53:49","guid":{"rendered":"http:\/\/www.ilheusnoticias.net.br\/v1\/?p=11925"},"modified":"2018-01-17T08:53:49","modified_gmt":"2018-01-17T11:53:49","slug":"lavagem-da-escadaria-da-catedral-de-ilheus-acontece-nesta-quinta-18","status":"publish","type":"post","link":"https:\/\/www.ilheusnoticias.net.br\/v1\/2018\/01\/17\/lavagem-da-escadaria-da-catedral-de-ilheus-acontece-nesta-quinta-18\/","title":{"rendered":"Lavagem da Escadaria da Catedral de Ilh\u00e9us acontece nesta quinta, 18"},"content":{"rendered":"<div class=\"PostContent\">\n<p><a class=\"gallery_colorbox cboxElement\" href=\"http:\/\/www.agravo.blog.br\/wp-content\/uploads\/2018\/01\/Catedral-de-S%C3%A3o-Sebasti%C3%A3o.-foto-Clodoaldo-Ribeiro-2.jpg\"><img loading=\"lazy\" class=\"aligncenter  wp-image-73270\" src=\"http:\/\/www.agravo.blog.br\/wp-content\/uploads\/2018\/01\/Catedral-de-S%C3%A3o-Sebasti%C3%A3o.-foto-Clodoaldo-Ribeiro-2.jpg\" sizes=\"(max-width: 370px) 100vw, 370px\" srcset=\"http:\/\/www.agravo.blog.br\/wp-content\/uploads\/2018\/01\/Catedral-de-S\u00e3o-Sebasti\u00e3o.-foto-Clodoaldo-Ribeiro-2.jpg 500w, http:\/\/www.agravo.blog.br\/wp-content\/uploads\/2018\/01\/Catedral-de-S\u00e3o-Sebasti\u00e3o.-foto-Clodoaldo-Ribeiro-2-209x300.jpg 209w\" alt=\"\" width=\"370\" height=\"532\" \/><\/a><\/p>\n<p>A tradicional lavagem das escadarias da Catedral de S\u00e3o Sebasti\u00e3o, de Ilh\u00e9us,este ano, ser\u00e1 realizada nesta quinta-feira (18), a partir das 10 horas, no centro hist\u00f3rico da cidade, cujo ato integra a programa\u00e7\u00e3o tur\u00edstica e cultural da temporada de ver\u00e3o. O rito popular, uma das e representa\u00e7\u00f5es religiosas do munic\u00edpio, foi incorporado ao ciclo de eventos do segmento tur\u00edstico, cuja organiza\u00e7\u00e3o \u00e9 compartilhada entre a secretaria de Turismo e Esportes (Setur) e o Sindicato dos Estivadores.Os festejos ocorrem desde a primeira metade do S\u00e9culo XX e une as matrizes religiosas cat\u00f3lica e afro-brasileira.<\/p>\n<\/div>\n<p><!--more--><\/p>\n<div class=\"PostContent\">\n<p>\u00a0Segundo os organizadores, a lavagem \u00e9 precedida por um cortejo, cuja concentra\u00e7\u00e3o acontece na Avenida Dois de Julho, em frente \u00e0 sede do Sindicato dos Estivadores, e percorre v\u00e1rias ruas do centro hist\u00f3rico da cidade, com a participa\u00e7\u00e3o de blocos afros, carro\u00e7as, baianas, grupos de capoeira e muitos populares que se agregam \u00e0 manifesta\u00e7\u00e3o. O cortejo da lavagem da escadaria \u00e9 uma tradi\u00e7\u00e3o dos estivadores ilheenses, marcado por muita alegria,m\u00fasica e agradecimento ao padroeiro da categoria.<\/p>\n<p><strong>Participa\u00e7\u00e3o popular<\/strong>\u00a0\u2013 Centenas de turistas,de v\u00e1rias partes do mundo, devem ser atra\u00eddos pelo cortejo este ano, j\u00e1 que, nesta quinta-feira, milhares de visitantes desembarcam do transatl\u00e2ntico MSC Musica, que atracar\u00e1 no Porto de Malhado. A devo\u00e7\u00e3o e a necessidade de express\u00e3o da f\u00e9 e da religiosidade suplantaram as iniciativas e posi\u00e7\u00f5es puristas. Atualmente, a grande marca dessas festividades \u00e9 o conv\u00edvio harmonioso entre as duas matrizes religiosas.<\/p>\n<p>Est\u00e3o previstas apresenta\u00e7\u00f5es de grupos culturais dos terreiros Il\u00ea Ax\u00e9 Ballomi, de Pai Toinho; Sult\u00e3o das Matas; de M\u00e3e Carmosina; terreiro de M\u00e3e Luiza, do Banco da Vit\u00f3ria; de Pai Val, do Teot\u00f4nio Vilela; de M\u00e3e Concei\u00e7\u00e3o, da Avenida Esperan\u00e7a e do terreiro de M\u00e3e Jeci, do Alto do Coqueiro, com as t\u00edpicas baianas, que s\u00e3o uma marca da lavagem.<\/p>\n<p>No ano passado, a Catedral de S\u00e3o Sebasti\u00e3o, imponente templo da igreja cat\u00f3lica, completou 50 anos de exist\u00eancia e \u00e9 considerada um patrim\u00f4nio arquitet\u00f4nico e cultural do munic\u00edpio, que em 2018 completa 484 anos de funda\u00e7\u00e3o.<\/p>\n<\/div>\n","protected":false},"excerpt":{"rendered":"<p>A tradicional lavagem das escadarias da Catedral de S\u00e3o Sebasti\u00e3o, de Ilh\u00e9us,este ano, ser\u00e1 realizada nesta quinta-feira (18), a partir das 10 horas, no centro hist\u00f3rico da cidade, cujo ato integra a programa\u00e7\u00e3o tur\u00edstica e cultural da temporada de ver\u00e3o. O rito popular, uma das e representa\u00e7\u00f5es religiosas do munic\u00edpio, foi incorporado ao ciclo de [&hellip;]<\/p>\n","protected":false},"author":2,"featured_media":0,"comment_status":"open","ping_status":"open","sticky":false,"template":"","format":"standard","meta":{"_links_to":"","_links_to_target":""},"categories":[7,9,8,1],"tags":[],"_links":{"self":[{"href":"https:\/\/www.ilheusnoticias.net.br\/v1\/wp-json\/wp\/v2\/posts\/11925"}],"collection":[{"href":"https:\/\/www.ilheusnoticias.net.br\/v1\/wp-json\/wp\/v2\/posts"}],"about":[{"href":"https:\/\/www.ilheusnoticias.net.br\/v1\/wp-json\/wp\/v2\/types\/post"}],"author":[{"embeddable":true,"href":"https:\/\/www.ilheusnoticias.net.br\/v1\/wp-json\/wp\/v2\/users\/2"}],"replies":[{"embeddable":true,"href":"https:\/\/www.ilheusnoticias.net.br\/v1\/wp-json\/wp\/v2\/comments?post=11925"}],"version-history":[{"count":1,"href":"https:\/\/www.ilheusnoticias.net.br\/v1\/wp-json\/wp\/v2\/posts\/11925\/revisions"}],"predecessor-version":[{"id":11926,"href":"https:\/\/www.ilheusnoticias.net.br\/v1\/wp-json\/wp\/v2\/posts\/11925\/revisions\/11926"}],"wp:attachment":[{"href":"https:\/\/www.ilheusnoticias.net.br\/v1\/wp-json\/wp\/v2\/media?parent=11925"}],"wp:term":[{"taxonomy":"category","embeddable":true,"href":"https:\/\/www.ilheusnoticias.net.br\/v1\/wp-json\/wp\/v2\/categories?post=11925"},{"taxonomy":"post_tag","embeddable":true,"href":"https:\/\/www.ilheusnoticias.net.br\/v1\/wp-json\/wp\/v2\/tags?post=11925"}],"curies":[{"name":"wp","href":"https:\/\/api.w.org\/{rel}","templated":true}]}}