{"id":11923,"date":"2018-01-17T08:50:59","date_gmt":"2018-01-17T11:50:59","guid":{"rendered":"http:\/\/www.ilheusnoticias.net.br\/v1\/?p=11923"},"modified":"2018-01-17T08:50:59","modified_gmt":"2018-01-17T11:50:59","slug":"bahia-psb-reafirma-apoio-a-eleicao-de-rui-costa","status":"publish","type":"post","link":"https:\/\/www.ilheusnoticias.net.br\/v1\/2018\/01\/17\/bahia-psb-reafirma-apoio-a-eleicao-de-rui-costa\/","title":{"rendered":"Bahia: PSB reafirma apoio \u00e0 elei\u00e7\u00e3o de Rui Costa"},"content":{"rendered":"<h2 class=\"PostHeaderIcon-wrapper\"><\/h2>\n<div class=\"PostContent\">\n<p><a class=\"gallery_colorbox cboxElement\" href=\"http:\/\/www.agravo.blog.br\/wp-content\/uploads\/2015\/07\/logo_psb_of.jpg\"><img loading=\"lazy\" class=\"alignleft size-full wp-image-39731\" src=\"http:\/\/www.agravo.blog.br\/wp-content\/uploads\/2015\/07\/logo_psb_of.jpg\" sizes=\"(max-width: 288px) 100vw, 288px\" srcset=\"http:\/\/www.agravo.blog.br\/wp-content\/uploads\/2015\/07\/logo_psb_of.jpg 288w, http:\/\/www.agravo.blog.br\/wp-content\/uploads\/2015\/07\/logo_psb_of-274x300.jpg 274w\" alt=\"\" width=\"288\" height=\"315\" \/><\/a>A Executiva Estadual do PSB soltou uma nota na tarde desta ter\u00e7a-feira (16) na qual afirma que \u201ca unidade da esquerda e das for\u00e7as progressistas em torno de uma chapa liderada por Rui Costa e tendo L\u00eddice e Wagner como candidatos ao Senado \u00e9, sem d\u00favida, o caminho mais coerente e seguro para a vit\u00f3ria em 2018\u201d.<\/p>\n<p><strong>Leia abaixo a nota na integra:<\/strong><\/p>\n<p><em>O PSB da Bahia votar\u00e1 em Rui Costa (PT), porque sua candidatura \u00e0 reelei\u00e7\u00e3o representa a melhor op\u00e7\u00e3o para a esquerda baiana. E reconhece nele um gestor eficiente. A nossa posi\u00e7\u00e3o \u00e9 coerente com a nossa hist\u00f3ria pol\u00edtica, onde estivemos sempre: na esquerda.<\/em><\/p>\n<p><em>Vale lembrar que em 2006, nos posicionamos favoravelmente \u00e0 candidatura de Jaques Wagner ao Governo do Estado antes mesmo do seu pr\u00f3prio partido. Ajudamos a Bahia a encerrar um ciclo triste, de autoritarismo e conservadorismo, pois acredit\u00e1vamos no projeto capitaneado por Wagner como o melhor para a Bahia e para o povo baiano.<\/em><\/p>\n<\/div>\n<p><!--more--><\/p>\n<div class=\"PostContent\">\n<p><em>Em 2014, no primeiro turno das elei\u00e7\u00f5es, seguimos um movimento nacional do nosso partido, que teve candidatura pr\u00f3pria \u00e0 Presid\u00eancia da Rep\u00fablica, e como consequ\u00eancia constru\u00edmos um palanque local no pleito eleitoral. Iniciado o segundo turno, o PSB da Bahia tomou a posi\u00e7\u00e3o correta e marchou junto \u00e0 presidente Dilma Rousseff, representante das for\u00e7as de esquerda no segundo turno daquela elei\u00e7\u00e3o presidencial.<\/em><\/p>\n<p><em>N\u00e3o \u00e9 de agora que fazemos parte deste projeto. Essa longa hist\u00f3ria de resist\u00eancia tem como marcos eleitorais as vit\u00f3rias contra o Carlismo, com M\u00e1rio Kertez em 1985, com Waldir Pires em 1986 e com L\u00eddice da Mata em 1992, elegendo pela primeira vez uma mulher de esquerda para a prefeitura de Salvador.<\/em><\/p>\n<p><em>Nos tempos atuais, a senadora L\u00eddice da Mata foi uma das pioneiras em sugerir a pr\u00e9-candidatura de Jaques Wagner ao Senado Federal. O PSB foi tamb\u00e9m um dos primeiros partidos a defender a chapa L\u00eddice-Wagner para o Senado Federal.<\/em><\/p>\n<p><em>A acusa\u00e7\u00e3o de que o PSB n\u00e3o defende a candidatura de Wagner \u00e9 falsa. Visa escamotear o debate necess\u00e1rio entre o conjunto heterog\u00eaneo de for\u00e7as pol\u00edticas que integram a base de Rui Costa.<\/em><\/p>\n<p><em>Entendemos que a unidade em torno da candidatura de Rui tem que ser constru\u00edda num debate franco, \u00e9tico e pol\u00edtico e n\u00e3o de forma mesquinha, com crit\u00e9rio personalista e com a cria\u00e7\u00e3o de intrigas.<\/em><br \/>\n<em>A unidade da esquerda e das for\u00e7as progressistas em torno de uma chapa liderada por Rui Costa e tendo L\u00eddice e Wagner como candidatos ao Senado \u00e9, sem d\u00favida, o caminho mais coerente e seguro para a vit\u00f3ria em 2018.<\/em><\/p>\n<p><strong><em>Executiva Estadual do PSB<\/em><\/strong><\/p>\n<\/div>\n","protected":false},"excerpt":{"rendered":"<p>A Executiva Estadual do PSB soltou uma nota na tarde desta ter\u00e7a-feira (16) na qual afirma que \u201ca unidade da esquerda e das for\u00e7as progressistas em torno de uma chapa liderada por Rui Costa e tendo L\u00eddice e Wagner como candidatos ao Senado \u00e9, sem d\u00favida, o caminho mais coerente e seguro para a vit\u00f3ria [&hellip;]<\/p>\n","protected":false},"author":2,"featured_media":0,"comment_status":"open","ping_status":"open","sticky":false,"template":"","format":"standard","meta":{"_links_to":"","_links_to_target":""},"categories":[7,9,8,1],"tags":[],"_links":{"self":[{"href":"https:\/\/www.ilheusnoticias.net.br\/v1\/wp-json\/wp\/v2\/posts\/11923"}],"collection":[{"href":"https:\/\/www.ilheusnoticias.net.br\/v1\/wp-json\/wp\/v2\/posts"}],"about":[{"href":"https:\/\/www.ilheusnoticias.net.br\/v1\/wp-json\/wp\/v2\/types\/post"}],"author":[{"embeddable":true,"href":"https:\/\/www.ilheusnoticias.net.br\/v1\/wp-json\/wp\/v2\/users\/2"}],"replies":[{"embeddable":true,"href":"https:\/\/www.ilheusnoticias.net.br\/v1\/wp-json\/wp\/v2\/comments?post=11923"}],"version-history":[{"count":1,"href":"https:\/\/www.ilheusnoticias.net.br\/v1\/wp-json\/wp\/v2\/posts\/11923\/revisions"}],"predecessor-version":[{"id":11924,"href":"https:\/\/www.ilheusnoticias.net.br\/v1\/wp-json\/wp\/v2\/posts\/11923\/revisions\/11924"}],"wp:attachment":[{"href":"https:\/\/www.ilheusnoticias.net.br\/v1\/wp-json\/wp\/v2\/media?parent=11923"}],"wp:term":[{"taxonomy":"category","embeddable":true,"href":"https:\/\/www.ilheusnoticias.net.br\/v1\/wp-json\/wp\/v2\/categories?post=11923"},{"taxonomy":"post_tag","embeddable":true,"href":"https:\/\/www.ilheusnoticias.net.br\/v1\/wp-json\/wp\/v2\/tags?post=11923"}],"curies":[{"name":"wp","href":"https:\/\/api.w.org\/{rel}","templated":true}]}}