{"id":11919,"date":"2018-01-17T08:46:34","date_gmt":"2018-01-17T11:46:34","guid":{"rendered":"http:\/\/www.ilheusnoticias.net.br\/v1\/?p=11919"},"modified":"2018-01-17T08:46:34","modified_gmt":"2018-01-17T11:46:34","slug":"policia-civil-pede-prisao-preventiva-de-acusado-de-assassinar-amaral","status":"publish","type":"post","link":"https:\/\/www.ilheusnoticias.net.br\/v1\/2018\/01\/17\/policia-civil-pede-prisao-preventiva-de-acusado-de-assassinar-amaral\/","title":{"rendered":"Pol\u00edcia Civil pede pris\u00e3o preventiva de acusado de assassinar Amaral"},"content":{"rendered":"<h3 class=\"post-title entry-title\"><\/h3>\n<div id=\"post-body-2192772187168256377\" class=\"post-body entry-content\">\n<div class=\"separator\"><a href=\"https:\/\/1.bp.blogspot.com\/-0kqCvho-AWM\/Wl50GdfDAFI\/AAAAAAAEcQg\/pL_p2yCCqekLt7Xy32WVumSAB7RJtd-JACLcBGAs\/s1600\/IMG-20180115-WA0466.jpg\"><img loading=\"lazy\" src=\"https:\/\/1.bp.blogspot.com\/-0kqCvho-AWM\/Wl50GdfDAFI\/AAAAAAAEcQg\/pL_p2yCCqekLt7Xy32WVumSAB7RJtd-JACLcBGAs\/s640\/IMG-20180115-WA0466.jpg\" alt=\"\" width=\"360\" height=\"640\" border=\"0\" data-original-height=\"1280\" data-original-width=\"720\" \/><\/a><\/div>\n<div>\n<table class=\"tr-caption-container\" cellspacing=\"0\" cellpadding=\"0\">\n<tbody>\n<tr>\n<td><a href=\"https:\/\/2.bp.blogspot.com\/-5wFHSwEs_Cg\/Wl5qTp0FwaI\/AAAAAAAAPI8\/8yhWDaN2pWERbDRqWFth5hPC7NO7MdR3QCLcBGAs\/s1600\/IMG-20180114-WA0078.jpg\"><img loading=\"lazy\" src=\"https:\/\/2.bp.blogspot.com\/-5wFHSwEs_Cg\/Wl5qTp0FwaI\/AAAAAAAAPI8\/8yhWDaN2pWERbDRqWFth5hPC7NO7MdR3QCLcBGAs\/s320\/IMG-20180114-WA0078.jpg\" alt=\"\" width=\"320\" height=\"312\" border=\"0\" data-original-height=\"733\" data-original-width=\"750\" \/><\/a><\/td>\n<\/tr>\n<tr>\n<td class=\"tr-caption\">Alexandro Alves Amaral<\/td>\n<\/tr>\n<\/tbody>\n<\/table>\n<p>A Pol\u00edcia Civil de Itabuna solicitou \u00e0 Justi\u00e7a, nesta ter\u00e7a-feira (16), a pris\u00e3o preventiva de Andr\u00e9 Gordo, principal suspeito de assassinar, no \u00faltimo domingo (14), o professor de escolinha de futebol, Alexandro Alves Amaral, conhecido como Amaral, de 41 anos.<\/p><\/div>\n<div><\/div>\n<div>O crime aconteceu no bairro Calif\u00f3rnia, em Itabuna. A v\u00edtima foi assassinada com golpes de faca.<\/div>\n<div><\/div>\n<div>A princ\u00edpio, houve a informa\u00e7\u00e3o de que Amaral foi tentar apartar uma briga e acabou sendo esfaqueado. Depois, testemunhas informaram a pol\u00edcia de que a v\u00edtima era o real alvo dos golpes.<\/div>\n<div><\/div>\n<div>Ainda de acordo com informa\u00e7\u00f5es,\u00a0 Andr\u00e9 gordo ficou sabendo que Amaral havia tocado os seios de sua filha de 10 anos. Ao saber do ocorrido, o acusado foi em dire\u00e7\u00e3o ao professor e efetuou diversos golpes de faca. Ap\u00f3s o crime o suspeito fugiu.<\/div>\n<div><\/div>\n<div>A Pol\u00edcia Civil continua ouvindo testemunhas e est\u00e1 em busca do foragido.<\/div>\n<\/div>\n","protected":false},"excerpt":{"rendered":"<p>Alexandro Alves Amaral A Pol\u00edcia Civil de Itabuna solicitou \u00e0 Justi\u00e7a, nesta ter\u00e7a-feira (16), a pris\u00e3o preventiva de Andr\u00e9 Gordo, principal suspeito de assassinar, no \u00faltimo domingo (14), o professor de escolinha de futebol, Alexandro Alves Amaral, conhecido como Amaral, de 41 anos. O crime aconteceu no bairro Calif\u00f3rnia, em Itabuna. A v\u00edtima foi assassinada [&hellip;]<\/p>\n","protected":false},"author":2,"featured_media":0,"comment_status":"open","ping_status":"open","sticky":false,"template":"","format":"standard","meta":{"_links_to":"","_links_to_target":""},"categories":[7,9,8,1,5],"tags":[],"_links":{"self":[{"href":"https:\/\/www.ilheusnoticias.net.br\/v1\/wp-json\/wp\/v2\/posts\/11919"}],"collection":[{"href":"https:\/\/www.ilheusnoticias.net.br\/v1\/wp-json\/wp\/v2\/posts"}],"about":[{"href":"https:\/\/www.ilheusnoticias.net.br\/v1\/wp-json\/wp\/v2\/types\/post"}],"author":[{"embeddable":true,"href":"https:\/\/www.ilheusnoticias.net.br\/v1\/wp-json\/wp\/v2\/users\/2"}],"replies":[{"embeddable":true,"href":"https:\/\/www.ilheusnoticias.net.br\/v1\/wp-json\/wp\/v2\/comments?post=11919"}],"version-history":[{"count":1,"href":"https:\/\/www.ilheusnoticias.net.br\/v1\/wp-json\/wp\/v2\/posts\/11919\/revisions"}],"predecessor-version":[{"id":11920,"href":"https:\/\/www.ilheusnoticias.net.br\/v1\/wp-json\/wp\/v2\/posts\/11919\/revisions\/11920"}],"wp:attachment":[{"href":"https:\/\/www.ilheusnoticias.net.br\/v1\/wp-json\/wp\/v2\/media?parent=11919"}],"wp:term":[{"taxonomy":"category","embeddable":true,"href":"https:\/\/www.ilheusnoticias.net.br\/v1\/wp-json\/wp\/v2\/categories?post=11919"},{"taxonomy":"post_tag","embeddable":true,"href":"https:\/\/www.ilheusnoticias.net.br\/v1\/wp-json\/wp\/v2\/tags?post=11919"}],"curies":[{"name":"wp","href":"https:\/\/api.w.org\/{rel}","templated":true}]}}