{"id":11917,"date":"2018-01-17T08:45:25","date_gmt":"2018-01-17T11:45:25","guid":{"rendered":"http:\/\/www.ilheusnoticias.net.br\/v1\/?p=11917"},"modified":"2018-01-17T08:45:25","modified_gmt":"2018-01-17T11:45:25","slug":"comerciante-e-assassinado-em-ibicui","status":"publish","type":"post","link":"https:\/\/www.ilheusnoticias.net.br\/v1\/2018\/01\/17\/comerciante-e-assassinado-em-ibicui\/","title":{"rendered":"Comerciante \u00e9 assassinado em Ibicu\u00ed"},"content":{"rendered":"<h3 class=\"post-title entry-title\">\u00a0<a href=\"https:\/\/4.bp.blogspot.com\/-uEOXeA6QeSs\/Wl8fTFo9CpI\/AAAAAAAAPKE\/u2RObvxSlTkLickKpgfsQOb_emyuDQzBQCLcBGAs\/s1600\/IMG-20180117-WA0000.jpg\"><img loading=\"lazy\" src=\"https:\/\/4.bp.blogspot.com\/-uEOXeA6QeSs\/Wl8fTFo9CpI\/AAAAAAAAPKE\/u2RObvxSlTkLickKpgfsQOb_emyuDQzBQCLcBGAs\/s640\/IMG-20180117-WA0000.jpg\" alt=\"\" width=\"394\" height=\"640\" border=\"0\" data-original-height=\"450\" data-original-width=\"278\" \/><\/a><\/h3>\n<div id=\"post-body-8414024587404981670\" class=\"post-body entry-content\">\n<div>O jovem comerciante conhecido como Dailton (Careca do Pastel) foi covardemente assassinado na manh\u00e3 dessa ter\u00e7a-feira (16), no Parque Infantil \u201cMundo Encantado das Crian\u00e7as\u201d na cidade de Ibicu\u00ed.<\/div>\n<div><\/div>\n<div>Segundo testemunhas, ele estava limpando o seu estabelecimento, quando dois elementos armados atiraram nele pelas costas. Foram deflagrados 5 tiros, sendo que tr\u00eas acertaram a v\u00edtima.<\/div>\n<\/div>\n<div><\/div>\n<p><!--more--><\/p>\n<div id=\"post-body-8414024587404981670\" class=\"post-body entry-content\">\n<div><\/div>\n<div>Careca foi socorrido e levado para o hospital em Ibicu\u00ed, onde foram prestados os primeiros socorros e em seguida foi encaminhado para o Hospital de Base em Itabuna, mas n\u00e3o resistiu aos ferimentos e foi a \u00f3bito na sala de cirurgia.<\/div>\n<div><\/div>\n<div>A motiva\u00e7\u00e3o do crime e autoria at\u00e9 o momento s\u00e3o desconhecidas. A pol\u00edcia est\u00e1 investigando o caso.<\/div>\n<div><\/div>\n<div>Careca era muito querido na cidade. Nas redes sociais parentes e amigos lamentaram a morte do rapaz.<\/div>\n<\/div>\n","protected":false},"excerpt":{"rendered":"<p>\u00a0 O jovem comerciante conhecido como Dailton (Careca do Pastel) foi covardemente assassinado na manh\u00e3 dessa ter\u00e7a-feira (16), no Parque Infantil \u201cMundo Encantado das Crian\u00e7as\u201d na cidade de Ibicu\u00ed. Segundo testemunhas, ele estava limpando o seu estabelecimento, quando dois elementos armados atiraram nele pelas costas. Foram deflagrados 5 tiros, sendo que tr\u00eas acertaram a v\u00edtima.<\/p>\n","protected":false},"author":2,"featured_media":0,"comment_status":"open","ping_status":"open","sticky":false,"template":"","format":"standard","meta":{"_links_to":"","_links_to_target":""},"categories":[7,9,8,1,5],"tags":[],"_links":{"self":[{"href":"https:\/\/www.ilheusnoticias.net.br\/v1\/wp-json\/wp\/v2\/posts\/11917"}],"collection":[{"href":"https:\/\/www.ilheusnoticias.net.br\/v1\/wp-json\/wp\/v2\/posts"}],"about":[{"href":"https:\/\/www.ilheusnoticias.net.br\/v1\/wp-json\/wp\/v2\/types\/post"}],"author":[{"embeddable":true,"href":"https:\/\/www.ilheusnoticias.net.br\/v1\/wp-json\/wp\/v2\/users\/2"}],"replies":[{"embeddable":true,"href":"https:\/\/www.ilheusnoticias.net.br\/v1\/wp-json\/wp\/v2\/comments?post=11917"}],"version-history":[{"count":1,"href":"https:\/\/www.ilheusnoticias.net.br\/v1\/wp-json\/wp\/v2\/posts\/11917\/revisions"}],"predecessor-version":[{"id":11918,"href":"https:\/\/www.ilheusnoticias.net.br\/v1\/wp-json\/wp\/v2\/posts\/11917\/revisions\/11918"}],"wp:attachment":[{"href":"https:\/\/www.ilheusnoticias.net.br\/v1\/wp-json\/wp\/v2\/media?parent=11917"}],"wp:term":[{"taxonomy":"category","embeddable":true,"href":"https:\/\/www.ilheusnoticias.net.br\/v1\/wp-json\/wp\/v2\/categories?post=11917"},{"taxonomy":"post_tag","embeddable":true,"href":"https:\/\/www.ilheusnoticias.net.br\/v1\/wp-json\/wp\/v2\/tags?post=11917"}],"curies":[{"name":"wp","href":"https:\/\/api.w.org\/{rel}","templated":true}]}}