{"id":11864,"date":"2018-01-15T15:36:55","date_gmt":"2018-01-15T18:36:55","guid":{"rendered":"http:\/\/www.ilheusnoticias.net.br\/v1\/?p=11864"},"modified":"2018-01-15T15:36:55","modified_gmt":"2018-01-15T18:36:55","slug":"ex-prefeito-de-itabuna-geraldo-simoes-tem-nome-cotado-para-assumir-sdr","status":"publish","type":"post","link":"https:\/\/www.ilheusnoticias.net.br\/v1\/2018\/01\/15\/ex-prefeito-de-itabuna-geraldo-simoes-tem-nome-cotado-para-assumir-sdr\/","title":{"rendered":"Ex-prefeito de Itabuna, Geraldo Sim\u00f5es tem nome cotado para assumir SDR"},"content":{"rendered":"<div class=\"title-noticia\">\n<h2>\u00a0<img loading=\"lazy\" class=\"animated fadeIn\" title=\"Ex-prefeito de Itabuna tem nome cotado para assumir SDR\" src=\"https:\/\/www.bocaonews.com.br\/fotos\/bocao_noticias\/195817\/IMAGEM_NOTICIA_0.jpg\" alt=\"[Ex-prefeito de Itabuna tem nome cotado para assumir SDR]\" width=\"334\" height=\"188\" data-load-image=\"\/fotos\/bocao_noticias\/195817\/IMAGEM_NOTICIA_0.jpg\" \/><\/h2>\n<\/div>\n<div class=\"col-esq\">\n<div class=\"noticia-interna\">\n<article>\n<div class=\"desc\"><span class=\"data\"><i class=\"fa fa-clock-o fa-fw\"><\/i>15 de Janeiro de 2018 \u00e0s 12:36<\/span><span class=\"fotografo\"><i class=\"fa fa-camera fa-fw\"><\/i>\u00a0Por:\u00a0<b>Vagner Souza\/BNews<\/b><\/span><span class=\"fotografo\"><i class=\"fa fa-user fa-fw\"><\/i>\u00a0Por:\u00a0<b>Aparecido Silva<\/b><\/span><\/p>\n<div class=\"desc-noticia\">\n<p>O secret\u00e1rio de Desenvolvimento Rural (SDR) da Bahia, Jer\u00f4nimo Rodrigues, \u00e9 um nome cotado no PT para disputar uma cadeira na Assembleia Legislativa da Bahia. Sua vaga na pasta est\u00e1 encaminhada para ficar com o ex-prefeito de Itabuna, Geraldo Sim\u00f5es.<\/p>\n<p>Sim\u00f5es estava articulando sua candidatura tamb\u00e9m para deputado estadual, mas teria recuado por conta do atrito que ocorreria ao disputar uma base eleitoral j\u00e1 consolidada em torno do deputado Rosemberg Pinto na regi\u00e3o sul da Bahia.<\/p>\n<p>De acordo com uma fonte do\u00a0<strong>BNews<\/strong>, Sim\u00f5es, Pinto, Jaques Wagner e Josias Gomes, dois articuladores do governador Rui Costa, se reuniram recentemente para tratarem da mudan\u00e7a.<\/p>\n<\/div>\n<\/div>\n<\/article>\n<\/div>\n<\/div>\n","protected":false},"excerpt":{"rendered":"<p>\u00a0 15 de Janeiro de 2018 \u00e0s 12:36\u00a0Por:\u00a0Vagner Souza\/BNews\u00a0Por:\u00a0Aparecido Silva O secret\u00e1rio de Desenvolvimento Rural (SDR) da Bahia, Jer\u00f4nimo Rodrigues, \u00e9 um nome cotado no PT para disputar uma cadeira na Assembleia Legislativa da Bahia. Sua vaga na pasta est\u00e1 encaminhada para ficar com o ex-prefeito de Itabuna, Geraldo Sim\u00f5es. Sim\u00f5es estava articulando sua candidatura [&hellip;]<\/p>\n","protected":false},"author":2,"featured_media":0,"comment_status":"open","ping_status":"open","sticky":false,"template":"","format":"standard","meta":{"_links_to":"","_links_to_target":""},"categories":[7,9,8,1],"tags":[],"_links":{"self":[{"href":"https:\/\/www.ilheusnoticias.net.br\/v1\/wp-json\/wp\/v2\/posts\/11864"}],"collection":[{"href":"https:\/\/www.ilheusnoticias.net.br\/v1\/wp-json\/wp\/v2\/posts"}],"about":[{"href":"https:\/\/www.ilheusnoticias.net.br\/v1\/wp-json\/wp\/v2\/types\/post"}],"author":[{"embeddable":true,"href":"https:\/\/www.ilheusnoticias.net.br\/v1\/wp-json\/wp\/v2\/users\/2"}],"replies":[{"embeddable":true,"href":"https:\/\/www.ilheusnoticias.net.br\/v1\/wp-json\/wp\/v2\/comments?post=11864"}],"version-history":[{"count":1,"href":"https:\/\/www.ilheusnoticias.net.br\/v1\/wp-json\/wp\/v2\/posts\/11864\/revisions"}],"predecessor-version":[{"id":11865,"href":"https:\/\/www.ilheusnoticias.net.br\/v1\/wp-json\/wp\/v2\/posts\/11864\/revisions\/11865"}],"wp:attachment":[{"href":"https:\/\/www.ilheusnoticias.net.br\/v1\/wp-json\/wp\/v2\/media?parent=11864"}],"wp:term":[{"taxonomy":"category","embeddable":true,"href":"https:\/\/www.ilheusnoticias.net.br\/v1\/wp-json\/wp\/v2\/categories?post=11864"},{"taxonomy":"post_tag","embeddable":true,"href":"https:\/\/www.ilheusnoticias.net.br\/v1\/wp-json\/wp\/v2\/tags?post=11864"}],"curies":[{"name":"wp","href":"https:\/\/api.w.org\/{rel}","templated":true}]}}